{"id":272,"date":"2006-06-18T10:59:15","date_gmt":"2006-06-18T08:59:15","guid":{"rendered":"https:\/\/kulturista.se\/test\/2020\/08\/18\/north-meets-south-aven-pa-svensk-slojd\/"},"modified":"2025-12-03T14:11:06","modified_gmt":"2025-12-03T13:11:06","slug":"north-meets-south-aven-pa-svensk-slojd","status":"publish","type":"post","link":"https:\/\/kulturista.se\/test\/north-meets-south-aven-pa-svensk-slojd\/","title":{"rendered":"North Meets South &#8211; \u00e4ven p\u00e5 Svensk Sl\u00f6jd"},"content":{"rendered":"<p>Nordisk design m\u00f6ter afrikanskt hantverk i Li Edelkoorts utst\u00e4llning <a title=\"http:\/\/www.nordiskamuseet.se\/Publication.asp?publicationid=7126&amp;cat=148&amp;catName=Alla+aktuella+utst%E4llningar\" href=\"https:\/\/www.nordiskamuseet.se\/samlingar\/om-samlingarna\/biblioteket\/utstallningsbibliografier\/north-meets-south\" target=\"_blank\" rel=\"noopener noreferrer\">North Meets South<\/a> som visas p\u00e5 <a title=\"http:\/\/www.nordiskamuseet.se\/\" href=\"http:\/\/www.nordiskamuseet.se\/\" target=\"_blank\" rel=\"noopener noreferrer\">Nordiska Museet <\/a>i sommar.<br \/>\nLi Edelkoort som \u00e4r en av v\u00e4rldens mest inflytelserika trendanalytiker har\u00a0 producerat en utst\u00e4llning om formens urform. Utst\u00e4llningen visar hantverk och design fr\u00e5n Skandinavien och Afrika och belyser de estetiska l\u00e4nkar som finns mellan kulturerna. Jag har inte hunnit se utst\u00e4llningen \u00e4nnu, men blev\u00a0 otroligt sugen efter att ha bes\u00f6kt butiken Svensk Sl\u00f6jd, vars sortiment under sommaren bygger p\u00e5 denna utst\u00e4llning.<\/p>\n<p style=\"text-align: center;\"><img decoding=\"async\" class=\"image aligncenter\" src=\"https:\/\/cdn3.cdnme.se\/cdn\/8-2\/56157\/images\/2006\/svensksl_jd_kopia__1150600032_2031108.jpg\" alt=\"svensksl\u00f6jd\" border=\"0\" \/><br \/>\n<em>Foto: Flitiga Myran &amp; Svensk Sl\u00f6jd<\/em><\/p>\n<p>Butiken\u00a0 blir under perioden 17 maj till 6 augusti en tillf\u00e4llig satellitbutik. I ett n\u00e4ra samarbete med Li Edelkoort har produkter ur Svensk Sl\u00f6jds sortiment\u00a0 f\u00e5tt s\u00e4llskap av afrikansk sl\u00f6jd. H\u00e4r finns skulpturer, sk\u00e5lar och sk\u00e4rbr\u00e4dor fr\u00e5n Nigeria, Kamerun, Marocko f\u00f6r att n\u00e4mna n\u00e5gra.<\/p>\n<p>Jag bes\u00f6kte butiken ig\u00e5r f\u00f6r att leverera en Fr\u00e4lsisb\u00e4nk och blev faktiskt lite \u00f6verrumplad\u00a0 \u00f6ver den h\u00e4rliga mix som Li Edelkoort\u00a0 har plockat ihop. Silverkorsen blev mina favoriter.<br \/>\nProdukterna finns endast till f\u00f6rs\u00e4ljning p\u00e5\u00a0 Svensk Sl\u00f6jd.<\/p>\n<p>&nbsp;<\/p>\n","protected":false},"excerpt":{"rendered":"<p>Nordisk design m\u00f6ter afrikanskt hantverk i Li Edelkoorts utst\u00e4llning North Meets South som visas p\u00e5 Nordiska Museet i sommar. Li Edelkoort som \u00e4r en av v\u00e4rldens mest inflytelserika trendanalytiker har\u00a0 producerat en utst\u00e4llning om formens urform. Utst\u00e4llningen visar hantverk och design fr\u00e5n Skandinavien och Afrika och belyser de estetiska l\u00e4nkar som finns mellan kulturerna. Jag [&hellip;]<\/p>\n","protected":false},"author":1,"featured_media":0,"comment_status":"open","ping_status":"open","sticky":false,"template":"","format":"standard","meta":{"_acf_changed":false,"_et_pb_use_builder":"","_et_pb_old_content":"","_et_gb_content_width":"","_jetpack_newsletter_access":"","_jetpack_dont_email_post_to_subs":false,"_jetpack_newsletter_tier_id":0,"_jetpack_memberships_contains_paywalled_content":false,"_jetpack_feature_clip_id":0,"_jetpack_memberships_contains_paid_content":false,"footnotes":"","jetpack_post_was_ever_published":false},"categories":[34],"tags":[],"class_list":["post-272","post","type-post","status-publish","format-standard","hentry","category-konst-hantverk-design"],"acf":[],"jetpack_sharing_enabled":true,"jetpack_featured_media_url":"","_links":{"self":[{"href":"https:\/\/kulturista.se\/test\/wp-json\/wp\/v2\/posts\/272","targetHints":{"allow":["GET"]}}],"collection":[{"href":"https:\/\/kulturista.se\/test\/wp-json\/wp\/v2\/posts"}],"about":[{"href":"https:\/\/kulturista.se\/test\/wp-json\/wp\/v2\/types\/post"}],"author":[{"embeddable":true,"href":"https:\/\/kulturista.se\/test\/wp-json\/wp\/v2\/users\/1"}],"replies":[{"embeddable":true,"href":"https:\/\/kulturista.se\/test\/wp-json\/wp\/v2\/comments?post=272"}],"version-history":[{"count":5,"href":"https:\/\/kulturista.se\/test\/wp-json\/wp\/v2\/posts\/272\/revisions"}],"predecessor-version":[{"id":1016,"href":"https:\/\/kulturista.se\/test\/wp-json\/wp\/v2\/posts\/272\/revisions\/1016"}],"wp:attachment":[{"href":"https:\/\/kulturista.se\/test\/wp-json\/wp\/v2\/media?parent=272"}],"wp:term":[{"taxonomy":"category","embeddable":true,"href":"https:\/\/kulturista.se\/test\/wp-json\/wp\/v2\/categories?post=272"},{"taxonomy":"post_tag","embeddable":true,"href":"https:\/\/kulturista.se\/test\/wp-json\/wp\/v2\/tags?post=272"}],"curies":[{"name":"wp","href":"https:\/\/api.w.org\/{rel}","templated":true}]}}