{"id":213517,"date":"2026-08-17T12:02:47","date_gmt":"2026-08-17T10:02:47","guid":{"rendered":"https:\/\/www.kulturista.se\/?p=212717"},"modified":"2026-08-23T01:36:42","modified_gmt":"2026-08-22T23:36:42","slug":"varstavi-ett-hem-byggt-pa-en-ide","status":"publish","type":"post","link":"https:\/\/kulturista.se\/test\/varstavi-ett-hem-byggt-pa-en-ide\/","title":{"rendered":"V\u00e5rstavi \u2013 ett hem byggt p\u00e5 en id\u00e9"},"content":{"rendered":"<p>P\u00e5 en udde vid Malmsj\u00f6n i Gr\u00f6dinge ligger V\u00e5rstavi, hemmet som l\u00e4karen och psykoterapeuten Poul Bjerre skapade tillsammans med sin hustru Gunhild i b\u00f6rjan av 1900-talet.<\/p>\n<p>H\u00e4r finns inte bara huset med sin bevarade inredning och konstsamling, utan ocks\u00e5 en park med skulpturer, pergola och promenadv\u00e4gar ner mot sj\u00f6n.<\/p>\n<p>Det som sl\u00e5r mig under bes\u00f6ket \u00e4r hur sv\u00e5rt det \u00e4r att skilja huset fr\u00e5n platsen omkring. Tr\u00e4dg\u00e5rden, parken, konsten och utsikten \u00f6ver Malmsj\u00f6n k\u00e4nns som delar av samma tanke.<\/p>\n<p>Mycket av de odlingar och terrasseringar som en g\u00e5ng fanns har med \u00e5ren tagits tillbaka av naturen. Men strukturerna finns fortfarande kvar och det \u00e4r l\u00e4tt att f\u00f6rst\u00e5 varf\u00f6r Poul och Gunhild Bjerre valde just den h\u00e4r platsen f\u00f6r sitt hem.<\/p>\n<h2><img loading=\"lazy\" decoding=\"async\" class=\"aligncenter size-full wp-image-212738\" src=\"https:\/\/kulturista.se\/test\/wp-content\/uploads\/2026\/08\/1-2.png\" alt=\"\" width=\"1334\" height=\"885\" \/><\/h2>\n<h2>ETT HEM F\u00d6R V\u00c4LM\u00c5ENDE<\/h2>\n<p>Poul Bjerre var l\u00e4kare och psykoterapeut och intresserade sig f\u00f6r hur milj\u00f6n omkring oss p\u00e5verkar hur vi m\u00e5r. Sk\u00f6nhet, natur, ljus och konst var inte bara utsmyckning. De h\u00f6rde ihop med livet och v\u00e4lm\u00e5endet.<\/p>\n<p>H\u00e4r finns en intressant parallell till f\u00f6rfattaren och pedagogen Ellen Key, som h\u00f6rde till paret Bjerres v\u00e4nkrets. \u00c4ven f\u00f6r henne var sk\u00f6nheten i vardagen betydelsefull, n\u00e5got som m\u00e4rks tydligt i hennes eget hem Strand vid V\u00e4ttern.<\/p>\n<p>Poul och Gunhild bes\u00f6kte Ellen Key p\u00e5 Strand och n\u00e4r jag g\u00e5r runt p\u00e5 V\u00e5rstavi \u00e4r det sv\u00e5rt att inte t\u00e4nka p\u00e5 likheterna mellan de b\u00e5da platserna.<\/p>\n<p>Portalen vid pergolan till exempel. Den \u00e4r sl\u00e5ende lik portalen vid Ellen Keys Strand. Om Poul faktiskt inspirerades av just den vet jag inte, men likheten \u00e4r sv\u00e5r att missa.<\/p>\n<p>\u00c4ven i huset \u00e4r kontakten med naturen tydlig. Det stora solrummet vetter mot s\u00f6der, tr\u00e4dg\u00e5rden och sj\u00f6n. H\u00e4r flyter inne och ute n\u00e4stan ihop.<\/p>\n<p><img loading=\"lazy\" decoding=\"async\" class=\"aligncenter size-full wp-image-212742\" src=\"https:\/\/kulturista.se\/test\/wp-content\/uploads\/2026\/08\/4-2.png\" alt=\"\" width=\"1334\" height=\"885\" srcset=\"https:\/\/kulturista.se\/test\/wp-content\/uploads\/2026\/08\/4-2.png 1334w, https:\/\/kulturista.se\/test\/wp-content\/uploads\/2026\/08\/4-2-1280x849.png 1280w, https:\/\/kulturista.se\/test\/wp-content\/uploads\/2026\/08\/4-2-980x650.png 980w, https:\/\/kulturista.se\/test\/wp-content\/uploads\/2026\/08\/4-2-480x318.png 480w\" sizes=\"(min-width: 0px) and (max-width: 480px) 480px, (min-width: 481px) and (max-width: 980px) 980px, (min-width: 981px) and (max-width: 1280px) 1280px, (min-width: 1281px) 1334px, 100vw\" \/><\/p>\n<h2>TV\u00c5 HUS F\u00d6R OLIKA BEHOV<\/h2>\n<p>Det m\u00e4rks kanske allra tydligast i hur V\u00e5rstavi \u00e4r byggt. Gunhild som var sjuklig och beh\u00f6vde ljus, lugn och vila. Poul trivdes b\u00e4ttre i m\u00f6rkare och mer robusta milj\u00f6er. L\u00f6sningen blev ovanlig.<\/p>\n<p>V\u00e5rstavi best\u00e5r egentligen av tv\u00e5 hus som m\u00f6ts i vinkel: det tysta huset och det bullriga huset. I det bullriga huset fanns k\u00f6k, hush\u00e5llsarbete och s\u00e5dant som fick l\u00e5ta. Det tysta huset var till f\u00f6r familjeliv, vila och \u00e5terh\u00e4mtning.<\/p>\n<p>Skillnaden k\u00e4nns fortfarande n\u00e4r man g\u00e5r genom rummen. Gunhilds del \u00e4r ljus och luftig, medan Pouls rum har m\u00f6rka snickerier, tyngre m\u00f6bler och en helt annan karakt\u00e4r.<\/p>\n<p><img loading=\"lazy\" decoding=\"async\" class=\"aligncenter size-full wp-image-212743\" src=\"https:\/\/kulturista.se\/test\/wp-content\/uploads\/2026\/08\/3-3.png\" alt=\"\" width=\"1334\" height=\"885\" \/><\/p>\n<p><img loading=\"lazy\" decoding=\"async\" class=\"aligncenter size-full wp-image-212744\" src=\"https:\/\/kulturista.se\/test\/wp-content\/uploads\/2026\/08\/5-1.png\" alt=\"\" width=\"1334\" height=\"885\" srcset=\"https:\/\/kulturista.se\/test\/wp-content\/uploads\/2026\/08\/5-1.png 1334w, https:\/\/kulturista.se\/test\/wp-content\/uploads\/2026\/08\/5-1-1280x849.png 1280w, https:\/\/kulturista.se\/test\/wp-content\/uploads\/2026\/08\/5-1-980x650.png 980w, https:\/\/kulturista.se\/test\/wp-content\/uploads\/2026\/08\/5-1-480x318.png 480w\" sizes=\"(min-width: 0px) and (max-width: 480px) 480px, (min-width: 481px) and (max-width: 980px) 980px, (min-width: 981px) and (max-width: 1280px) 1280px, (min-width: 1281px) 1334px, 100vw\" \/><\/p>\n<h2>TR\u00c4DG\u00c5RDEN SOM EN DEL AV HEMMET<\/h2>\n<p>Samma tanke fortsatte utanf\u00f6r husets v\u00e4ggar.Tr\u00e4dg\u00e5rden och parken ner mot Malmsj\u00f6n var en viktig del av livet p\u00e5 V\u00e5rstavi. H\u00e4r fanns odlingar, terrasseringar och promenadv\u00e4gar. Konsten flyttade ocks\u00e5 ut i gr\u00f6nskan.<\/p>\n<p>En av mina favoritplatser \u00e4r pergolan med utsikt \u00f6ver Malmsj\u00f6n. H\u00e4r ligger i dag kaf\u00e9et, och det \u00e4r en fin plats att sl\u00e5 sig ner efter visningen.<\/p>\n<p>Forts\u00e4tter man genom parken kommer man ut p\u00e5 Poul Bjerres udde. D\u00e4r st\u00e5r bland annat hans egen skulptur <em>Livsb\u00e4garen<\/em> och Carl Milles <em>L\u00e4karen och patienten<\/em>.<\/p>\n<p><img loading=\"lazy\" decoding=\"async\" class=\"aligncenter size-full wp-image-212737\" src=\"https:\/\/kulturista.se\/test\/wp-content\/uploads\/2026\/08\/6.png\" alt=\"\" width=\"1334\" height=\"885\" \/><\/p>\n<h2>EN REN\u00c4SSANSM\u00c4NNISKA?<\/h2>\n<p>Bjerre var en efterfr\u00e5gad l\u00e4kare och psykoterapeut med praktik i Stockholm. Samtidigt skrev han b\u00f6cker, m\u00e5lade, skulpterade och \u00e4gnade sig \u00e5t V\u00e5rstav\u00eds hus och tr\u00e4dg\u00e5rd.<\/p>\n<p>Konsten verkar inte ha varit n\u00e5got litet fritidsintresse vid sidan av. Den var en del av hans liv och av milj\u00f6n han skapade h\u00e4r.<\/p>\n<p>Han var ocks\u00e5 god v\u00e4n med Carl Milles, som han hade l\u00e4rt k\u00e4nna i Paris. Milles skapade 1903 en skulptur f\u00f6rest\u00e4llande Poul och hans d\u00e5 blivande hustru Gunhild. Den kallas i dag <em>L\u00e4karen och patienten<\/em>.<\/p>\n<p>Gunhild l\u00e4r d\u00e4remot inte ha varit s\u00e4rskilt f\u00f6rtjust i hur Milles hade avbildat henne. S\u00e5 l\u00e4nge hon levde fick skulpturen d\u00e4rf\u00f6r st\u00e5 i k\u00e4llaren.<\/p>\n<p>I dag har den f\u00e5tt en betydligt mer framtr\u00e4dande placering l\u00e4ngst ute p\u00e5 udden med utsikt \u00f6ver Malmsj\u00f6n.<\/p>\n<p><img loading=\"lazy\" decoding=\"async\" class=\"aligncenter size-full wp-image-212731\" src=\"https:\/\/kulturista.se\/test\/wp-content\/uploads\/2026\/08\/7.png\" alt=\"\" width=\"1334\" height=\"885\" \/><\/p>\n<h2>KONSTEN OCH V\u00c4NNERNA<\/h2>\n<p>Poul och Gunhild Bjerre levde l\u00e5ngt ifr\u00e5n isolerat p\u00e5 sin udde. Kring V\u00e5rstavi fanns ett n\u00e4tverk av konstn\u00e4rer, f\u00f6rfattare och andra kulturpersonligheter. Ellen Key, Carl Milles, prins Eugen och Anna Lindhagen h\u00f6rde till kretsen.<\/p>\n<p>Relationerna syns ocks\u00e5 i konsten i huset. \u00d6ver hundra erk\u00e4nda konstn\u00e4rer finns representerade i V\u00e5rstav\u00eds konstsamling. Poul Bjerre ska sj\u00e4lv bara ha k\u00f6pt en enda tavla. Resten kom genom arv, g\u00e5vor och i vissa fall som ers\u00e4ttning fr\u00e5n patienter.<\/p>\n<p>En av de mest osannolika historierna handlar om Vassilij Kandinsky.N\u00e4r Kandinsky bes\u00f6kte Sverige 1916 kom han i kontakt med Poul Bjerre och gav honom en akvarell. Den blev sedan\u00a0 liggande i en byr\u00e5l\u00e5da p\u00e5 V\u00e5rstavi. 2005 s\u00e5ldes den p\u00e5 Sotheby&#8217;s i London f\u00f6r drygt fem miljoner kronor.<\/p>\n<p>\u00c4ven prins Eugen finns representerad genom <em>Popplarna p\u00e5 Sundbyholm<\/em>, en stor pastellm\u00e5lning som han gav Gunhild som uppskattning f\u00f6r hennes s\u00e5ngkonst.<\/p>\n<p>Till kretsen h\u00f6rde ocks\u00e5 Anna Lindhagen, stockholmspolitikern som blev en drivande kraft bakom kolonitr\u00e4dg\u00e5rdsr\u00f6relsen i Stockholm. \u00c4n en g\u00e5ng dyker allts\u00e5 naturen, odlandet och tanken p\u00e5 den goda livsmilj\u00f6n upp.<\/p>\n<p>Gunhilds dotter fr\u00e5n ett tidigare \u00e4ktenskap var dessutom f\u00f6rfattaren Amelie Posse. Hon vistades mycket p\u00e5 V\u00e5rstavi och hade Lillstugan intill huvudbyggnaden som sin egen plats.<\/p>\n<p>I dag \u00e4gs V\u00e5rstavi av Botkyrka kommun, som har tagit \u00f6ver platsen f\u00f6r att bevara den och g\u00f6ra den mer tillg\u00e4nglig f\u00f6r allm\u00e4nheten. Flera akt\u00f6rer \u00e4r engagerade i verksamheten, och Poul Bjerre S\u00e4llskapet ansvarar bland annat f\u00f6r de guidade visningarna av paret Bjerres hem.<\/p>\n<p><img loading=\"lazy\" decoding=\"async\" class=\"aligncenter size-full wp-image-212733\" src=\"https:\/\/kulturista.se\/test\/wp-content\/uploads\/2026\/08\/2-1.png\" alt=\"\" width=\"1334\" height=\"885\" \/><\/p>\n<h2>V\u00c4RT RESAN TILL GR\u00d6DINGE<\/h2>\n<p>V\u00e5rstavi ligger en bit fr\u00e5n stan, men jag tycker absolut att det \u00e4r v\u00e4rt m\u00f6dan att ta sig ut till Gr\u00f6dinge. Inte bara f\u00f6r huset, utan f\u00f6r hela milj\u00f6n vid Malmsj\u00f6n.<\/p>\n<p>F\u00f6r att uppleva huset och de bevarade interi\u00f6rerna bokar du en guidad visning. De arrangeras vid s\u00e4rskilda datum och bokas via V\u00e5rstav\u00eds kalendarium. Det \u00e4r ocks\u00e5 under visningarna som huset \u00e4r \u00f6ppet f\u00f6r bes\u00f6kare.<\/p>\n<p>Avs\u00e4tt g\u00e4rna lite extra tid f\u00f6re eller efter visningen f\u00f6r att promenera genom parken och g\u00e5 ut p\u00e5 udden. Vid pergolan ligger ocks\u00e5 kaf\u00e9et, med utsikt ner mot Malmsj\u00f6n. H\u00e4r serveras kaffe och fikabr\u00f6d samt sallader f\u00f6r den som vill kombinera bes\u00f6ket med lunch. <strong>Kaf\u00e9et har \u00f6ppet till och med den 30 augusti och st\u00e4nger d\u00e4refter f\u00f6r s\u00e4songen.<\/strong><\/p>\n<p>Det \u00e4r just kombinationen av huset, konsten, tr\u00e4dg\u00e5rden och l\u00e4get vid sj\u00f6n som g\u00f6r V\u00e5rstavi till ett utflyktsm\u00e5l. Och v\u00e4l p\u00e5 plats tycker jag att man ska ge det lite tid.<\/p>\n<p style=\"text-align: center;\">\n","protected":false},"excerpt":{"rendered":"<p>P\u00e5 en udde vid Malmsj\u00f6n i Gr\u00f6dinge ligger V\u00e5rstavi, hemmet som l\u00e4karen och psykoterapeuten Poul Bjerre skapade tillsammans med sin hustru Gunhild i b\u00f6rjan av 1900-talet. H\u00e4r finns inte bara huset med sin bevarade inredning och konstsamling, utan ocks\u00e5 en park med skulpturer, pergola och promenadv\u00e4gar ner mot sj\u00f6n. Det som sl\u00e5r mig under bes\u00f6ket [&hellip;]<\/p>\n","protected":false},"author":1,"featured_media":0,"comment_status":"open","ping_status":"open","sticky":false,"template":"","format":"standard","meta":{"_acf_changed":false,"_et_pb_use_builder":"","_et_pb_old_content":"","_et_gb_content_width":"","_jetpack_newsletter_access":"","_jetpack_dont_email_post_to_subs":false,"_jetpack_newsletter_tier_id":0,"_jetpack_memberships_contains_paywalled_content":false,"_jetpack_feature_clip_id":0,"_jetpack_memberships_contains_paid_content":false,"footnotes":"","jetpack_post_was_ever_published":false},"categories":[36],"tags":[],"class_list":["post-213517","post","type-post","status-publish","format-standard","hentry","category-utflyktsmal"],"acf":[],"jetpack_sharing_enabled":true,"jetpack_featured_media_url":"","_links":{"self":[{"href":"https:\/\/kulturista.se\/test\/wp-json\/wp\/v2\/posts\/213517","targetHints":{"allow":["GET"]}}],"collection":[{"href":"https:\/\/kulturista.se\/test\/wp-json\/wp\/v2\/posts"}],"about":[{"href":"https:\/\/kulturista.se\/test\/wp-json\/wp\/v2\/types\/post"}],"author":[{"embeddable":true,"href":"https:\/\/kulturista.se\/test\/wp-json\/wp\/v2\/users\/1"}],"replies":[{"embeddable":true,"href":"https:\/\/kulturista.se\/test\/wp-json\/wp\/v2\/comments?post=213517"}],"version-history":[{"count":3,"href":"https:\/\/kulturista.se\/test\/wp-json\/wp\/v2\/posts\/213517\/revisions"}],"predecessor-version":[{"id":213725,"href":"https:\/\/kulturista.se\/test\/wp-json\/wp\/v2\/posts\/213517\/revisions\/213725"}],"wp:attachment":[{"href":"https:\/\/kulturista.se\/test\/wp-json\/wp\/v2\/media?parent=213517"}],"wp:term":[{"taxonomy":"category","embeddable":true,"href":"https:\/\/kulturista.se\/test\/wp-json\/wp\/v2\/categories?post=213517"},{"taxonomy":"post_tag","embeddable":true,"href":"https:\/\/kulturista.se\/test\/wp-json\/wp\/v2\/tags?post=213517"}],"curies":[{"name":"wp","href":"https:\/\/api.w.org\/{rel}","templated":true}]}}