{"id":213509,"date":"2026-08-06T20:12:41","date_gmt":"2026-08-06T18:12:41","guid":{"rendered":"https:\/\/www.kulturista.se\/?p=212703"},"modified":"2026-08-23T20:36:10","modified_gmt":"2026-08-23T18:36:10","slug":"torekallberget-i-sodertalje-2","status":"publish","type":"post","link":"https:\/\/kulturista.se\/test\/torekallberget-i-sodertalje-2\/","title":{"rendered":"Torek\u00e4llberget i S\u00f6dert\u00e4lje"},"content":{"rendered":"<p>[et_pb_section admin_label=&#8221;section&#8221;]<br \/>\n\t\t\t[et_pb_row admin_label=&#8221;row&#8221;]<br \/>\n\t\t\t\t[et_pb_column type=&#8221;4_4&#8243;][et_pb_text admin_label=&#8221;Text&#8221;]M\u00e5nga j\u00e4mf\u00f6r Torek\u00e4llberget med Skansen, och visst finns det likheter. \u00c4ven h\u00e4r har \u00e4ldre byggnader flyttats till en gemensam milj\u00f6 f\u00f6r att bevara och levandeg\u00f6ra kulturhistorien. Skillnaden \u00e4r att Torek\u00e4llberget \u00e4r betydligt mindre, vilket g\u00f6r det l\u00e4tt att uppt\u00e4cka under n\u00e5gra timmar.<\/p>\n<p><img loading=\"lazy\" decoding=\"async\" class=\"wp-image-212710 size-full\" src=\"https:\/\/kulturista.se\/test\/wp-content\/uploads\/2026\/08\/3-1.png\" alt=\"\" width=\"1334\" height=\"885\" \/><\/p>\n<p><img loading=\"lazy\" decoding=\"async\" class=\"wp-image-212708 size-full\" src=\"https:\/\/kulturista.se\/test\/wp-content\/uploads\/2026\/08\/1-kopia.png\" alt=\"\" width=\"1334\" height=\"885\" \/><\/p>\n<p>Museet \u00e4r uppdelat i tv\u00e5 omr\u00e5den, Staden och Landet. I Staden promenerar du bland tr\u00e4hus, butiker och g\u00e5rdar fr\u00e5n 1800-talet.<\/p>\n<p>H\u00e4r finns bland annat Handelsboden, Stadsmuseet och flera historiska milj\u00f6er som ger en bild av hur vardagslivet kunde se ut f\u00f6rr. Under sommars\u00e4songen h\u00e5lls m\u00e5nga av byggnaderna \u00f6ppna och ibland visas ocks\u00e5 gamla hantverk.<\/p>\n<p>P\u00e5 Landet v\u00e4ntar en helt annan milj\u00f6 med g\u00e5rdar, odlingar och svenska lantraser. H\u00e4r finns grisar, h\u00f6ns, kaniner och andra djur som h\u00f6r hemma i det \u00e4ldre kulturlandskapet. F\u00f6r barnfamiljer \u00e4r det ofta en uppskattad del av bes\u00f6ket.<\/p>\n<p><img loading=\"lazy\" decoding=\"async\" class=\"wp-image-212709 size-full\" src=\"https:\/\/kulturista.se\/test\/wp-content\/uploads\/2026\/08\/2-kopia.png\" alt=\"\" width=\"1334\" height=\"885\" \/><\/p>\n<p class=\"kulturista-fotocred\">Samtliga foton: Kulturista<\/p>\n<p>Den som vill ta en paus kan fika p\u00e5 Lindbloms kaf\u00e9, d\u00e4r det \u00e4ven serveras den klassiska S\u00f6dert\u00e4ljekringlan. Under \u00e5ret arrangeras ocks\u00e5 visningar, hantverksdagar och andra aktiviteter som g\u00f6r att det finns anledning att \u00e5terv\u00e4nda vid olika \u00e5rstider.<\/p>\n<p>Torek\u00e4llberget \u00e4r kanske inte lika k\u00e4nt som Skansen, men just det \u00e4r en del av charmen. Tempot \u00e4r lugnare, milj\u00f6erna mer \u00f6versk\u00e5dliga och det \u00e4r l\u00e4tt att tillbringa n\u00e5gra timmar bland historiska byggnader, djur och gr\u00f6nska.[\/et_pb_text][\/et_pb_column]<br \/>\n\t\t\t[\/et_pb_row]<br \/>\n\t\t[\/et_pb_section]<\/p>\n","protected":false},"excerpt":{"rendered":"<p>M\u00e5nga j\u00e4mf\u00f6r Torek\u00e4llberget med Skansen, och visst finns det likheter. \u00c4ven h\u00e4r har \u00e4ldre byggnader flyttats till en gemensam milj\u00f6 f\u00f6r att bevara och levandeg\u00f6ra kulturhistorien. Skillnaden \u00e4r att Torek\u00e4llberget \u00e4r betydligt mindre, vilket g\u00f6r det l\u00e4tt att uppt\u00e4cka under n\u00e5gra timmar. Museet \u00e4r uppdelat i tv\u00e5 omr\u00e5den, Staden och Landet. I Staden promenerar du [&hellip;]<\/p>\n","protected":false},"author":1,"featured_media":0,"comment_status":"open","ping_status":"open","sticky":false,"template":"","format":"standard","meta":{"_acf_changed":false,"_et_pb_use_builder":"on","_et_pb_old_content":"M\u00e5nga j\u00e4mf\u00f6r Torek\u00e4llberget med Skansen, och visst finns det likheter. \u00c4ven h\u00e4r har \u00e4ldre byggnader flyttats till en gemensam milj\u00f6 f\u00f6r att bevara och levandeg\u00f6ra kulturhistorien. Skillnaden \u00e4r att Torek\u00e4llberget \u00e4r betydligt mindre, vilket g\u00f6r det l\u00e4tt att uppt\u00e4cka under n\u00e5gra timmar.\r\n\r\n<img class=\"wp-image-212710 size-full\" src=\"https:\/\/kulturista.se\/test\/wp-content\/uploads\/2026\/08\/3-1.png\" alt=\"\" width=\"1334\" height=\"885\" \/>\r\n\r\n<img class=\"wp-image-212708 size-full\" src=\"https:\/\/kulturista.se\/test\/wp-content\/uploads\/2026\/08\/1-kopia.png\" alt=\"\" width=\"1334\" height=\"885\" \/>\r\n\r\nMuseet \u00e4r uppdelat i tv\u00e5 omr\u00e5den, Staden och Landet. I Staden promenerar du bland tr\u00e4hus, butiker och g\u00e5rdar fr\u00e5n 1800-talet.\r\n\r\nH\u00e4r finns bland annat Handelsboden, Stadsmuseet och flera historiska milj\u00f6er som ger en bild av hur vardagslivet kunde se ut f\u00f6rr. Under sommars\u00e4songen h\u00e5lls m\u00e5nga av byggnaderna \u00f6ppna och ibland visas ocks\u00e5 gamla hantverk.\r\n\r\nP\u00e5 Landet v\u00e4ntar en helt annan milj\u00f6 med g\u00e5rdar, odlingar och svenska lantraser. H\u00e4r finns grisar, h\u00f6ns, kaniner och andra djur som h\u00f6r hemma i det \u00e4ldre kulturlandskapet. F\u00f6r barnfamiljer \u00e4r det ofta en uppskattad del av bes\u00f6ket.\r\n\r\n<img class=\"wp-image-212709 size-full\" src=\"https:\/\/kulturista.se\/test\/wp-content\/uploads\/2026\/08\/2-kopia.png\" alt=\"\" width=\"1334\" height=\"885\" \/>\r\n<p class=\"kulturista-fotocred\">Samtliga foton: Kulturista<\/p>\r\nDen som vill ta en paus kan fika p\u00e5 Lindbloms kaf\u00e9, d\u00e4r det \u00e4ven serveras den klassiska S\u00f6dert\u00e4ljekringlan. Under \u00e5ret arrangeras ocks\u00e5 visningar, hantverksdagar och andra aktiviteter som g\u00f6r att det finns anledning att \u00e5terv\u00e4nda vid olika \u00e5rstider.\r\n\r\nTorek\u00e4llberget \u00e4r kanske inte lika k\u00e4nt som Skansen, men just det \u00e4r en del av charmen. Tempot \u00e4r lugnare, milj\u00f6erna mer \u00f6versk\u00e5dliga och det \u00e4r l\u00e4tt att tillbringa n\u00e5gra timmar bland historiska byggnader, djur och gr\u00f6nska.","_et_gb_content_width":"","_jetpack_newsletter_access":"","_jetpack_dont_email_post_to_subs":false,"_jetpack_newsletter_tier_id":0,"_jetpack_memberships_contains_paywalled_content":false,"_jetpack_feature_clip_id":0,"_jetpack_memberships_contains_paid_content":false,"footnotes":"","jetpack_post_was_ever_published":false},"categories":[36],"tags":[],"class_list":["post-213509","post","type-post","status-publish","format-standard","hentry","category-utflyktsmal"],"acf":[],"jetpack_sharing_enabled":true,"jetpack_featured_media_url":"","_links":{"self":[{"href":"https:\/\/kulturista.se\/test\/wp-json\/wp\/v2\/posts\/213509","targetHints":{"allow":["GET"]}}],"collection":[{"href":"https:\/\/kulturista.se\/test\/wp-json\/wp\/v2\/posts"}],"about":[{"href":"https:\/\/kulturista.se\/test\/wp-json\/wp\/v2\/types\/post"}],"author":[{"embeddable":true,"href":"https:\/\/kulturista.se\/test\/wp-json\/wp\/v2\/users\/1"}],"replies":[{"embeddable":true,"href":"https:\/\/kulturista.se\/test\/wp-json\/wp\/v2\/comments?post=213509"}],"version-history":[{"count":14,"href":"https:\/\/kulturista.se\/test\/wp-json\/wp\/v2\/posts\/213509\/revisions"}],"predecessor-version":[{"id":213705,"href":"https:\/\/kulturista.se\/test\/wp-json\/wp\/v2\/posts\/213509\/revisions\/213705"}],"wp:attachment":[{"href":"https:\/\/kulturista.se\/test\/wp-json\/wp\/v2\/media?parent=213509"}],"wp:term":[{"taxonomy":"category","embeddable":true,"href":"https:\/\/kulturista.se\/test\/wp-json\/wp\/v2\/categories?post=213509"},{"taxonomy":"post_tag","embeddable":true,"href":"https:\/\/kulturista.se\/test\/wp-json\/wp\/v2\/tags?post=213509"}],"curies":[{"name":"wp","href":"https:\/\/api.w.org\/{rel}","templated":true}]}}