{"id":212613,"date":"2026-04-30T19:01:39","date_gmt":"2026-04-30T17:01:39","guid":{"rendered":"https:\/\/kulturista.se\/test\/?p=212613"},"modified":"2026-08-15T14:13:37","modified_gmt":"2026-08-15T12:13:37","slug":"dromlandet-pa-tekniska-museet","status":"publish","type":"post","link":"https:\/\/kulturista.se\/test\/dromlandet-pa-tekniska-museet\/","title":{"rendered":"Dr\u00f6mlandet p\u00e5 Tekniska museet"},"content":{"rendered":"<p>[et_pb_section fb_built=&#8221;1&#8243; admin_label=&#8221;section&#8221; _builder_version=&#8221;4.16&#8243; global_colors_info=&#8221;{}&#8221;][et_pb_row admin_label=&#8221;row&#8221; _builder_version=&#8221;4.16&#8243; background_size=&#8221;initial&#8221; background_position=&#8221;top_left&#8221; background_repeat=&#8221;repeat&#8221; global_colors_info=&#8221;{}&#8221;][et_pb_column type=&#8221;4_4&#8243; _builder_version=&#8221;4.16&#8243; custom_padding=&#8221;|||&#8221; global_colors_info=&#8221;{}&#8221; custom_padding__hover=&#8221;|||&#8221;][et_pb_text admin_label=&#8221;Text&#8221; _builder_version=&#8221;4.27.7&#8243; background_size=&#8221;initial&#8221; background_position=&#8221;top_left&#8221; background_repeat=&#8221;repeat&#8221; hover_enabled=&#8221;0&#8243; global_colors_info=&#8221;{}&#8221; sticky_enabled=&#8221;0&#8243;]<\/p>\n<p>Dr\u00f6mlandet p\u00e5 <span class=\"hover:entity-accent entity-underline inline cursor-pointer align-baseline\"><span class=\"whitespace-normal\">Tekniska museet<\/span><\/span> \u00e4r en ny permanent utst\u00e4llning som ber\u00e4ttar hur Sverige gick fr\u00e5n ett fattigt jordbrukssamh\u00e4lle till att bli en stor tekniknation. Det \u00e4r ocks\u00e5 en utst\u00e4llning om hur id\u00e9er om framsteg och framtid har format den resan. Utst\u00e4llningen visar inte bara tekniska innovationer, utan ocks\u00e5 hur de faktiskt har p\u00e5verkat m\u00e4nniskors liv. Fr\u00e5n \u00e5ngloket till dagens digitaliserade v\u00e4rld.<\/p>\n<p><img loading=\"lazy\" decoding=\"async\" class=\"aligncenter wp-image-212616 size-full\" src=\"https:\/\/kulturista.se\/test\/wp-content\/uploads\/2026\/04\/3-1.png\" alt=\"Dr\u00f6mlandet p\u00e5 Tekniska museet, maskinhallen med industrimaskiner\" width=\"1334\" height=\"885\" srcset=\"https:\/\/kulturista.se\/test\/wp-content\/uploads\/2026\/04\/3-1.png 1334w, https:\/\/kulturista.se\/test\/wp-content\/uploads\/2026\/04\/3-1-1280x849.png 1280w, https:\/\/kulturista.se\/test\/wp-content\/uploads\/2026\/04\/3-1-980x650.png 980w, https:\/\/kulturista.se\/test\/wp-content\/uploads\/2026\/04\/3-1-480x318.png 480w\" sizes=\"(min-width: 0px) and (max-width: 480px) 480px, (min-width: 481px) and (max-width: 980px) 980px, (min-width: 981px) and (max-width: 1280px) 1280px, (min-width: 1281px) 1334px, 100vw\" \/><em><span style=\"font-size: 8pt;\">Foto: Anna Gerd\u00e9n<\/span><\/em><\/p>\n<h3>En ber\u00e4ttelse i sju delar<\/h3>\n<p>I Dr\u00f6mlandet p\u00e5 Tekniska museet r\u00f6r man sig kring sju epoker som tillsammans sp\u00e4nner \u00f6ver drygt tv\u00e5hundra \u00e5r. Fr\u00e5n 1800-talets fattigdom, via industrialiseringens genombrott och tidiga samh\u00e4llskonflikter, vidare in i folkhemmets framv\u00e4xt och efterkrigstidens expansion, genom senare decenniers ompr\u00f6vningar, fram till dagens digitala och gr\u00e4nsl\u00f6sa och globala samh\u00e4lle.<\/p>\n<p>Sverige var l\u00e4nge ett fattigt jordbruksland, d\u00e4r de flesta levde med sm\u00e5 marginaler och d\u00e4r missv\u00e4xt kunde f\u00e5 stora konsekvenser. N\u00e4r industrialiseringen tar fart f\u00f6r\u00e4ndras villkoren snabbt. Arbete flyttar fr\u00e5n landsbygden till st\u00e4derna. J\u00e4rnv\u00e4gar och fabriker binder ihop landet. Tiden b\u00f6rjar styras av arbetspass i st\u00e4llet f\u00f6r \u00e5rstider. Det \u00e4r h\u00e4r grunden l\u00e4ggs f\u00f6r det moderna samh\u00e4llet.<\/p>\n<p><img loading=\"lazy\" decoding=\"async\" class=\"aligncenter size-full wp-image-212614\" src=\"https:\/\/kulturista.se\/test\/wp-content\/uploads\/2026\/04\/1-1.png\" alt=\"\" width=\"1334\" height=\"885\" srcset=\"https:\/\/kulturista.se\/test\/wp-content\/uploads\/2026\/04\/1-1.png 1334w, https:\/\/kulturista.se\/test\/wp-content\/uploads\/2026\/04\/1-1-1280x849.png 1280w, https:\/\/kulturista.se\/test\/wp-content\/uploads\/2026\/04\/1-1-980x650.png 980w, https:\/\/kulturista.se\/test\/wp-content\/uploads\/2026\/04\/1-1-480x318.png 480w\" sizes=\"(min-width: 0px) and (max-width: 480px) 480px, (min-width: 481px) and (max-width: 980px) 980px, (min-width: 981px) and (max-width: 1280px) 1280px, (min-width: 1281px) 1334px, 100vw\" \/><em><span style=\"font-size: 8pt;\">Foto: Anna Gerd\u00e9n<\/span><\/em><\/p>\n<p>Under folkhemmets framv\u00e4xt sker en tydlig f\u00f6rskjutning. Bost\u00e4der byggs, el dras in och vardagen f\u00f6r\u00e4ndras p\u00e5 riktigt. Samarbetet mellan stat, industri och forskning formar ett nytt samh\u00e4lle d\u00e4r id\u00e9er om j\u00e4mlikhet och v\u00e4lf\u00e4rd f\u00e5r konkret genomslag. Under ompr\u00f6vningarnas tid f\u00f6r\u00e4ndras perspektivet. Ekonomiska kriser och milj\u00f6fr\u00e5gor s\u00e4tter gr\u00e4nser f\u00f6r tillv\u00e4xttanken. Samtidigt b\u00f6rjar datorer och elektronik bli en del av vardagen.<\/p>\n<p>I gr\u00e4nsl\u00f6shetens tid f\u00f6r\u00e4ndras villkoren igen. Internet, mobiltelefoni och digitala plattformar g\u00f6r Sverige till en del av ett globalt sammanhang d\u00e4r information, arbete och kultur r\u00f6r sig \u00f6ver gr\u00e4nser, men d\u00e4r beroenden och s\u00e5rbarheter ocks\u00e5 blir tydligare.<\/p>\n<p><img loading=\"lazy\" decoding=\"async\" class=\"aligncenter size-full wp-image-212629\" src=\"https:\/\/kulturista.se\/test\/wp-content\/uploads\/2026\/04\/Mall-Kulturista.se-1-1.png\" alt=\"\" width=\"1334\" height=\"885\" srcset=\"https:\/\/kulturista.se\/test\/wp-content\/uploads\/2026\/04\/Mall-Kulturista.se-1-1.png 1334w, https:\/\/kulturista.se\/test\/wp-content\/uploads\/2026\/04\/Mall-Kulturista.se-1-1-1280x849.png 1280w, https:\/\/kulturista.se\/test\/wp-content\/uploads\/2026\/04\/Mall-Kulturista.se-1-1-980x650.png 980w, https:\/\/kulturista.se\/test\/wp-content\/uploads\/2026\/04\/Mall-Kulturista.se-1-1-480x318.png 480w\" sizes=\"(min-width: 0px) and (max-width: 480px) 480px, (min-width: 481px) and (max-width: 980px) 980px, (min-width: 981px) and (max-width: 1280px) 1280px, (min-width: 1281px) 1334px, 100vw\" \/><em><span style=\"font-size: 8pt;\">Foto: Anna Gerd\u00e9n<\/span><\/em><\/p>\n<h3>Mycket att se<\/h3>\n<p>Dr\u00f6mlandet p\u00e5 Tekniska museet \u00e4r en utst\u00e4llning som \u00e4r rolig att g\u00e5 runt i. Det finns mycket att titta p\u00e5, b\u00e5de stort och sm\u00e5tt. I den stora maskinhallen finns allt fr\u00e5n tunga industrimaskiner till mindre f\u00f6rem\u00e5l som s\u00e4ger lika mycket om sin tid.<\/p>\n<p>H\u00e4r st\u00e5r Sveriges \u00e4ldsta bevarade \u00e5ngmaskin, som en p\u00e5minnelse om var allt b\u00f6rjade. H\u00e4r finns ocks\u00e5 The Pirate Bay-servern, liten till formatet men med stor symbolisk tyngd. H\u00e4r finns ocks\u00e5 detaljer som tryckpressen, gamla telefonv\u00e4xlar och flera vardagsf\u00f6rem\u00e5l som visar hur tekniken tog plats i hemmen.<\/p>\n<p>Och s\u00e5 alla de d\u00e4r sakerna man k\u00e4nner igen fr\u00e5n sitt eget liv. Den f\u00f6rsta mobiltelefonen. Eller k\u00f6ksassistenten som farmor hade. N\u00e5got som pl\u00f6tsligt placerar ens egen tid i ett st\u00f6rre sammanhang.<\/p>\n<p>Med j\u00e4mna mellanrum f\u00f6r\u00e4ndras rummet n\u00e4r ett filmverk projiceras p\u00e5 transparenta dukar. Arkivbilder och musik tar \u00f6ver. 200 \u00e5r p\u00e5 12 minuter. Hisnande och roligt!<\/p>\n<p><img loading=\"lazy\" decoding=\"async\" class=\"aligncenter size-full wp-image-212618\" src=\"https:\/\/kulturista.se\/test\/wp-content\/uploads\/2026\/04\/5-1.png\" alt=\"\" width=\"1334\" height=\"885\" srcset=\"https:\/\/kulturista.se\/test\/wp-content\/uploads\/2026\/04\/5-1.png 1334w, https:\/\/kulturista.se\/test\/wp-content\/uploads\/2026\/04\/5-1-1280x849.png 1280w, https:\/\/kulturista.se\/test\/wp-content\/uploads\/2026\/04\/5-1-980x650.png 980w, https:\/\/kulturista.se\/test\/wp-content\/uploads\/2026\/04\/5-1-480x318.png 480w\" sizes=\"(min-width: 0px) and (max-width: 480px) 480px, (min-width: 481px) and (max-width: 980px) 980px, (min-width: 981px) and (max-width: 1280px) 1280px, (min-width: 1281px) 1334px, 100vw\" \/><em><span style=\"font-size: 8pt;\">Foto: Anna Gerd\u00e9n<\/span><\/em><\/p>\n<h3>Framsteg och konsekvenser<\/h3>\n<p>Dr\u00f6mlandet visar b\u00e5de vad som har vunnits och vad det har kostat. Industrialiseringen skapade v\u00e4lst\u00e5nd, men ocks\u00e5 milj\u00f6problem. Globaliseringen \u00f6ppnade m\u00f6jligheter, men ocks\u00e5 klyftor. Digitaliseringen har gjort information tillg\u00e4nglig, men samtidigt bidragit till polarisering. Utst\u00e4llningen visar b\u00e5da sidor, utan att f\u00f6rs\u00f6ka f\u00f6renkla.<\/p>\n<p>Det jag tar med mig \u00e4r inte en enskild uppfinning, utan helheten. Hur snabbt allt har f\u00f6r\u00e4ndrats. Och hur mycket som fortfarande p\u00e5g\u00e5r. Men ocks\u00e5 att varje framsteg har en baksida. Och vad framtidens dr\u00f6mland egentligen kommer att vara.<\/p>\n<p style=\"text-align: center;\">Tekniska museet, Museiv\u00e4gen 7, Djurg\u00e5rden<br \/>\nhemsida: <strong><a href=\"https:\/\/www.tekniskamuseet.se\/\" target=\"_blank\" rel=\"noopener\">https:\/\/www.tekniskamuseet.se\/<\/a><\/strong><br \/>\n\u00d6ppet alla dagar 9\u201321<\/p>\n<p>[\/et_pb_text][\/et_pb_column][\/et_pb_row][\/et_pb_section]<\/p>\n","protected":false},"excerpt":{"rendered":"<p>Dr\u00f6mlandet p\u00e5 Tekniska museet \u00e4r en ny permanent utst\u00e4llning som ber\u00e4ttar hur Sverige gick fr\u00e5n ett fattigt jordbrukssamh\u00e4lle till att bli en stor tekniknation. Det \u00e4r ocks\u00e5 en utst\u00e4llning om hur id\u00e9er om framsteg och framtid har format den resan. Utst\u00e4llningen visar inte bara tekniska innovationer, utan ocks\u00e5 hur de faktiskt har p\u00e5verkat m\u00e4nniskors liv. [&hellip;]<\/p>\n","protected":false},"author":1,"featured_media":0,"comment_status":"open","ping_status":"open","sticky":false,"template":"","format":"standard","meta":{"_acf_changed":false,"_et_pb_use_builder":"on","_et_pb_old_content":"Dr\u00f6mlandet p\u00e5 <span class=\"hover:entity-accent entity-underline inline cursor-pointer align-baseline\"><span class=\"whitespace-normal\">Tekniska museet<\/span><\/span> \u00e4r en ny permanent utst\u00e4llning som ber\u00e4ttar hur Sverige gick fr\u00e5n ett fattigt jordbrukssamh\u00e4lle till att bli en stor tekniknation. Det \u00e4r ocks\u00e5 en utst\u00e4llning om hur id\u00e9er om framsteg och framtid har format den resan. Utst\u00e4llningen visar inte bara tekniska innovationer, utan ocks\u00e5 hur de faktiskt har p\u00e5verkat m\u00e4nniskors liv. Fr\u00e5n \u00e5ngloket till dagens digitaliserade v\u00e4rld.\r\n\r\n<img class=\"aligncenter wp-image-212616 size-full\" src=\"https:\/\/kulturista.se\/test\/wp-content\/uploads\/2026\/04\/3-1.png\" alt=\"Dr\u00f6mlandet p\u00e5 Tekniska museet, maskinhallen med industrimaskiner\" width=\"1334\" height=\"885\" \/><em><span style=\"font-size: 8pt;\">Foto: Anna Gerd\u00e9n<\/span><\/em>\r\n<h3>En ber\u00e4ttelse i sju delar<\/h3>\r\nI Dr\u00f6mlandet p\u00e5 Tekniska museet r\u00f6r man sig kring sju epoker som tillsammans sp\u00e4nner \u00f6ver drygt tv\u00e5hundra \u00e5r. Fr\u00e5n 1800-talets fattigdom, via industrialiseringens genombrott och tidiga samh\u00e4llskonflikter, vidare in i folkhemmets framv\u00e4xt och efterkrigstidens expansion, genom senare decenniers ompr\u00f6vningar, fram till dagens digitala och gr\u00e4nsl\u00f6sa och globala samh\u00e4lle.\r\n\r\nSverige var l\u00e4nge ett fattigt jordbruksland, d\u00e4r de flesta levde med sm\u00e5 marginaler och d\u00e4r missv\u00e4xt kunde f\u00e5 stora konsekvenser. N\u00e4r industrialiseringen tar fart f\u00f6r\u00e4ndras villkoren snabbt. Arbete flyttar fr\u00e5n landsbygden till st\u00e4derna. J\u00e4rnv\u00e4gar och fabriker binder ihop landet. Tiden b\u00f6rjar styras av arbetspass i st\u00e4llet f\u00f6r \u00e5rstider. Det \u00e4r h\u00e4r grunden l\u00e4ggs f\u00f6r det moderna samh\u00e4llet.\r\n\r\n<img class=\"aligncenter size-full wp-image-212614\" src=\"https:\/\/kulturista.se\/test\/wp-content\/uploads\/2026\/04\/1-1.png\" alt=\"\" width=\"1334\" height=\"885\" \/><em><span style=\"font-size: 8pt;\">Foto: Anna Gerd\u00e9n<\/span><\/em>\r\n\r\nUnder folkhemmets framv\u00e4xt sker en tydlig f\u00f6rskjutning. Bost\u00e4der byggs, el dras in och vardagen f\u00f6r\u00e4ndras p\u00e5 riktigt. Samarbetet mellan stat, industri och forskning formar ett nytt samh\u00e4lle d\u00e4r id\u00e9er om j\u00e4mlikhet och v\u00e4lf\u00e4rd f\u00e5r konkret genomslag. Under ompr\u00f6vningarnas tid f\u00f6r\u00e4ndras perspektivet. Ekonomiska kriser och milj\u00f6fr\u00e5gor s\u00e4tter gr\u00e4nser f\u00f6r tillv\u00e4xttanken. Samtidigt b\u00f6rjar datorer och elektronik bli en del av vardagen.\r\n\r\nI gr\u00e4nsl\u00f6shetens tid f\u00f6r\u00e4ndras villkoren igen. Internet, mobiltelefoni och digitala plattformar g\u00f6r Sverige till en del av ett globalt sammanhang d\u00e4r information, arbete och kultur r\u00f6r sig \u00f6ver gr\u00e4nser, men d\u00e4r beroenden och s\u00e5rbarheter ocks\u00e5 blir tydligare.\r\n\r\n<img class=\"aligncenter size-full wp-image-212629\" src=\"https:\/\/kulturista.se\/test\/wp-content\/uploads\/2026\/04\/Mall-Kulturista.se-1-1.png\" alt=\"\" width=\"1334\" height=\"885\" \/><em><span style=\"font-size: 8pt;\">Foto: Anna Gerd\u00e9n<\/span><\/em>\r\n\r\n\u00a0\r\n<h3>Mycket att se<\/h3>\r\nDr\u00f6mlandet p\u00e5 Tekniska museet \u00e4r en utst\u00e4llning som \u00e4r rolig att g\u00e5 runt i. Det finns mycket att titta p\u00e5, b\u00e5de stort och sm\u00e5tt. I den stora maskinhallen finns allt fr\u00e5n tunga industrimaskiner till mindre f\u00f6rem\u00e5l som s\u00e4ger lika mycket om sin tid.\r\n\r\nH\u00e4r st\u00e5r Sveriges \u00e4ldsta bevarade \u00e5ngmaskin, som en p\u00e5minnelse om var allt b\u00f6rjade. H\u00e4r finns ocks\u00e5 The Pirate Bay-servern, liten till formatet men med stor symbolisk tyngd. H\u00e4r finns ocks\u00e5 detaljer som tryckpressen, gamla telefonv\u00e4xlar och flera vardagsf\u00f6rem\u00e5l som visar hur tekniken tog plats i hemmen.\r\n\r\nOch s\u00e5 alla de d\u00e4r sakerna man k\u00e4nner igen fr\u00e5n sitt eget liv. Den f\u00f6rsta mobiltelefonen. Eller k\u00f6ksassistenten som farmor hade. N\u00e5got som pl\u00f6tsligt placerar ens egen tid i ett st\u00f6rre sammanhang.\r\n\r\nMed j\u00e4mna mellanrum f\u00f6r\u00e4ndras rummet n\u00e4r ett filmverk projiceras p\u00e5 transparenta dukar. Arkivbilder och musik tar \u00f6ver. 200 \u00e5r p\u00e5 12 minuter. Hisnande och roligt!\r\n\r\n<img class=\"aligncenter size-full wp-image-212618\" src=\"https:\/\/kulturista.se\/test\/wp-content\/uploads\/2026\/04\/5-1.png\" alt=\"\" width=\"1334\" height=\"885\" \/><em><span style=\"font-size: 8pt;\">Foto: Anna Gerd\u00e9n<\/span><\/em>\r\n\r\n\u00a0\r\n<h3>Framsteg och konsekvenser<\/h3>\r\nDr\u00f6mlandet visar b\u00e5de vad som har vunnits och vad det har kostat. Industrialiseringen skapade v\u00e4lst\u00e5nd, men ocks\u00e5 milj\u00f6problem. Globaliseringen \u00f6ppnade m\u00f6jligheter, men ocks\u00e5 klyftor. Digitaliseringen har gjort information tillg\u00e4nglig, men samtidigt bidragit till polarisering. Utst\u00e4llningen visar b\u00e5da sidor, utan att f\u00f6rs\u00f6ka f\u00f6renkla.\r\n\r\nDet jag tar med mig \u00e4r inte en enskild uppfinning, utan helheten. Hur snabbt allt har f\u00f6r\u00e4ndrats. Och hur mycket som fortfarande p\u00e5g\u00e5r. Men ocks\u00e5 att varje framsteg har en baksida. Och vad framtidens dr\u00f6mland egentligen kommer att vara.\r\n<p style=\"text-align: center;\">Tekniska museet, Museiv\u00e4gen 7, Djurg\u00e5rden\r\nhemsida: <strong><a href=\"https:\/\/www.tekniskamuseet.se\/\" target=\"_blank\" rel=\"noopener\">https:\/\/www.tekniskamuseet.se\/<\/a><\/strong>\r\n\u00d6ppet alla dagar 9 \u2013 21<\/p>","_et_gb_content_width":"","_jetpack_newsletter_access":"","_jetpack_dont_email_post_to_subs":false,"_jetpack_newsletter_tier_id":0,"_jetpack_memberships_contains_paywalled_content":false,"_jetpack_feature_clip_id":0,"_jetpack_memberships_contains_paid_content":false,"footnotes":"","jetpack_post_was_ever_published":false},"categories":[19],"tags":[],"class_list":["post-212613","post","type-post","status-publish","format-standard","hentry","category-museer-utstallningar"],"acf":[],"jetpack_sharing_enabled":true,"jetpack_featured_media_url":"","_links":{"self":[{"href":"https:\/\/kulturista.se\/test\/wp-json\/wp\/v2\/posts\/212613","targetHints":{"allow":["GET"]}}],"collection":[{"href":"https:\/\/kulturista.se\/test\/wp-json\/wp\/v2\/posts"}],"about":[{"href":"https:\/\/kulturista.se\/test\/wp-json\/wp\/v2\/types\/post"}],"author":[{"embeddable":true,"href":"https:\/\/kulturista.se\/test\/wp-json\/wp\/v2\/users\/1"}],"replies":[{"embeddable":true,"href":"https:\/\/kulturista.se\/test\/wp-json\/wp\/v2\/comments?post=212613"}],"version-history":[{"count":30,"href":"https:\/\/kulturista.se\/test\/wp-json\/wp\/v2\/posts\/212613\/revisions"}],"predecessor-version":[{"id":213128,"href":"https:\/\/kulturista.se\/test\/wp-json\/wp\/v2\/posts\/212613\/revisions\/213128"}],"wp:attachment":[{"href":"https:\/\/kulturista.se\/test\/wp-json\/wp\/v2\/media?parent=212613"}],"wp:term":[{"taxonomy":"category","embeddable":true,"href":"https:\/\/kulturista.se\/test\/wp-json\/wp\/v2\/categories?post=212613"},{"taxonomy":"post_tag","embeddable":true,"href":"https:\/\/kulturista.se\/test\/wp-json\/wp\/v2\/tags?post=212613"}],"curies":[{"name":"wp","href":"https:\/\/api.w.org\/{rel}","templated":true}]}}