{"id":212495,"date":"2026-02-23T15:12:20","date_gmt":"2026-02-23T14:12:20","guid":{"rendered":"https:\/\/kulturista.se\/test\/?p=212495"},"modified":"2026-08-22T03:22:35","modified_gmt":"2026-08-22T01:22:35","slug":"the-nest-spa-vinterbad-mitt-i-city","status":"publish","type":"post","link":"https:\/\/kulturista.se\/test\/the-nest-spa-vinterbad-mitt-i-city\/","title":{"rendered":"The Nest Spa \u2013 vinterbad mitt i city"},"content":{"rendered":"<p>Den h\u00e4r vintern har varit ovanligt m\u00f6rk och l\u00e5ng. I perioder har det k\u00e4nts som att energin inte riktigt har r\u00e4ckt till. R\u00e4ddningen blev n\u00e5gra timmar p\u00e5 The Nest Spa, ett takspa mitt i centrala Stockholm. Vi har som tradition att ge varandra upplevelser i st\u00e4llet f\u00f6r saker och att fira varandras f\u00f6delsedagar . Den h\u00e4r g\u00e5ngen f\u00f6ll valet p\u00e5 <strong><a href=\"https:\/\/www.scandichotels.com\/sv\/hotell\/downtown-camper-by-scandic\/wellness?utm_source=google&amp;utm_medium=cpc&amp;utm_campaign=SE%20%7C%20Brand%20%7C%20Search%20%7C%20Generic&amp;gad_source=1&amp;gad_campaignid=710750127&amp;gbraid=0AAAAAD-A6CnLb6NSann8mkFTPOY0_N41z&amp;gclid=CjwKCAiAkvDMBhBMEiwAnUA9BXbrywhK422kxis4_oeqp5E3KjKJXjapgy7twqSApy39YZ2EvLxvTBoCTtUQAvD_BwE\" target=\"_blank\" rel=\"noopener\">The Nest, takspat p\u00e5 Downtown Camper<\/a><\/strong>.<\/p>\n<p><img loading=\"lazy\" decoding=\"async\" class=\"aligncenter size-full wp-image-212497\" src=\"https:\/\/kulturista.se\/test\/wp-content\/uploads\/2026\/02\/1-1.png\" alt=\"\" width=\"1334\" height=\"885\" srcset=\"https:\/\/kulturista.se\/test\/wp-content\/uploads\/2026\/02\/1-1.png 1334w, https:\/\/kulturista.se\/test\/wp-content\/uploads\/2026\/02\/1-1-1280x849.png 1280w, https:\/\/kulturista.se\/test\/wp-content\/uploads\/2026\/02\/1-1-980x650.png 980w, https:\/\/kulturista.se\/test\/wp-content\/uploads\/2026\/02\/1-1-480x318.png 480w\" sizes=\"(min-width: 0px) and (max-width: 480px) 480px, (min-width: 481px) and (max-width: 980px) 980px, (min-width: 981px) and (max-width: 1280px) 1280px, (min-width: 1281px) 1334px, 100vw\" \/><span style=\"font-size: 8pt;\"><em>Foto: Lena L\u00f6fblad<\/em><\/span><\/p>\n<p>The Nest ligger h\u00f6gst upp i huset, mitt i Stockholm City. Redan i hissen upp m\u00e4rks kontrasten mellan stadens tempo och det som v\u00e4ntar d\u00e4r ovanf\u00f6r. V\u00e4l uppe m\u00f6ts man av utsikt \u00f6ver tak\u00e5sarna och den uppv\u00e4rmda utomhuspoolen som ryker l\u00e4tt i vinterkylan. Det \u00e4r onekligen lite h\u00e4ftigt att kliva ner i varmt vatten n\u00e4r luften \u00e4r kall och sn\u00f6flingorna virvlar. Att se \u00e5ngan stiga och samtidigt blicka ut \u00f6ver staden.<\/p>\n<p><img loading=\"lazy\" decoding=\"async\" class=\"aligncenter size-full wp-image-212500\" src=\"https:\/\/kulturista.se\/test\/wp-content\/uploads\/2026\/02\/2-1.png\" alt=\"\" width=\"1334\" height=\"885\" srcset=\"https:\/\/kulturista.se\/test\/wp-content\/uploads\/2026\/02\/2-1.png 1334w, https:\/\/kulturista.se\/test\/wp-content\/uploads\/2026\/02\/2-1-1280x849.png 1280w, https:\/\/kulturista.se\/test\/wp-content\/uploads\/2026\/02\/2-1-980x650.png 980w, https:\/\/kulturista.se\/test\/wp-content\/uploads\/2026\/02\/2-1-480x318.png 480w\" sizes=\"(min-width: 0px) and (max-width: 480px) 480px, (min-width: 481px) and (max-width: 980px) 980px, (min-width: 981px) and (max-width: 1280px) 1280px, (min-width: 1281px) 1334px, 100vw\" \/><span style=\"font-size: 8pt;\"><em>Foto: Lena L\u00f6fblad<\/em><\/span><\/p>\n<p>The Nest \u00e4r inget traditionellt spa med behandlingar och tyst avkoppling. Fokus ligger snarare p\u00e5 att bada, basta och umg\u00e5s. F\u00f6r oss var det precis vad som beh\u00f6vdes. Vi guppade runt i poolen, satt l\u00e4nge i bastun och pratade, som v\u00e4ninnor g\u00f6r.<\/p>\n<p>Jag skulle s\u00e4ga att ett bes\u00f6k p\u00e5 The Nest\u00a0 passar lika bra f\u00f6r ett v\u00e4ninneg\u00e4ng eller ett f\u00f6delsedagsfirande\u00a0 som f\u00f6r en avslappnad eftermiddag mitt i veckan.<\/p>\n<p><img loading=\"lazy\" decoding=\"async\" class=\"aligncenter size-full wp-image-212501\" src=\"https:\/\/kulturista.se\/test\/wp-content\/uploads\/2026\/02\/3-1.png\" alt=\"\" width=\"1334\" height=\"885\" srcset=\"https:\/\/kulturista.se\/test\/wp-content\/uploads\/2026\/02\/3-1.png 1334w, https:\/\/kulturista.se\/test\/wp-content\/uploads\/2026\/02\/3-1-1280x849.png 1280w, https:\/\/kulturista.se\/test\/wp-content\/uploads\/2026\/02\/3-1-980x650.png 980w, https:\/\/kulturista.se\/test\/wp-content\/uploads\/2026\/02\/3-1-480x318.png 480w\" sizes=\"(min-width: 0px) and (max-width: 480px) 480px, (min-width: 481px) and (max-width: 980px) 980px, (min-width: 981px) and (max-width: 1280px) 1280px, (min-width: 1281px) 1334px, 100vw\" \/><span style=\"font-size: 8pt;\"><em>Foto: Lena L\u00f6fblad<\/em><\/span><\/p>\n<p>Intill The Nest finns en bar som ocks\u00e5 serverar mat, som var \u00f6ver f\u00f6rv\u00e4ntan. H\u00e4r blandas folk som kommer utifr\u00e5n med SPA-g\u00e4ster i morgonrock. Jag skulle kunna t\u00e4nka mig att g\u00e5 hit p\u00e5 en AW bara f\u00f6r att h\u00e4nga, \u00e4ta och dricka lite gott. F\u00f6r dig som s\u00f6ker ett takspa i Stockholm snarare \u00e4n ett behandlingsspa \u00e4r The Nest ett av de mest centrala alternativen.<\/p>\n<p>En f\u00f6rdel \u00e4r l\u00e4get. Att kunna kombinera n\u00e5gra timmar i poolen med middag i huset eller runt Brunkebergstorg g\u00f6r upplevelsen enkel. Det kr\u00e4ver ingen planering ut\u00f6ver bokningen. Samtidigt \u00e4r det just utsikten och k\u00e4nslan av att befinna sig ovanf\u00f6r staden som g\u00f6r att det inte k\u00e4nns som vilket spa som helst.<\/p>\n<p><img loading=\"lazy\" decoding=\"async\" class=\"aligncenter size-full wp-image-212499\" src=\"https:\/\/kulturista.se\/test\/wp-content\/uploads\/2026\/02\/5-1.png\" alt=\"\" width=\"1334\" height=\"885\" srcset=\"https:\/\/kulturista.se\/test\/wp-content\/uploads\/2026\/02\/5-1.png 1334w, https:\/\/kulturista.se\/test\/wp-content\/uploads\/2026\/02\/5-1-1280x849.png 1280w, https:\/\/kulturista.se\/test\/wp-content\/uploads\/2026\/02\/5-1-980x650.png 980w, https:\/\/kulturista.se\/test\/wp-content\/uploads\/2026\/02\/5-1-480x318.png 480w\" sizes=\"(min-width: 0px) and (max-width: 480px) 480px, (min-width: 481px) and (max-width: 980px) 980px, (min-width: 981px) and (max-width: 1280px) 1280px, (min-width: 1281px) 1334px, 100vw\" \/><span style=\"font-size: 8pt;\"><em>Foto: Lena L\u00f6fblad<\/em><\/span><\/p>\n<p>N\u00e4r vi gick d\u00e4rifr\u00e5n, varma och rosiga, k\u00e4ndes vintern lite mindre kompakt. Ibland r\u00e4cker det med n\u00e5gra timmar ovanf\u00f6r stadens brus f\u00f6r att orken ska komma tillbaka.<\/p>\n","protected":false},"excerpt":{"rendered":"<p>Den h\u00e4r vintern har varit ovanligt m\u00f6rk och l\u00e5ng. I perioder har det k\u00e4nts som att energin inte riktigt har r\u00e4ckt till. R\u00e4ddningen blev n\u00e5gra timmar p\u00e5 The Nest Spa, ett takspa mitt i centrala Stockholm. Vi har som tradition att ge varandra upplevelser i st\u00e4llet f\u00f6r saker och att fira varandras f\u00f6delsedagar . Den [&hellip;]<\/p>\n","protected":false},"author":1,"featured_media":0,"comment_status":"open","ping_status":"open","sticky":false,"template":"","format":"standard","meta":{"_acf_changed":false,"_et_pb_use_builder":"","_et_pb_old_content":"","_et_gb_content_width":"","_jetpack_newsletter_access":"","_jetpack_dont_email_post_to_subs":false,"_jetpack_newsletter_tier_id":0,"_jetpack_memberships_contains_paywalled_content":false,"_jetpack_feature_clip_id":0,"_jetpack_memberships_contains_paid_content":false,"footnotes":"","jetpack_post_was_ever_published":false},"categories":[36],"tags":[],"class_list":["post-212495","post","type-post","status-publish","format-standard","hentry","category-utflyktsmal"],"acf":[],"jetpack_sharing_enabled":true,"jetpack_featured_media_url":"","_links":{"self":[{"href":"https:\/\/kulturista.se\/test\/wp-json\/wp\/v2\/posts\/212495","targetHints":{"allow":["GET"]}}],"collection":[{"href":"https:\/\/kulturista.se\/test\/wp-json\/wp\/v2\/posts"}],"about":[{"href":"https:\/\/kulturista.se\/test\/wp-json\/wp\/v2\/types\/post"}],"author":[{"embeddable":true,"href":"https:\/\/kulturista.se\/test\/wp-json\/wp\/v2\/users\/1"}],"replies":[{"embeddable":true,"href":"https:\/\/kulturista.se\/test\/wp-json\/wp\/v2\/comments?post=212495"}],"version-history":[{"count":19,"href":"https:\/\/kulturista.se\/test\/wp-json\/wp\/v2\/posts\/212495\/revisions"}],"predecessor-version":[{"id":213294,"href":"https:\/\/kulturista.se\/test\/wp-json\/wp\/v2\/posts\/212495\/revisions\/213294"}],"wp:attachment":[{"href":"https:\/\/kulturista.se\/test\/wp-json\/wp\/v2\/media?parent=212495"}],"wp:term":[{"taxonomy":"category","embeddable":true,"href":"https:\/\/kulturista.se\/test\/wp-json\/wp\/v2\/categories?post=212495"},{"taxonomy":"post_tag","embeddable":true,"href":"https:\/\/kulturista.se\/test\/wp-json\/wp\/v2\/tags?post=212495"}],"curies":[{"name":"wp","href":"https:\/\/api.w.org\/{rel}","templated":true}]}}