{"id":212401,"date":"2025-10-30T16:54:20","date_gmt":"2025-10-30T15:54:20","guid":{"rendered":"https:\/\/kulturista.se\/test\/?p=212401"},"modified":"2026-08-16T00:14:59","modified_gmt":"2026-08-15T22:14:59","slug":"kulturista-moter-petter","status":"publish","type":"post","link":"https:\/\/kulturista.se\/test\/kulturista-moter-petter\/","title":{"rendered":"Kulturista m\u00f6ter Petter"},"content":{"rendered":"<p>Atelj\u00e9n p\u00e5 H\u00f6gbergsgatan\u00a0 h\u00e5ller bara \u00f6ppet n\u00e5gra f\u00e5 g\u00e5nger per \u00e5r och d\u00e5 mot bokning. Jag hade egentligen bara t\u00e4nkt f\u00e5 m\u00f6jlighet att se hans konst, men fr\u00e5gar spontant om jag f\u00e5r g\u00f6ra en liten intervju. Han ler bara ja, som om det vore det mest sj\u00e4lvklara i v\u00e4rlden.<\/p>\n<p><img loading=\"lazy\" decoding=\"async\" class=\"aligncenter size-full wp-image-212412\" src=\"https:\/\/kulturista.se\/test\/wp-content\/uploads\/2026\/01\/Mall-Kulturista.se-2-1.png\" alt=\"\" width=\"1334\" height=\"885\" srcset=\"https:\/\/kulturista.se\/test\/wp-content\/uploads\/2026\/01\/Mall-Kulturista.se-2-1.png 1334w, https:\/\/kulturista.se\/test\/wp-content\/uploads\/2026\/01\/Mall-Kulturista.se-2-1-1280x849.png 1280w, https:\/\/kulturista.se\/test\/wp-content\/uploads\/2026\/01\/Mall-Kulturista.se-2-1-980x650.png 980w, https:\/\/kulturista.se\/test\/wp-content\/uploads\/2026\/01\/Mall-Kulturista.se-2-1-480x318.png 480w\" sizes=\"(min-width: 0px) and (max-width: 480px) 480px, (min-width: 481px) and (max-width: 980px) 980px, (min-width: 981px) and (max-width: 1280px) 1280px, (min-width: 1281px) 1334px, 100vw\" \/><em><span style=\"font-size: 8pt;\">Foto: Kulturista<\/span><\/em><\/p>\n<p>Petter ber\u00e4ttar sedan om sin uppv\u00e4xt p\u00e5 S\u00f6der, om pappan som var arkitekt och en skicklig akvarellm\u00e5lare, och om systern som g\u00e5tt i pappas fotsp\u00e5r och om m\u00e5leriet var alltid n\u00e4ra och en naturlig del av livet hemma.<\/p>\n<p>Jag fr\u00e5gar om han har g\u00e5tt n\u00e5gon konstutbildning, men nej, det har han inte. Han tror inte att det hade passat honom. Sj\u00e4lvl\u00e4rd, s\u00e4ger han, men med en v\u00e4xande nyfikenhet f\u00f6r konsthistoria, ett \u00e4mne han l\u00e4ste vid Uppsala universitet i slutet av 1990-talet.<\/p>\n<p><img loading=\"lazy\" decoding=\"async\" class=\"aligncenter size-full wp-image-212405\" src=\"https:\/\/kulturista.se\/test\/wp-content\/uploads\/2026\/01\/1-1.png\" alt=\"\" width=\"1334\" height=\"885\" srcset=\"https:\/\/kulturista.se\/test\/wp-content\/uploads\/2026\/01\/1-1.png 1334w, https:\/\/kulturista.se\/test\/wp-content\/uploads\/2026\/01\/1-1-1280x849.png 1280w, https:\/\/kulturista.se\/test\/wp-content\/uploads\/2026\/01\/1-1-980x650.png 980w, https:\/\/kulturista.se\/test\/wp-content\/uploads\/2026\/01\/1-1-480x318.png 480w\" sizes=\"(min-width: 0px) and (max-width: 480px) 480px, (min-width: 481px) and (max-width: 980px) 980px, (min-width: 981px) and (max-width: 1280px) 1280px, (min-width: 1281px) 1334px, 100vw\" \/><span style=\"font-size: 8pt;\"><em>R\u00f6d himmel \u00f6ver stan, akvarell och foto Petter Alexis Askergren<\/em><\/span><\/p>\n<p>D\u00e4refter kom musiken i hans v\u00e4g, fick sitt f\u00f6rsta skivkontrakt och blev Petter med hela Sverige.<br \/>\nN\u00e4r han debuterade 1998 med albumet &#8221;Mitt sj\u00e4tte sinne&#8221; blev han en av de f\u00f6rsta svenska rapparna att n\u00e5 en bred publik.<\/p>\n<p>Texterna var personliga och samtida, ofta med blicken riktad mot vardagen och de milj\u00f6er han sj\u00e4lv kom ifr\u00e5n. Sedan dess har han fortsatt att utveckla sin musik, b\u00e5de i samarbeten och p\u00e5 egen hand, med en tydlig vilja att v\u00e4xa med \u00e5ren. Hans senare skivor b\u00e4r sp\u00e5r av eftertanke, familjeliv och tiden som g\u00e5tt.<\/p>\n<p><img loading=\"lazy\" decoding=\"async\" class=\"aligncenter size-full wp-image-212407\" src=\"https:\/\/kulturista.se\/test\/wp-content\/uploads\/2026\/01\/3-1.png\" alt=\"\" width=\"1334\" height=\"885\" srcset=\"https:\/\/kulturista.se\/test\/wp-content\/uploads\/2026\/01\/3-1.png 1334w, https:\/\/kulturista.se\/test\/wp-content\/uploads\/2026\/01\/3-1-1280x849.png 1280w, https:\/\/kulturista.se\/test\/wp-content\/uploads\/2026\/01\/3-1-980x650.png 980w, https:\/\/kulturista.se\/test\/wp-content\/uploads\/2026\/01\/3-1-480x318.png 480w\" sizes=\"(min-width: 0px) and (max-width: 480px) 480px, (min-width: 481px) and (max-width: 980px) 980px, (min-width: 981px) and (max-width: 1280px) 1280px, (min-width: 1281px) 1334px, 100vw\" \/><span style=\"font-size: 8pt;\"><em>Sergels torg, akvarell och foto Petter Alexis Askergren<\/em><\/span><\/p>\n<p>Efter 2012 b\u00f6rjade han m\u00e5la mer regelbundet, och i dag delar han sin tid mellan musik, m\u00e5leri och vinproduktion. Han reser ofta, b\u00e5de f\u00f6r att bes\u00f6ka ving\u00e5rdar och f\u00f6r att samla intryck. P\u00e5 resorna f\u00f6r han dagbok, fylld av anteckningar, akvareller och sm\u00e5 ber\u00e4ttelser fr\u00e5n platser han bes\u00f6kt. Det \u00e4r en sorts parallellt skapande d\u00e4r ord och bild m\u00f6ts, och d\u00e4r resorna blir till egna konstn\u00e4rliga arkiv.<\/p>\n<p><img loading=\"lazy\" decoding=\"async\" class=\"aligncenter size-full wp-image-212408\" src=\"https:\/\/kulturista.se\/test\/wp-content\/uploads\/2026\/01\/4.png\" alt=\"\" width=\"1334\" height=\"885\" srcset=\"https:\/\/kulturista.se\/test\/wp-content\/uploads\/2026\/01\/4.png 1334w, https:\/\/kulturista.se\/test\/wp-content\/uploads\/2026\/01\/4-1280x849.png 1280w, https:\/\/kulturista.se\/test\/wp-content\/uploads\/2026\/01\/4-980x650.png 980w, https:\/\/kulturista.se\/test\/wp-content\/uploads\/2026\/01\/4-480x318.png 480w\" sizes=\"(min-width: 0px) and (max-width: 480px) 480px, (min-width: 481px) and (max-width: 980px) 980px, (min-width: 981px) and (max-width: 1280px) 1280px, (min-width: 1281px) 1334px, 100vw\" \/><span style=\"font-size: 8pt;\"><em>Klaratunneln,, akvarell och\u00a0 foto Petter Alexis Askergren<\/em><\/span><\/p>\n<p>I hans m\u00e5lningar \u00e5terkommer motiven av Stockholm d\u00e4r han v\u00e4xte upp, \u00c5re d\u00e4r han bor, Koster\u00f6arna d\u00e4r han ofta vistas, och motiv fr\u00e5n hans resor till\u00a0 Italien och Portugal.<\/p>\n<p>Vid sidan av musiken och m\u00e5leriet \u00e4r Petter ocks\u00e5 utbildad sommelier. Under namnet P.Lex har han sedan 2013 tagit fram egna viner fr\u00e5n Italien och Portugal.<\/p>\n<p><img loading=\"lazy\" decoding=\"async\" class=\"aligncenter size-full wp-image-212406\" src=\"https:\/\/kulturista.se\/test\/wp-content\/uploads\/2026\/01\/2.png\" alt=\"\" width=\"1334\" height=\"885\" srcset=\"https:\/\/kulturista.se\/test\/wp-content\/uploads\/2026\/01\/2.png 1334w, https:\/\/kulturista.se\/test\/wp-content\/uploads\/2026\/01\/2-1280x849.png 1280w, https:\/\/kulturista.se\/test\/wp-content\/uploads\/2026\/01\/2-980x650.png 980w, https:\/\/kulturista.se\/test\/wp-content\/uploads\/2026\/01\/2-480x318.png 480w\" sizes=\"(min-width: 0px) and (max-width: 480px) 480px, (min-width: 481px) and (max-width: 980px) 980px, (min-width: 981px) and (max-width: 1280px) 1280px, (min-width: 1281px) 1334px, 100vw\" \/><span style=\"font-size: 8pt;\"><em>En kv\u00e4ll i tunnelbanan, akvarell och\u00a0 foto Petter Alexis Askergren<\/em><\/span><\/p>\n<p>Han har ocks\u00e5 skrivit flera b\u00f6cker, bland annat 16 rader som samlar hans hiphoptexter och reflektioner kring skrivandet, <em>Vin \u2013 s\u00e5 funkar det<\/em>, skriven tillsammans med Alf Tumble, och <em>Min plats p\u00e5 jorden: Koster<\/em>, en personlig ber\u00e4ttelse om v\u00e4nskap och livet p\u00e5 Koster\u00f6arna.<\/p>\n<p>P\u00e5 fr\u00e5gan hur han hinner med allt, musiken, m\u00e5leriet, vinet, skrivandet, tr\u00e4ningen och familjen, svarar han: &#8221;Jag stiger upp tidigt om morgnarna.&#8221;<\/p>\n<p>Jag l\u00e4mnar Petter med k\u00e4nslan av att ha m\u00f6tt n\u00e5gon som, trots ett till synes sp\u00e4ckat schema, hittat sin rytm och sitt lugn.<\/p>\n<p>&nbsp;<\/p>\n","protected":false},"excerpt":{"rendered":"<p>Atelj\u00e9n p\u00e5 H\u00f6gbergsgatan\u00a0 h\u00e5ller bara \u00f6ppet n\u00e5gra f\u00e5 g\u00e5nger per \u00e5r och d\u00e5 mot bokning. Jag hade egentligen bara t\u00e4nkt f\u00e5 m\u00f6jlighet att se hans konst, men fr\u00e5gar spontant om jag f\u00e5r g\u00f6ra en liten intervju. Han ler bara ja, som om det vore det mest sj\u00e4lvklara i v\u00e4rlden. Foto: Kulturista Petter ber\u00e4ttar sedan om [&hellip;]<\/p>\n","protected":false},"author":1,"featured_media":0,"comment_status":"open","ping_status":"open","sticky":false,"template":"","format":"standard","meta":{"_acf_changed":false,"_et_pb_use_builder":"","_et_pb_old_content":"","_et_gb_content_width":"","_jetpack_newsletter_access":"","_jetpack_dont_email_post_to_subs":false,"_jetpack_newsletter_tier_id":0,"_jetpack_memberships_contains_paywalled_content":false,"_jetpack_feature_clip_id":0,"_jetpack_memberships_contains_paid_content":false,"footnotes":"","jetpack_post_was_ever_published":false},"categories":[69,5],"tags":[],"class_list":["post-212401","post","type-post","status-publish","format-standard","hentry","category-kulturista-moter","category-kulturistas-stockholm"],"acf":[],"jetpack_sharing_enabled":true,"jetpack_featured_media_url":"","_links":{"self":[{"href":"https:\/\/kulturista.se\/test\/wp-json\/wp\/v2\/posts\/212401","targetHints":{"allow":["GET"]}}],"collection":[{"href":"https:\/\/kulturista.se\/test\/wp-json\/wp\/v2\/posts"}],"about":[{"href":"https:\/\/kulturista.se\/test\/wp-json\/wp\/v2\/types\/post"}],"author":[{"embeddable":true,"href":"https:\/\/kulturista.se\/test\/wp-json\/wp\/v2\/users\/1"}],"replies":[{"embeddable":true,"href":"https:\/\/kulturista.se\/test\/wp-json\/wp\/v2\/comments?post=212401"}],"version-history":[{"count":25,"href":"https:\/\/kulturista.se\/test\/wp-json\/wp\/v2\/posts\/212401\/revisions"}],"predecessor-version":[{"id":212433,"href":"https:\/\/kulturista.se\/test\/wp-json\/wp\/v2\/posts\/212401\/revisions\/212433"}],"wp:attachment":[{"href":"https:\/\/kulturista.se\/test\/wp-json\/wp\/v2\/media?parent=212401"}],"wp:term":[{"taxonomy":"category","embeddable":true,"href":"https:\/\/kulturista.se\/test\/wp-json\/wp\/v2\/categories?post=212401"},{"taxonomy":"post_tag","embeddable":true,"href":"https:\/\/kulturista.se\/test\/wp-json\/wp\/v2\/tags?post=212401"}],"curies":[{"name":"wp","href":"https:\/\/api.w.org\/{rel}","templated":true}]}}