{"id":212288,"date":"2026-01-12T14:08:23","date_gmt":"2026-01-12T13:08:23","guid":{"rendered":"https:\/\/kulturista.se\/test\/?p=212288"},"modified":"2026-08-15T23:55:51","modified_gmt":"2026-08-15T21:55:51","slug":"utstallningar-2026","status":"publish","type":"post","link":"https:\/\/kulturista.se\/test\/utstallningar-2026\/","title":{"rendered":"Utst\u00e4llningar 2026"},"content":{"rendered":"<p>Jag ser fram emot 2026 och alla utst\u00e4llningar som \u00f6ppnar i \u00e5r i\u00a0 Stockholm. Har tittat lite p\u00e5 vad konstmuseerna visar. Jag \u00e4r s\u00e4rskilt nyfiken p\u00e5 Fredrik Wretmans separatutst\u00e4llning p\u00e5 Artipelag och temautst\u00e4llningen om familjen p\u00e5 Sven-Harrys, som tar sig an ett \u00e4mne de flesta av oss b\u00e4r med oss p\u00e5 olika s\u00e4tt. Det k\u00e4nns ocks\u00e5 fint att m\u00f6ta v\u00e5ren med en blomsterutst\u00e4llning p\u00e5 Prins Eugens Waldemarsudde.<\/p>\n<p><img loading=\"lazy\" decoding=\"async\" class=\"aligncenter size-full wp-image-212298\" src=\"https:\/\/kulturista.se\/test\/wp-content\/uploads\/2026\/01\/1.png\" alt=\"\" width=\"1334\" height=\"885\" srcset=\"https:\/\/kulturista.se\/test\/wp-content\/uploads\/2026\/01\/1.png 1334w, https:\/\/kulturista.se\/test\/wp-content\/uploads\/2026\/01\/1-1280x849.png 1280w, https:\/\/kulturista.se\/test\/wp-content\/uploads\/2026\/01\/1-980x650.png 980w, https:\/\/kulturista.se\/test\/wp-content\/uploads\/2026\/01\/1-480x318.png 480w\" sizes=\"(min-width: 0px) and (max-width: 480px) 480px, (min-width: 481px) and (max-width: 980px) 980px, (min-width: 981px) and (max-width: 1280px) 1280px, (min-width: 1281px) 1334px, 100vw\" \/><span style=\"font-size: 8pt;\"><em>Foto: Prins Eugens Waldemarsudde<\/em><\/span><\/p>\n<p><strong>Prins Eugens Waldemarsudde <em>Det blommande \u2013 Konst &amp; botanik<br \/>\n<\/em><\/strong>14 mars \u2013 13 september 2026<\/p>\n<p>Med v\u00e5ren som utg\u00e5ngspunkt \u00f6ppnar Waldemarsudde en utst\u00e4llning d\u00e4r blommans roll i konsten, designen och kulturhistorien st\u00e5r i fokus. H\u00e4r m\u00f6ts verk fr\u00e5n 1500-talet fram till idag \u2013 m\u00e5leri, skulptur, fotografi, botaniska illustrationer och samtida installationer \u2013 i dialog med platsens egna tr\u00e4dg\u00e5rdar. Utst\u00e4llningen tar avstamp i prins Eugens intresse f\u00f6r b\u00e5de konst och odling och r\u00f6r sig mellan livskraft och f\u00f6rg\u00e4nglighet.<br \/>\nPrins Eugens v\u00e4g 6, Stockholm<br data-start=\"594\" data-end=\"597\" \/><strong><a class=\"decorated-link cursor-pointer\" href=\"https:\/\/www.waldemarsudde.se\" target=\"_blank\" rel=\"noopener\" data-start=\"597\" data-end=\"625\">www.waldemarsudde.se<\/a><\/strong><\/p>\n<p><img loading=\"lazy\" decoding=\"async\" class=\"aligncenter size-full wp-image-212304\" src=\"https:\/\/kulturista.se\/test\/wp-content\/uploads\/2026\/01\/Mall-Kulturista.se_.png\" alt=\"\" width=\"1334\" height=\"885\" srcset=\"https:\/\/kulturista.se\/test\/wp-content\/uploads\/2026\/01\/Mall-Kulturista.se_.png 1334w, https:\/\/kulturista.se\/test\/wp-content\/uploads\/2026\/01\/Mall-Kulturista.se_-1280x849.png 1280w, https:\/\/kulturista.se\/test\/wp-content\/uploads\/2026\/01\/Mall-Kulturista.se_-980x650.png 980w, https:\/\/kulturista.se\/test\/wp-content\/uploads\/2026\/01\/Mall-Kulturista.se_-480x318.png 480w\" sizes=\"(min-width: 0px) and (max-width: 480px) 480px, (min-width: 481px) and (max-width: 980px) 980px, (min-width: 981px) and (max-width: 1280px) 1280px, (min-width: 1281px) 1334px, 100vw\" \/><span style=\"font-size: 8pt;\"><em>Foto: Nationalmuseum<\/em><\/span><\/p>\n<p><strong>Nationalmuseum <em>Badin \u2013 bortom yta och mask\u00a0 <\/em><\/strong>19 februari \u2013 9 augusti 2026<strong><br \/>\n<\/strong><\/p>\n<p>En mindre, f\u00f6rdjupande utst\u00e4llning som lyfter Adolf Ludvig Gustav Fredrik Albert Badin, \u00e4ven k\u00e4nd som Couschi. Badin f\u00f6rdes som barn fr\u00e5n Saint Croix till Sverige och kom att f\u00e5 en betydande roll i det svenska hovlivet under 1700-talet. Utst\u00e4llningen vill bidra till en mer m\u00e5ngfacetterad f\u00f6rst\u00e5else av hans liv och samtid, och kompletteras av ett nyproducerat filmverk av konstn\u00e4ren Salad Hilowle.<\/p>\n<p>S\u00f6dra Blasieholmshamnen 2, Stockholm<br \/>\n<a class=\"decorated-link\" href=\"https:\/\/www.nationalmuseum.se\" target=\"_new\" rel=\"noopener\" data-start=\"378\" data-end=\"407\">https:\/\/www.nationalmuseum.se<\/a><\/p>\n<p><img loading=\"lazy\" decoding=\"async\" class=\"aligncenter size-full wp-image-212315\" src=\"https:\/\/kulturista.se\/test\/wp-content\/uploads\/2026\/01\/Mall-Kulturista.se-1.png\" alt=\"\" width=\"1334\" height=\"885\" srcset=\"https:\/\/kulturista.se\/test\/wp-content\/uploads\/2026\/01\/Mall-Kulturista.se-1.png 1334w, https:\/\/kulturista.se\/test\/wp-content\/uploads\/2026\/01\/Mall-Kulturista.se-1-1280x849.png 1280w, https:\/\/kulturista.se\/test\/wp-content\/uploads\/2026\/01\/Mall-Kulturista.se-1-980x650.png 980w, https:\/\/kulturista.se\/test\/wp-content\/uploads\/2026\/01\/Mall-Kulturista.se-1-480x318.png 480w\" sizes=\"(min-width: 0px) and (max-width: 480px) 480px, (min-width: 481px) and (max-width: 980px) 980px, (min-width: 981px) and (max-width: 1280px) 1280px, (min-width: 1281px) 1334px, 100vw\" \/><span style=\"font-size: 8pt;\"><em>Foto: Galleri Flach fr\u00e5n tidigare utst\u00e4llningar<\/em><\/span><\/p>\n<p><strong>Artipelag <em>Fredrik Wretman\u00a0 <\/em><\/strong>14 mars \u2013 30 augusti 2026<strong><br \/>\n<\/strong>Under v\u00e5ren presenterar Artipelag en separatutst\u00e4llning med Fredrik Wretman, en av Sveriges mer s\u00e4rpr\u00e4glade samtida konstn\u00e4rer. Utst\u00e4llningen best\u00e5r av <span data-tt=\"{&quot;paragraphStyle&quot;:{&quot;alignment&quot;:4,&quot;style&quot;:3}}\"> ett storskaligt installationverk best\u00e5ende av ett hundratal bronsskulpturer.<br \/>\n<\/span>Hans konstn\u00e4rskap har pr\u00e4glats av Stockholm och Chiang Mai i Thailand. Tv\u00e5 platser, tv\u00e5 hem.<\/p>\n<p>Artipelagstigen 1, Gustavsberg (V\u00e4rmd\u00f6)<br data-start=\"492\" data-end=\"495\" \/><a class=\"decorated-link\" href=\"https:\/\/www.artipelag.se\" target=\"_new\" rel=\"noopener\" data-start=\"495\" data-end=\"519\">https:\/\/www.artipelag.se<\/a><\/p>\n<p>&nbsp;<\/p>\n<p><strong><img loading=\"lazy\" decoding=\"async\" class=\"aligncenter size-full wp-image-212300\" src=\"https:\/\/kulturista.se\/test\/wp-content\/uploads\/2026\/01\/3.png\" alt=\"\" width=\"1334\" height=\"885\" srcset=\"https:\/\/kulturista.se\/test\/wp-content\/uploads\/2026\/01\/3.png 1334w, https:\/\/kulturista.se\/test\/wp-content\/uploads\/2026\/01\/3-1280x849.png 1280w, https:\/\/kulturista.se\/test\/wp-content\/uploads\/2026\/01\/3-980x650.png 980w, https:\/\/kulturista.se\/test\/wp-content\/uploads\/2026\/01\/3-480x318.png 480w\" sizes=\"(min-width: 0px) and (max-width: 480px) 480px, (min-width: 481px) and (max-width: 980px) 980px, (min-width: 981px) and (max-width: 1280px) 1280px, (min-width: 1281px) 1334px, 100vw\" \/><\/strong><span style=\"font-size: 8pt;\"><em>Foto: Sven-Harrys konstmuseum<\/em><\/span><\/p>\n<p><strong>Sven-Harrys Konstmuseum <em>Familjen \u2013 p\u00e5 gott och ont\u00a0 <\/em><\/strong>27 mars \u2013 13 september 2026<strong><br \/>\n<\/strong>En temautst\u00e4llning som unders\u00f6ker familjen som erfarenhet, struktur och relation. Genom konst fr\u00e5n olika tider och sammanhang skildras familjen som b\u00e5de trygg plats och konfliktzon, som grund och motst\u00e5nd. Bland de medverkande finns verk av bland andra Carl Larsson, Lena Cronqvist, Siri Derkert, Marie-Louise Ekman och Ylva Sn\u00f6frid.<\/p>\n<p>Eastmansv\u00e4gen 10, Stockholm<br data-start=\"698\" data-end=\"701\" \/><a class=\"decorated-link cursor-pointer\" target=\"_new\" rel=\"noopener\" data-start=\"701\" data-end=\"727\">https:\/\/www.sven-harrys.se<\/a><\/p>\n<p><strong>Liljevalchs <em>V\u00e5rsalongen 2026\u00a0 <\/em><\/strong>13 februari \u2013 3 maj 2026<br \/>\nV\u00e5rsalongen \u00e4r tillbaka och forts\u00e4tter att fungera som ett slags temperaturm\u00e4tare p\u00e5 samtidskonsten i Sverige. Till 2026 \u00e5rs upplaga har 255 konstn\u00e4rer antagits, den st\u00f6rsta utst\u00e4llningen sedan 1950-talet. Urvalet sp\u00e4nner brett, b\u00e5de n\u00e4r det g\u00e4ller \u00e5lder och geografi, och rymmer s\u00e5v\u00e4l nya r\u00f6ster som mer etablerade uttryck. F\u00f6r f\u00f6rsta g\u00e5ngen har konstn\u00e4rer verksamma i hela S\u00e1pmi haft m\u00f6jlighet att s\u00f6ka.<\/p>\n<p>Djurg\u00e5rdsv\u00e4gen 60, Stockholm<br data-start=\"264\" data-end=\"267\" \/><a class=\"decorated-link cursor-pointer\" href=\"https:\/\/www.liljevalchs.se\" target=\"_blank\" rel=\"noopener\" data-start=\"267\" data-end=\"293\">https:\/\/www.liljevalchs.se<\/a><\/p>\n<p><strong>Moderna Museet <em>Anna Casparsson \u2013 Lycksalighetens \u00f6\u00a0 <\/em><\/strong>5 april \u2013 27 september 2026<strong><br \/>\n<\/strong>F\u00f6r f\u00f6rsta g\u00e5ngen sedan 1960 visas Anna Casparssons konst i en st\u00f6rre separatutst\u00e4llning. Med broderi som sitt fr\u00e4msta uttryck skapade hon detaljrika och ber\u00e4ttande verk inspirerade av sagor, musik och bibliska motiv. Hennes arbeten r\u00f6r sig mellan textila bilder, viksk\u00e4rmar och fria kompositioner. Trots sin aktiva roll i sin tids kulturliv har Casparsson l\u00e4nge varit en relativt undanskymd gestalt i svensk konsthistoria.<\/p>\n<p>Exercisplan 4, Stockholm<br \/>\n<a href=\"https:\/\/www.modernamuseet.se\" target=\"_blank\" rel=\"noopener\">https:\/\/www.modernamuseet.se<\/a><\/p>\n<p>&nbsp;<\/p>\n","protected":false},"excerpt":{"rendered":"<p>Jag ser fram emot 2026 och alla utst\u00e4llningar som \u00f6ppnar i \u00e5r i\u00a0 Stockholm. Har tittat lite p\u00e5 vad konstmuseerna visar. Jag \u00e4r s\u00e4rskilt nyfiken p\u00e5 Fredrik Wretmans separatutst\u00e4llning p\u00e5 Artipelag och temautst\u00e4llningen om familjen p\u00e5 Sven-Harrys, som tar sig an ett \u00e4mne de flesta av oss b\u00e4r med oss p\u00e5 olika s\u00e4tt. Det k\u00e4nns [&hellip;]<\/p>\n","protected":false},"author":1,"featured_media":0,"comment_status":"open","ping_status":"open","sticky":false,"template":"","format":"standard","meta":{"_acf_changed":false,"_et_pb_use_builder":"","_et_pb_old_content":"","_et_gb_content_width":"","_jetpack_newsletter_access":"","_jetpack_dont_email_post_to_subs":false,"_jetpack_newsletter_tier_id":0,"_jetpack_memberships_contains_paywalled_content":false,"_jetpack_feature_clip_id":0,"_jetpack_memberships_contains_paid_content":false,"footnotes":"","jetpack_post_was_ever_published":false},"categories":[19],"tags":[],"class_list":["post-212288","post","type-post","status-publish","format-standard","hentry","category-museer-utstallningar"],"acf":[],"jetpack_sharing_enabled":true,"jetpack_featured_media_url":"","_links":{"self":[{"href":"https:\/\/kulturista.se\/test\/wp-json\/wp\/v2\/posts\/212288","targetHints":{"allow":["GET"]}}],"collection":[{"href":"https:\/\/kulturista.se\/test\/wp-json\/wp\/v2\/posts"}],"about":[{"href":"https:\/\/kulturista.se\/test\/wp-json\/wp\/v2\/types\/post"}],"author":[{"embeddable":true,"href":"https:\/\/kulturista.se\/test\/wp-json\/wp\/v2\/users\/1"}],"replies":[{"embeddable":true,"href":"https:\/\/kulturista.se\/test\/wp-json\/wp\/v2\/comments?post=212288"}],"version-history":[{"count":26,"href":"https:\/\/kulturista.se\/test\/wp-json\/wp\/v2\/posts\/212288\/revisions"}],"predecessor-version":[{"id":212323,"href":"https:\/\/kulturista.se\/test\/wp-json\/wp\/v2\/posts\/212288\/revisions\/212323"}],"wp:attachment":[{"href":"https:\/\/kulturista.se\/test\/wp-json\/wp\/v2\/media?parent=212288"}],"wp:term":[{"taxonomy":"category","embeddable":true,"href":"https:\/\/kulturista.se\/test\/wp-json\/wp\/v2\/categories?post=212288"},{"taxonomy":"post_tag","embeddable":true,"href":"https:\/\/kulturista.se\/test\/wp-json\/wp\/v2\/tags?post=212288"}],"curies":[{"name":"wp","href":"https:\/\/api.w.org\/{rel}","templated":true}]}}