{"id":212012,"date":"2025-09-22T13:42:31","date_gmt":"2025-09-22T11:42:31","guid":{"rendered":"https:\/\/kulturista.se\/test\/?p=212012"},"modified":"2026-08-23T13:57:06","modified_gmt":"2026-08-23T11:57:06","slug":"subtopia-utomhusgalleri","status":"publish","type":"post","link":"https:\/\/kulturista.se\/test\/subtopia-utomhusgalleri\/","title":{"rendered":"Subtopia utomhusgalleri"},"content":{"rendered":"<p data-start=\"681\" data-end=\"862\">Det hela tog sin b\u00f6rjan n\u00e4r konstn\u00e4ren Sanna-Lisa Gesang-Gottowt tipsade Subtopia om att den belgiske street art-konstn\u00e4ren ROA letade efter en v\u00e4gg att m\u00e5la p\u00e5 i Stockholmsomr\u00e5det.<\/p>\n<p data-start=\"864\" data-end=\"1017\">I samarbete med Scarlett Gallery blev resultatet en monumental gr\u00e4vling, ett verk som fortfarande g\u00e5r att se, om \u00e4n p\u00e5 avst\u00e5nd p\u00e5 grund av s\u00e4kerhetssk\u00e4l.<\/p>\n<p data-start=\"1019\" data-end=\"1162\">ROAs djurm\u00e5lningar finns i st\u00e4der v\u00e4rlden \u00f6ver, fr\u00e5n Brooklyn till Zaragoza, och h\u00e4r i Botkyrka fick Subtopia sitt f\u00f6rsta internationella verk.<\/p>\n<figure class=\"wp-block-image size-full\"><img loading=\"lazy\" decoding=\"async\" class=\"aligncenter size-full wp-image-212024\" src=\"https:\/\/kulturista.se\/test\/wp-content\/uploads\/2025\/09\/gravling.png\" alt=\"\" width=\"1334\" height=\"885\" srcset=\"https:\/\/kulturista.se\/test\/wp-content\/uploads\/2025\/09\/gravling.png 1334w, https:\/\/kulturista.se\/test\/wp-content\/uploads\/2025\/09\/gravling-1280x849.png 1280w, https:\/\/kulturista.se\/test\/wp-content\/uploads\/2025\/09\/gravling-980x650.png 980w, https:\/\/kulturista.se\/test\/wp-content\/uploads\/2025\/09\/gravling-480x318.png 480w\" sizes=\"(min-width: 0px) and (max-width: 480px) 480px, (min-width: 481px) and (max-width: 980px) 980px, (min-width: 981px) and (max-width: 1280px) 1280px, (min-width: 1281px) 1334px, 100vw\" \/><figcaption>ROA \u2013 Gr\u00e4vlingen<\/figcaption><\/figure>\n<h3 class=\"PDq2pG_selectionAnchorContainer\" data-section-id=\"1rdiu09\" data-start=\"1194\" data-end=\"1214\">ROA \u2013 Gr\u00e4vlingen<\/h3>\n<p data-start=\"1216\" data-end=\"1488\">Gr\u00e4vlingen blev startskottet f\u00f6r Subtopias utomhusgalleri. ROA \u00e4r k\u00e4nd f\u00f6r sina stora svartvita djurm\u00e5lningar och hans verk finns p\u00e5 v\u00e4ggar i st\u00e4der runt om i v\u00e4rlden. Verket i Alby kan fortfarande ses, men p\u00e5 avst\u00e5nd eftersom omr\u00e5det intill \u00e4r avsp\u00e4rrat av s\u00e4kerhetssk\u00e4l.<\/p>\n<figure class=\"wp-block-image size-full\"><img loading=\"lazy\" decoding=\"async\" class=\"aligncenter size-full wp-image-212014\" src=\"https:\/\/kulturista.se\/test\/wp-content\/uploads\/2025\/09\/1.png\" alt=\"\" width=\"1334\" height=\"885\" srcset=\"https:\/\/kulturista.se\/test\/wp-content\/uploads\/2025\/09\/1.png 1334w, https:\/\/kulturista.se\/test\/wp-content\/uploads\/2025\/09\/1-1280x849.png 1280w, https:\/\/kulturista.se\/test\/wp-content\/uploads\/2025\/09\/1-980x650.png 980w, https:\/\/kulturista.se\/test\/wp-content\/uploads\/2025\/09\/1-480x318.png 480w\" sizes=\"(min-width: 0px) and (max-width: 480px) 480px, (min-width: 481px) and (max-width: 980px) 980px, (min-width: 981px) and (max-width: 1280px) 1280px, (min-width: 1281px) 1334px, 100vw\" \/><figcaption>Bl\u00e5 armen, Lola, Sverige, 2009 (Fotograf: Luca Garuski)<\/figcaption><\/figure>\n<h3 class=\"PDq2pG_selectionAnchorContainer\" data-section-id=\"13k8u1a\" data-start=\"1554\" data-end=\"1570\">Lola \u2013 Armen<\/h3>\n<p data-start=\"1572\" data-end=\"1814\">Precis vid korsningen Albyv\u00e4gen och Rotemannav\u00e4gen reser sig en stor ljusbl\u00e5 arm, skapad av det svenska konstn\u00e4rskollektivet Lola. Verket \u00e4r en f\u00f6rstorad kopia av cirkusartisten Fefe Deijfens arm och fungerar b\u00e5de som belysning och landm\u00e4rke.<\/p>\n<p data-start=\"1816\" data-end=\"1954\">Armen kom p\u00e5 plats redan 2009, allts\u00e5 innan utomhusgalleriet b\u00f6rjade v\u00e4xa fram, och blev ett tidigt inslag i Subtopias konstn\u00e4rliga milj\u00f6.<\/p>\n<h3 class=\"PDq2pG_selectionAnchorContainer\" data-section-id=\"11duxlr\" data-start=\"1956\" data-end=\"1979\">Ett v\u00e4xande galleri<\/h3>\n<p data-start=\"1981\" data-end=\"2158\">Sedan ROAs f\u00f6rsta verk har galleriet fyllts p\u00e5 med konst av namn som Alias fr\u00e5n Tyskland, SIT fr\u00e5n Nederl\u00e4nderna samt Shora Denhavi, Amara Por Dios och Vegan Flava fr\u00e5n Sverige.<\/p>\n<p data-start=\"2160\" data-end=\"2261\">H\u00e4r blandas stencilkonst, graffiti, muraler, mosaik, stickers, stickade installationer och LED-konst.<\/p>\n<figure class=\"wp-block-image size-full\"><img loading=\"lazy\" decoding=\"async\" class=\"aligncenter size-full wp-image-212020\" src=\"https:\/\/kulturista.se\/test\/wp-content\/uploads\/2025\/09\/7.png\" alt=\"\" width=\"1334\" height=\"885\" srcset=\"https:\/\/kulturista.se\/test\/wp-content\/uploads\/2025\/09\/7.png 1334w, https:\/\/kulturista.se\/test\/wp-content\/uploads\/2025\/09\/7-1280x849.png 1280w, https:\/\/kulturista.se\/test\/wp-content\/uploads\/2025\/09\/7-980x650.png 980w, https:\/\/kulturista.se\/test\/wp-content\/uploads\/2025\/09\/7-480x318.png 480w\" sizes=\"(min-width: 0px) and (max-width: 480px) 480px, (min-width: 481px) and (max-width: 980px) 980px, (min-width: 981px) and (max-width: 1280px) 1280px, (min-width: 1281px) 1334px, 100vw\" \/><figcaption>Vegan Flava \u2013 Kasta l\u00f6v mot maskiner<\/figcaption><\/figure>\n<h3 class=\"PDq2pG_selectionAnchorContainer\" data-section-id=\"1vhascg\" data-start=\"2313\" data-end=\"2353\">Vegan Flava \u2013 Kasta l\u00f6v mot maskiner<\/h3>\n<p data-start=\"2355\" data-end=\"2564\">Med poetiska och melankoliska motiv i gr\u00e5skala tar Vegan Flava upp v\u00e5r relation till naturen och den p\u00e5g\u00e5ende klimatkrisen. Skelett och kranier \u00e5terkommer i hans konst och blir en p\u00e5minnelse om livets sk\u00f6rhet.<\/p>\n<figure class=\"wp-block-image size-full\"><img loading=\"lazy\" decoding=\"async\" class=\"aligncenter size-full wp-image-212019\" src=\"https:\/\/kulturista.se\/test\/wp-content\/uploads\/2025\/09\/6.png\" alt=\"\" width=\"1334\" height=\"885\" srcset=\"https:\/\/kulturista.se\/test\/wp-content\/uploads\/2025\/09\/6.png 1334w, https:\/\/kulturista.se\/test\/wp-content\/uploads\/2025\/09\/6-1280x849.png 1280w, https:\/\/kulturista.se\/test\/wp-content\/uploads\/2025\/09\/6-980x650.png 980w, https:\/\/kulturista.se\/test\/wp-content\/uploads\/2025\/09\/6-480x318.png 480w\" sizes=\"(min-width: 0px) and (max-width: 480px) 480px, (min-width: 481px) and (max-width: 980px) 980px, (min-width: 981px) and (max-width: 1280px) 1280px, (min-width: 1281px) 1334px, 100vw\" \/><figcaption>Lott Alfreds \u2013 Barnens neonl\u00f6v<\/figcaption><\/figure>\n<h3 class=\"PDq2pG_selectionAnchorContainer\" data-section-id=\"1vebnx8\" data-start=\"2610\" data-end=\"2644\">Lott Alfreds \u2013 Barnens neonl\u00f6v<\/h3>\n<p data-start=\"2646\" data-end=\"2884\">Bredvid muren, till v\u00e4nster om huvudentr\u00e9n, lyser ett klargr\u00f6nt neonl\u00f6v dag som natt. Konstverket f\u00f6ddes ur ett m\u00f6te med barn i Alby och \u00e4r en symbol f\u00f6r fantasi, skaparf\u00f6rm\u00e5ga och de id\u00e9er som kan v\u00e4xa fram n\u00e4r barns uttryck ges utrymme.<\/p>\n<figure class=\"wp-block-image size-full\"><img loading=\"lazy\" decoding=\"async\" class=\"aligncenter size-full wp-image-212033\" src=\"https:\/\/kulturista.se\/test\/wp-content\/uploads\/2025\/09\/KULTURISTA.SE-MALL.png\" alt=\"\" width=\"1334\" height=\"885\" srcset=\"https:\/\/kulturista.se\/test\/wp-content\/uploads\/2025\/09\/KULTURISTA.SE-MALL.png 1334w, https:\/\/kulturista.se\/test\/wp-content\/uploads\/2025\/09\/KULTURISTA.SE-MALL-1280x849.png 1280w, https:\/\/kulturista.se\/test\/wp-content\/uploads\/2025\/09\/KULTURISTA.SE-MALL-980x650.png 980w, https:\/\/kulturista.se\/test\/wp-content\/uploads\/2025\/09\/KULTURISTA.SE-MALL-480x318.png 480w\" sizes=\"(min-width: 0px) and (max-width: 480px) 480px, (min-width: 481px) and (max-width: 980px) 980px, (min-width: 981px) and (max-width: 1280px) 1280px, (min-width: 1281px) 1334px, 100vw\" \/><figcaption>Nipponpop, Nonna, v\u00e4nster. Amara Por Dios, Gudinna, h\u00f6ger.<\/figcaption><\/figure>\n<h3 class=\"PDq2pG_selectionAnchorContainer\" data-section-id=\"1umsqnq\" data-start=\"2958\" data-end=\"2981\">Mycket mer \u00e4n konst<\/h3>\n<p data-start=\"2983\" data-end=\"3229\">Subtopia \u00e4r mer \u00e4n utomhusgalleriet. H\u00e4r finns ett stort kulturkluster med verksamheter inom bland annat scenkonst, cirkus, film och musik. Hangaren \u00e4r omr\u00e5dets st\u00f6rsta lokal och anv\u00e4nds f\u00f6r f\u00f6rest\u00e4llningar, konserter, evenemang och repetitioner.<\/p>\n<p data-start=\"3231\" data-end=\"3293\">Men det g\u00e5r alldeles utm\u00e4rkt att komma hit enbart f\u00f6r konsten.<\/p>\n<p data-start=\"3295\" data-end=\"3487\">Vill du utforska utomhusgalleriet p\u00e5 egen hand finns en digital guide med karta, information om verken och audioguide. De gula markeringarna p\u00e5 kartan hj\u00e4lper dig att hitta mellan konstverken.<\/p>\n<p data-start=\"3489\" data-end=\"3566\">Utomhusgalleriet kan bes\u00f6kas \u00e5ret runt och det kostar ingenting att uppt\u00e4cka.<\/p>\n<p data-start=\"3568\" data-end=\"3689\">Det \u00e4r ett roligt s\u00e4tt att uppt\u00e4cka b\u00e5de konsten och en del av Alby som m\u00e5nga stockholmare f\u00f6rmodligen aldrig har bes\u00f6kt.<\/p>\n","protected":false},"excerpt":{"rendered":"<p>Bara en kort resa fr\u00e5n Stockholm city, i Alby, hittar du Subtopias utomhusgalleri \u2013 en plats d\u00e4r urban konst m\u00f6ter vardagen.<\/p>\n","protected":false},"author":1,"featured_media":0,"comment_status":"open","ping_status":"open","sticky":false,"template":"","format":"standard","meta":{"_acf_changed":false,"_et_pb_use_builder":"off","_et_pb_old_content":"","_et_gb_content_width":"","_jetpack_newsletter_access":"","_jetpack_dont_email_post_to_subs":false,"_jetpack_newsletter_tier_id":0,"_jetpack_memberships_contains_paywalled_content":false,"_jetpack_feature_clip_id":0,"_jetpack_memberships_contains_paid_content":false,"footnotes":"","jetpack_post_was_ever_published":false},"categories":[36,73,68],"tags":[],"class_list":["post-212012","post","type-post","status-publish","format-standard","hentry","category-utflyktsmal","category-lyft-pa-startsidan","category-offentlig-konst"],"acf":[],"jetpack_sharing_enabled":true,"jetpack_featured_media_url":"","_links":{"self":[{"href":"https:\/\/kulturista.se\/test\/wp-json\/wp\/v2\/posts\/212012","targetHints":{"allow":["GET"]}}],"collection":[{"href":"https:\/\/kulturista.se\/test\/wp-json\/wp\/v2\/posts"}],"about":[{"href":"https:\/\/kulturista.se\/test\/wp-json\/wp\/v2\/types\/post"}],"author":[{"embeddable":true,"href":"https:\/\/kulturista.se\/test\/wp-json\/wp\/v2\/users\/1"}],"replies":[{"embeddable":true,"href":"https:\/\/kulturista.se\/test\/wp-json\/wp\/v2\/comments?post=212012"}],"version-history":[{"count":29,"href":"https:\/\/kulturista.se\/test\/wp-json\/wp\/v2\/posts\/212012\/revisions"}],"predecessor-version":[{"id":213562,"href":"https:\/\/kulturista.se\/test\/wp-json\/wp\/v2\/posts\/212012\/revisions\/213562"}],"wp:attachment":[{"href":"https:\/\/kulturista.se\/test\/wp-json\/wp\/v2\/media?parent=212012"}],"wp:term":[{"taxonomy":"category","embeddable":true,"href":"https:\/\/kulturista.se\/test\/wp-json\/wp\/v2\/categories?post=212012"},{"taxonomy":"post_tag","embeddable":true,"href":"https:\/\/kulturista.se\/test\/wp-json\/wp\/v2\/tags?post=212012"}],"curies":[{"name":"wp","href":"https:\/\/api.w.org\/{rel}","templated":true}]}}