{"id":211947,"date":"2025-02-14T17:46:45","date_gmt":"2025-02-14T16:46:45","guid":{"rendered":"https:\/\/kulturista.se\/test\/?p=211947"},"modified":"2026-08-16T00:44:41","modified_gmt":"2026-08-15T22:44:41","slug":"valeria-montti-colque","status":"publish","type":"post","link":"https:\/\/kulturista.se\/test\/valeria-montti-colque\/","title":{"rendered":"Valeria Montti Colque"},"content":{"rendered":"<p>Vissa utst\u00e4llningar tr\u00e4ffar rakt i hj\u00e4rtat. Valeria Montti Colques <em>Cosmonaci\u00f3n \u2013 Modersberget<\/em> p\u00e5 Bonniers Konsthall \u00e4r en s\u00e5dan. H\u00e4r blandas explosiv f\u00e4rgprakt med en djupt personlig ber\u00e4ttelse om tillh\u00f6righet, f\u00f6rlust och att skapa sin egen plats i v\u00e4rlden.\u00a0 Det \u00e4r konst\u00a0 som k\u00e4nns i hela kroppen \u2013 b\u00e5de som ett firande och en sorges\u00e5ng.<\/p>\n<figure class=\"wp-block-image size-full\"><img loading=\"lazy\" decoding=\"async\" class=\"aligncenter size-full wp-image-211951\" src=\"https:\/\/kulturista.se\/test\/wp-content\/uploads\/2025\/02\/1.png\" alt=\"\" width=\"1334\" height=\"885\" srcset=\"https:\/\/kulturista.se\/test\/wp-content\/uploads\/2025\/02\/1.png 1334w, https:\/\/kulturista.se\/test\/wp-content\/uploads\/2025\/02\/1-1280x849.png 1280w, https:\/\/kulturista.se\/test\/wp-content\/uploads\/2025\/02\/1-980x551.png 980w, https:\/\/kulturista.se\/test\/wp-content\/uploads\/2025\/02\/1-480x270.png 480w\" sizes=\"(min-width: 0px) and (max-width: 480px) 480px, (min-width: 481px) and (max-width: 980px) 980px, (min-width: 981px) and (max-width: 1280px) 1280px, (min-width: 1281px) 1334px, 100vw\" \/><figcaption>Foto: Bonniers konsthall<\/figcaption><\/figure>\n<p>I centrum f\u00f6r utst\u00e4llningen st\u00e5r Modersberget, ett sex meter h\u00f6gt verk som Montti Colque ursprungligen skapade f\u00f6r den chilenska paviljongen vid Venedigbiennalen 2024. Verket byggdes under kalla vinterm\u00e5nader i Stockholm, transporterades till Venedig och har nu \u00e5terv\u00e4nt hit i en \u00e4nnu mer utvecklad form.<br \/>\nModersberget \u00e4r en myllrande, vibrerande v\u00e4rld i sig sj\u00e4lv \u2013 uppbyggd av mattor, m\u00e5lningar, tyger, bem\u00e5lade bestick och glittergirlanger. Allt \u00e4r sammanfl\u00e4tat till en mosaik av minnen och ber\u00e4ttelser.Berget symboliserar mycket: de svenska fj\u00e4llen och de andinska bergen i Chile, migrationens tyngd, men ocks\u00e5 styrkan i att st\u00e5 stadigt trots f\u00f6r\u00e4ndring.Valerias egen historia \u00e4r en viktig del av verket \u2013 hennes f\u00f6r\u00e4ldrar flydde fr\u00e5n Chile till Sverige efter milit\u00e4rkuppen 1973, och hennes konst kretsar kring fr\u00e5gor om identitet och rotl\u00f6shet.Hur skapar man en k\u00e4nsla av hem n\u00e4r ens bakgrund str\u00e4cker sig \u00f6ver flera kontinenter?<\/p>\n<figure class=\"wp-block-image size-full\"><img loading=\"lazy\" decoding=\"async\" class=\"aligncenter size-full wp-image-211952\" src=\"https:\/\/kulturista.se\/test\/wp-content\/uploads\/2025\/02\/2-bilder-2.png\" alt=\"\" width=\"1334\" height=\"885\" srcset=\"https:\/\/kulturista.se\/test\/wp-content\/uploads\/2025\/02\/2-bilder-2.png 1334w, https:\/\/kulturista.se\/test\/wp-content\/uploads\/2025\/02\/2-bilder-2-1280x849.png 1280w, https:\/\/kulturista.se\/test\/wp-content\/uploads\/2025\/02\/2-bilder-2-980x650.png 980w, https:\/\/kulturista.se\/test\/wp-content\/uploads\/2025\/02\/2-bilder-2-480x318.png 480w\" sizes=\"(min-width: 0px) and (max-width: 480px) 480px, (min-width: 481px) and (max-width: 980px) 980px, (min-width: 981px) and (max-width: 1280px) 1280px, (min-width: 1281px) 1334px, 100vw\" \/><figcaption>Foto v\u00e4nster: Bonniers konsthall. Foto h\u00f6ger: Kulturista.<\/figcaption><\/figure>\n<h3>Jokerita \u2013 en karakt\u00e4r i st\u00e4ndig f\u00f6rvandling<\/h3>\n<p>Valeria Montti Colque har genom \u00e5ren byggt upp ett helt eget konstn\u00e4rligt universum, befolkat av \u00e5terkommande karakt\u00e4rer.<\/p>\n<p>En av de mest framtr\u00e4dande \u00e4r Jokerita \u2013 en trixterartad f\u00f6rortsmamma med drag av Batmans \u00f6k\u00e4nda fiende.<\/p>\n<p>Med ett p\u00e5m\u00e5lat grin var hon fr\u00e5n b\u00f6rjan stark som en bj\u00f6rn och redo att sl\u00e5ss f\u00f6r sina barn.<\/p>\n<p>Men precis som Montti Colques konst, f\u00f6r\u00e4ndras ocks\u00e5 Jokerita. Med \u00e5ren har hon mjuknat, och i st\u00e4llet f\u00f6r kamp s\u00f6ker hon nu f\u00f6rsoning.<\/p>\n<figure class=\"wp-block-image size-full\"><img loading=\"lazy\" decoding=\"async\" class=\"aligncenter size-full wp-image-211955\" src=\"https:\/\/kulturista.se\/test\/wp-content\/uploads\/2025\/02\/2-bilder.png\" alt=\"\" width=\"1334\" height=\"885\" srcset=\"https:\/\/kulturista.se\/test\/wp-content\/uploads\/2025\/02\/2-bilder.png 1334w, https:\/\/kulturista.se\/test\/wp-content\/uploads\/2025\/02\/2-bilder-1280x849.png 1280w, https:\/\/kulturista.se\/test\/wp-content\/uploads\/2025\/02\/2-bilder-980x650.png 980w, https:\/\/kulturista.se\/test\/wp-content\/uploads\/2025\/02\/2-bilder-480x318.png 480w\" sizes=\"(min-width: 0px) and (max-width: 480px) 480px, (min-width: 481px) and (max-width: 980px) 980px, (min-width: 981px) and (max-width: 1280px) 1280px, (min-width: 1281px) 1334px, 100vw\" \/><\/figure>\n<p>I teckningen <em>La Jardinera \u2013 Tr\u00e4dg\u00e5rdsm\u00e4starinnan<\/em> (2011) \u00e4r berget inte l\u00e4ngre n\u00e5got som syns i horisonten \u2013 Jokerita b\u00e4r det sj\u00e4lv p\u00e5 ryggen.<\/p>\n<p>Med vissnande blommor i handen \u00e4r hon p\u00e5 v\u00e4g till en begravning. P\u00e5 himlen ovanf\u00f6r sv\u00e4var bilder av hennes f\u00f6rf\u00e4der, formade som sarkofaglika moln.<\/p>\n<p>Teckningen skildrar sorgen \u00f6ver matriarkala band som g\u00e5r f\u00f6rlorade i migrationens sp\u00e5r och kom till efter att Montti Colque inte kunde n\u00e4rvara vid sin mormors begravning.<\/p>\n<figure class=\"wp-block-image size-full\"><img loading=\"lazy\" decoding=\"async\" class=\"aligncenter size-full wp-image-211958\" src=\"https:\/\/kulturista.se\/test\/wp-content\/uploads\/2025\/02\/2-bilder-1.png\" alt=\"\" width=\"1334\" height=\"885\" srcset=\"https:\/\/kulturista.se\/test\/wp-content\/uploads\/2025\/02\/2-bilder-1.png 1334w, https:\/\/kulturista.se\/test\/wp-content\/uploads\/2025\/02\/2-bilder-1-1280x849.png 1280w, https:\/\/kulturista.se\/test\/wp-content\/uploads\/2025\/02\/2-bilder-1-980x650.png 980w, https:\/\/kulturista.se\/test\/wp-content\/uploads\/2025\/02\/2-bilder-1-480x318.png 480w\" sizes=\"(min-width: 0px) and (max-width: 480px) 480px, (min-width: 481px) and (max-width: 980px) 980px, (min-width: 981px) and (max-width: 1280px) 1280px, (min-width: 1281px) 1334px, 100vw\" \/><\/figure>\n<h3>En magisk vintervandring<\/h3>\n<p>En av de mest f\u00e4ngslande delarna av utst\u00e4llningen \u00e4r den nyproducerade vinterfilmen, d\u00e4r Montti Colques karakt\u00e4rer l\u00e5ngsamt r\u00f6r sig genom ett vackert sn\u00f6t\u00e4ckt landskap, p\u00e5 v\u00e4g mot bergets topp.<\/p>\n<p>Kl\u00e4dda i f\u00e4rgstarka dr\u00e4kter, som p\u00e5minner om b\u00e5de karneval och ritual, tycks de vandra genom tid och rum, d\u00e4r det f\u00f6rflutna och nuet v\u00e4vs samman.<\/p>\n<p>Det \u00e4r en stillsam, n\u00e4stan andligt vacker film.<\/p>\n<figure class=\"wp-block-image size-full\"><img loading=\"lazy\" decoding=\"async\" class=\"aligncenter size-full wp-image-211956\" src=\"https:\/\/kulturista.se\/test\/wp-content\/uploads\/2025\/02\/3.png\" alt=\"\" width=\"1334\" height=\"885\" srcset=\"https:\/\/kulturista.se\/test\/wp-content\/uploads\/2025\/02\/3.png 1334w, https:\/\/kulturista.se\/test\/wp-content\/uploads\/2025\/02\/3-1280x849.png 1280w, https:\/\/kulturista.se\/test\/wp-content\/uploads\/2025\/02\/3-980x650.png 980w, https:\/\/kulturista.se\/test\/wp-content\/uploads\/2025\/02\/3-480x318.png 480w\" sizes=\"(min-width: 0px) and (max-width: 480px) 480px, (min-width: 481px) and (max-width: 980px) 980px, (min-width: 981px) and (max-width: 1280px) 1280px, (min-width: 1281px) 1334px, 100vw\" \/><\/figure>\n<h3>En utst\u00e4llning att uppleva med hela kroppen<\/h3>\n<p><em>Cosmonaci\u00f3n \u2013 Modersberget<\/em> \u00e4r s\u00e5 mycket mer \u00e4n en traditionell konstutst\u00e4llning.<\/p>\n<p>Det \u00e4r en totalupplevelse d\u00e4r ber\u00e4ttelser, f\u00e4rger, symboler och material fl\u00e4tas samman till n\u00e5got st\u00f6rre.<\/p>\n<p>Montti Colque skapar inte bara konst \u2013 hon bygger v\u00e4rldar.<\/p>\n<p>Hennes verk k\u00e4nns b\u00e5de djupt personliga och universellt relaterbara, och oavsett var du sj\u00e4lv kommer ifr\u00e5n.<br \/>\nUtst\u00e4llningen visas till 6\/4 2025<\/p>\n<div style=\"text-align: center;\">\n<p>&nbsp;<\/p>\n<\/div>\n","protected":false},"excerpt":{"rendered":"<p>Vissa utst\u00e4llningar tr\u00e4ffar rakt i hj\u00e4rtat. Valeria Montti Colques Cosmonaci\u00f3n \u2013 Modersberget p\u00e5 Bonniers Konsthall \u00e4r en s\u00e5dan. H\u00e4r blandas explosiv f\u00e4rgprakt med en djupt personlig ber\u00e4ttelse om tillh\u00f6righet, f\u00f6rlust och att skapa sin egen plats i v\u00e4rlden.\u00a0 Det \u00e4r konst\u00a0 som k\u00e4nns i hela kroppen \u2013 b\u00e5de som ett firande och en sorges\u00e5ng. Foto: [&hellip;]<\/p>\n","protected":false},"author":1,"featured_media":0,"comment_status":"open","ping_status":"open","sticky":false,"template":"","format":"standard","meta":{"_acf_changed":false,"_et_pb_use_builder":"","_et_pb_old_content":"","_et_gb_content_width":"","_jetpack_newsletter_access":"","_jetpack_dont_email_post_to_subs":false,"_jetpack_newsletter_tier_id":0,"_jetpack_memberships_contains_paywalled_content":false,"_jetpack_feature_clip_id":0,"_jetpack_memberships_contains_paid_content":false,"footnotes":"","jetpack_post_was_ever_published":false},"categories":[19],"tags":[],"class_list":["post-211947","post","type-post","status-publish","format-standard","hentry","category-museer-utstallningar"],"acf":[],"jetpack_sharing_enabled":true,"jetpack_featured_media_url":"","_links":{"self":[{"href":"https:\/\/kulturista.se\/test\/wp-json\/wp\/v2\/posts\/211947","targetHints":{"allow":["GET"]}}],"collection":[{"href":"https:\/\/kulturista.se\/test\/wp-json\/wp\/v2\/posts"}],"about":[{"href":"https:\/\/kulturista.se\/test\/wp-json\/wp\/v2\/types\/post"}],"author":[{"embeddable":true,"href":"https:\/\/kulturista.se\/test\/wp-json\/wp\/v2\/users\/1"}],"replies":[{"embeddable":true,"href":"https:\/\/kulturista.se\/test\/wp-json\/wp\/v2\/comments?post=211947"}],"version-history":[{"count":43,"href":"https:\/\/kulturista.se\/test\/wp-json\/wp\/v2\/posts\/211947\/revisions"}],"predecessor-version":[{"id":213313,"href":"https:\/\/kulturista.se\/test\/wp-json\/wp\/v2\/posts\/211947\/revisions\/213313"}],"wp:attachment":[{"href":"https:\/\/kulturista.se\/test\/wp-json\/wp\/v2\/media?parent=211947"}],"wp:term":[{"taxonomy":"category","embeddable":true,"href":"https:\/\/kulturista.se\/test\/wp-json\/wp\/v2\/categories?post=211947"},{"taxonomy":"post_tag","embeddable":true,"href":"https:\/\/kulturista.se\/test\/wp-json\/wp\/v2\/tags?post=211947"}],"curies":[{"name":"wp","href":"https:\/\/api.w.org\/{rel}","templated":true}]}}