{"id":211907,"date":"2024-10-27T15:13:48","date_gmt":"2024-10-27T14:13:48","guid":{"rendered":"https:\/\/kulturista.se\/test\/?p=211907"},"modified":"2026-08-21T15:31:41","modified_gmt":"2026-08-21T13:31:41","slug":"konsten-pa-seb","status":"publish","type":"post","link":"https:\/\/kulturista.se\/test\/konsten-pa-seb\/","title":{"rendered":"Konsten p\u00e5 SEB"},"content":{"rendered":"<p>Visste du att SEBs kontor i Arenastaden i Solna rymmer en av de mest sp\u00e4nnande moderna konstsamlingarna i Norden?<\/p>\n<p>Bland verken hittar vi k\u00e4nda namn som Karin Mamma Andersson, Klara Kristalova, Dan Wolgers m.fl. Flera av verken har skapats specifikt f\u00f6r platsen, Cajsa von Zeipels gigantiska skulptur \u201dStamina\u201d till exempel.<\/p>\n<p>Den \u00e4r n\u00e4stan 5 meter h\u00f6g och \u00e4r verkligen imponerande d\u00e4r hon st\u00e5r. Namnet \u201dStamina\u201d betyder uth\u00e5llighet, och Cajsa l\u00e4r ha inspireras att anv\u00e4nda ordet efter att ha h\u00f6rt Donald Trump beskriva Hillary Clinton med just detta ord.<\/p>\n<p><img loading=\"lazy\" decoding=\"async\" class=\"aligncenter size-full wp-image-211919\" src=\"https:\/\/kulturista.se\/test\/wp-content\/uploads\/2024\/10\/zeipen.png\" alt=\"\" width=\"1334\" height=\"885\" srcset=\"https:\/\/kulturista.se\/test\/wp-content\/uploads\/2024\/10\/zeipen.png 1334w, https:\/\/kulturista.se\/test\/wp-content\/uploads\/2024\/10\/zeipen-1280x849.png 1280w, https:\/\/kulturista.se\/test\/wp-content\/uploads\/2024\/10\/zeipen-980x650.png 980w, https:\/\/kulturista.se\/test\/wp-content\/uploads\/2024\/10\/zeipen-480x318.png 480w\" sizes=\"(min-width: 0px) and (max-width: 480px) 480px, (min-width: 481px) and (max-width: 980px) 980px, (min-width: 981px) and (max-width: 1280px) 1280px, (min-width: 1281px) 1334px, 100vw\" \/><span style=\"font-size: 8pt;\"><em>Kajsa von Zeipel &#8221;Stamina&#8221; Foto: SEB<\/em><\/span><\/p>\n<p>Cajsa von Zeipel \u00e4r en svensk konstn\u00e4r som ofta provocerat med sina stora kvinnoskulpturer som utmanar och utforskar kroppsideal och k\u00f6nsroller.<\/p>\n<p>K\u00e4nner du igen stilen p\u00e5 Stamina? D\u00e5 kanske du sett Pretty Vacant vid entr\u00e9n till Mood Galleria i Stockholm.<\/p>\n<p><img loading=\"lazy\" decoding=\"async\" class=\"aligncenter size-full wp-image-211920\" src=\"https:\/\/kulturista.se\/test\/wp-content\/uploads\/2024\/10\/klara.png\" alt=\"\" width=\"1334\" height=\"885\" srcset=\"https:\/\/kulturista.se\/test\/wp-content\/uploads\/2024\/10\/klara.png 1334w, https:\/\/kulturista.se\/test\/wp-content\/uploads\/2024\/10\/klara-1280x849.png 1280w, https:\/\/kulturista.se\/test\/wp-content\/uploads\/2024\/10\/klara-980x650.png 980w, https:\/\/kulturista.se\/test\/wp-content\/uploads\/2024\/10\/klara-480x318.png 480w\" sizes=\"(min-width: 0px) and (max-width: 480px) 480px, (min-width: 481px) and (max-width: 980px) 980px, (min-width: 981px) and (max-width: 1280px) 1280px, (min-width: 1281px) 1334px, 100vw\" \/><span style=\"font-size: 8pt;\"><em>Klara Kristalova &#8221;On The Road&#8221;<\/em><\/span><\/p>\n<p>\u00c5ret var 2012. Bonnier konsthall visade en stor utst\u00e4llning med Klara Kristalova. Det var mitt f\u00f6rsta m\u00f6te med hennes konst \u2013 och jag blev jag v\u00e4ldigt tagen.<\/p>\n<p>Hennes skulpturer pr\u00e4glas av myter och sagor, barnsliga men samtidigt lite obehagliga. En \u00e5terkommande figur \u00e4r den unga kvinnan, i gr\u00e4nslandet mellan barn och vuxen ofta i n\u00e5gon form av symbios med tr\u00e4d och grenar.<\/p>\n<p>I skulpturgruppen \u201dOn the Road\u201d \u00f6ppnar hon fantasin f\u00f6r en fiktiv resa. \u00c4r de sju v\u00e4nnerna ute p\u00e5 en gemensam resa? \u00c4r bordet kanske en \u00f6de \u00f6? Varelserna \u00e4r som s\u00e5 ofta i hennes skulpturer b\u00e5de gulliga och groteska.<\/p>\n<p><img loading=\"lazy\" decoding=\"async\" class=\"aligncenter size-full wp-image-211914\" src=\"https:\/\/kulturista.se\/test\/wp-content\/uploads\/2024\/10\/2-bilder-2.png\" alt=\"\" width=\"1334\" height=\"885\" srcset=\"https:\/\/kulturista.se\/test\/wp-content\/uploads\/2024\/10\/2-bilder-2.png 1334w, https:\/\/kulturista.se\/test\/wp-content\/uploads\/2024\/10\/2-bilder-2-1280x849.png 1280w, https:\/\/kulturista.se\/test\/wp-content\/uploads\/2024\/10\/2-bilder-2-980x650.png 980w, https:\/\/kulturista.se\/test\/wp-content\/uploads\/2024\/10\/2-bilder-2-480x318.png 480w\" sizes=\"(min-width: 0px) and (max-width: 480px) 480px, (min-width: 481px) and (max-width: 980px) 980px, (min-width: 981px) and (max-width: 1280px) 1280px, (min-width: 1281px) 1334px, 100vw\" \/><span style=\"font-size: 8pt;\"><em>Karin Mamma Andersson, Svanes\u00e5ng<\/em><\/span><\/p>\n<p>Svanes\u00e5ng \u00e4r ett ord som verkar ha en stor betydelse f\u00f6r Karin Mamma Andersson. Det \u00e4r inte bara m\u00e5lningen p\u00e5 SEB som f\u00e5tt namnet.<\/p>\n<p>Karin Mamma Andersson har nyligen gjort en hyllad utst\u00e4llning tillsammans med den danske konstn\u00e4ren Tal R med samma namn. Det k\u00e4nns n\u00e4stan som att kliva in i en visuell dagdr\u00f6m, d\u00e4r detaljer och f\u00e4rger v\u00e4xer fram och skapar en helt egen atmosf\u00e4r.<\/p>\n<p><img loading=\"lazy\" decoding=\"async\" class=\"aligncenter size-full wp-image-211918\" src=\"https:\/\/kulturista.se\/test\/wp-content\/uploads\/2024\/10\/6.png\" alt=\"\" width=\"1334\" height=\"885\" srcset=\"https:\/\/kulturista.se\/test\/wp-content\/uploads\/2024\/10\/6.png 1334w, https:\/\/kulturista.se\/test\/wp-content\/uploads\/2024\/10\/6-1280x849.png 1280w\" sizes=\"(min-width: 0px) and (max-width: 1280px) 1280px, (min-width: 1281px) 1334px, 100vw\" \/><span style=\"font-size: 8pt;\"><em>Liselotte Watkins &#8221;A series of portraits&#8221; Foto: CFHILL<\/em><\/span><\/p>\n<p>Liselotte Watkins b\u00f6rjade som modeillustrat\u00f6r med uppdrag i internationella magasin som New York Times, Vogue och stora modehus som Prada och Miu Miu.<\/p>\n<p>Sedan flytten till Italien har Watkins \u00f6verg\u00e5tt helt till konst och arbetar med motiv fr\u00e5n vardagslivet, ofta kvinnor i en elegant, geometrisk stil med d\u00e4mpade f\u00e4rger.<\/p>\n<p>Hennes konst g\u00e5r ocks\u00e5 att hitta p\u00e5 klassiska amforor, d\u00e4r hon \u00f6verf\u00f6r sitt speciella formspr\u00e5k till keramiska verk.<\/p>\n<p>I den h\u00e4r portr\u00e4ttserien har Liselotte Watkins portr\u00e4tterat de tio mest betydande svenska kvinnliga konstn\u00e4rerna genom tiderna:<\/p>\n<p>Julia Beck, Hilma af Klint, Sigrid Hjert\u00e9n, Agnes Cleve, Vera Nilsson. Lena Svedberg, Marie-Louise Ekman, Lena Cronqvist, Karin Mamma Andersson, Nathalie Djurberg.<\/p>\n<p><img loading=\"lazy\" decoding=\"async\" class=\"aligncenter size-full wp-image-211916\" src=\"https:\/\/kulturista.se\/test\/wp-content\/uploads\/2024\/10\/2-bilder-4.png\" alt=\"\" width=\"1334\" height=\"885\" srcset=\"https:\/\/kulturista.se\/test\/wp-content\/uploads\/2024\/10\/2-bilder-4.png 1334w, https:\/\/kulturista.se\/test\/wp-content\/uploads\/2024\/10\/2-bilder-4-1280x849.png 1280w, https:\/\/kulturista.se\/test\/wp-content\/uploads\/2024\/10\/2-bilder-4-980x650.png 980w, https:\/\/kulturista.se\/test\/wp-content\/uploads\/2024\/10\/2-bilder-4-480x318.png 480w\" sizes=\"(min-width: 0px) and (max-width: 480px) 480px, (min-width: 481px) and (max-width: 980px) 980px, (min-width: 981px) and (max-width: 1280px) 1280px, (min-width: 1281px) 1334px, 100vw\" \/><span style=\"font-size: 8pt;\"><em>V\u00e4nster: Ulf Rollof\u202f &#8221;RGB Art Nouveau with Optiwhite&#8221; H\u00f6ger: Olafur Eliasson, Power Sharing Planet Foto: SEB<\/em><\/span><\/p>\n<p>Innan jag visste hur Ulf Rollof skapade sitt verk, s\u00e5g jag glasskivorna och t\u00e4nkte p\u00e5 is, d\u00e4r n\u00e5gon kanske testat h\u00e5llbarheten med en ispik inf\u00f6r en tur.<\/p>\n<p>Men s\u00e5 \u00e4r det inte: Rollof har ist\u00e4llet beskjutit tre glasskivor med revolverkulor under kontrollerade former \u2013 ett drag som uppr\u00f6rt bankanst\u00e4llda, vilka associerat konstverket till bankr\u00e5n.<\/p>\n<p>Vidare till Olafur Eliasson, den dansk-isl\u00e4ndske konstn\u00e4ren, som blandar konst och vetenskap. Hans &#8221;Power Sharing Planet&#8221; \u00e4r en imponerande sf\u00e4risk skulptur, byggd av en myriad av trekantiga gr\u00f6na glasbitar. Den stora sf\u00e4ren \u00e4r en tankev\u00e4ckande p\u00e5minnelse om v\u00e5r planet och det ekologiska samspelet, och den imponerar verkligen d\u00e4r den h\u00e4nger.<\/p>\n<p>Men det \u00e4r inte bara konsten hos SEB som imponerar \u2013 \u00e4ven sj\u00e4lva byggnaden \u00e4r ett m\u00e4sterverk och ett inspirerande exempel p\u00e5 modern arkitektur. H\u00e4r m\u00f6ts konst och design i en harmonisk symbios, och varje vr\u00e5 \u00e4r noga genomt\u00e4nkt f\u00f6r att bidra till den kreativa atmosf\u00e4ren. SEB erbjuder dessutom guidade konstvisningar f\u00f6r grupper, d\u00e4r man f\u00e5r en djupdykning i samlingen och dess sp\u00e4nnande verk. Visningar kan bokas<strong> <a href=\"https:\/\/sebgroup.com\/about-us\/art-at-seb\/martin-joanson\" target=\"_blank\" rel=\"noopener\">h\u00e4r <\/a><\/strong><\/p>\n<p>Ett bes\u00f6k h\u00e4r rekommenderas varmt f\u00f6r dig som vill uppleva b\u00e5de byggnaden och konsten p\u00e5 n\u00e4ra h\u00e5ll!<\/p>\n","protected":false},"excerpt":{"rendered":"<p>Visste du att SEB:s kontor i Arenastaden i Solna rymmer en av de mest sp\u00e4nnande moderna konstsamlingarna i Norden?<\/p>\n","protected":false},"author":1,"featured_media":0,"comment_status":"open","ping_status":"open","sticky":false,"template":"","format":"standard","meta":{"_acf_changed":false,"_et_pb_use_builder":"","_et_pb_old_content":"","_et_gb_content_width":"","_jetpack_newsletter_access":"","_jetpack_dont_email_post_to_subs":false,"_jetpack_newsletter_tier_id":0,"_jetpack_memberships_contains_paywalled_content":false,"_jetpack_feature_clip_id":0,"_jetpack_memberships_contains_paid_content":false,"footnotes":"","jetpack_post_was_ever_published":false},"categories":[19],"tags":[],"class_list":["post-211907","post","type-post","status-publish","format-standard","hentry","category-museer-utstallningar"],"acf":[],"jetpack_sharing_enabled":true,"jetpack_featured_media_url":"","_links":{"self":[{"href":"https:\/\/kulturista.se\/test\/wp-json\/wp\/v2\/posts\/211907","targetHints":{"allow":["GET"]}}],"collection":[{"href":"https:\/\/kulturista.se\/test\/wp-json\/wp\/v2\/posts"}],"about":[{"href":"https:\/\/kulturista.se\/test\/wp-json\/wp\/v2\/types\/post"}],"author":[{"embeddable":true,"href":"https:\/\/kulturista.se\/test\/wp-json\/wp\/v2\/users\/1"}],"replies":[{"embeddable":true,"href":"https:\/\/kulturista.se\/test\/wp-json\/wp\/v2\/comments?post=211907"}],"version-history":[{"count":26,"href":"https:\/\/kulturista.se\/test\/wp-json\/wp\/v2\/posts\/211907\/revisions"}],"predecessor-version":[{"id":213329,"href":"https:\/\/kulturista.se\/test\/wp-json\/wp\/v2\/posts\/211907\/revisions\/213329"}],"wp:attachment":[{"href":"https:\/\/kulturista.se\/test\/wp-json\/wp\/v2\/media?parent=211907"}],"wp:term":[{"taxonomy":"category","embeddable":true,"href":"https:\/\/kulturista.se\/test\/wp-json\/wp\/v2\/categories?post=211907"},{"taxonomy":"post_tag","embeddable":true,"href":"https:\/\/kulturista.se\/test\/wp-json\/wp\/v2\/tags?post=211907"}],"curies":[{"name":"wp","href":"https:\/\/api.w.org\/{rel}","templated":true}]}}