{"id":211877,"date":"2024-09-22T19:53:34","date_gmt":"2024-09-22T17:53:34","guid":{"rendered":"https:\/\/kulturista.se\/test\/?p=211877"},"modified":"2026-08-23T14:05:20","modified_gmt":"2026-08-23T12:05:20","slug":"umedalens-skulpturpark","status":"publish","type":"post","link":"https:\/\/kulturista.se\/test\/umedalens-skulpturpark\/","title":{"rendered":"Umedalens skulpturpark"},"content":{"rendered":"<p>I somras gjorde jag en resa till V\u00e4sterbotten och d\u00e5 passade p\u00e5 att bes\u00f6ka Umedalens Skulpturpark, som \u00e4r en av Europas mest framst\u00e5ende skulpturparker. Parken har en fascinerande historia, d\u00e5 den byggdes p\u00e5 1930-talet som ett mentalsjukhusomr\u00e5de men som fastighetsbolaget <a href=\"https:\/\/fort-knox.se\/\" target=\"_blank\" rel=\"noopener\"><strong>Fort Knox<\/strong><\/a> under 1990-talet utvecklade till att bli ett attraktivt och popul\u00e4rt bostadsomr\u00e5de med m\u00e5nga arbetsplatser och flera skolor med konstn\u00e4rlig inriktning.<\/p>\n<p>Till sin hj\u00e4lp anlitade de <strong><a href=\"https:\/\/gsa.se\/\" target=\"_blank\" rel=\"noopener\">GSA Gallery<\/a><\/strong> f\u00f6r att gestalta platsen konstn\u00e4rligt. En fulltr\u00e4ff skulle jag s\u00e4ga.<\/p>\n<figure class=\"wp-block-image size-full\">\n<img loading=\"lazy\" decoding=\"async\" class=\"wp-image-211880 size-full\" src=\"https:\/\/kulturista.se\/test\/wp-content\/uploads\/2024\/08\/2-bilder-3.png\" alt=\"\" width=\"1334\" height=\"885\" srcset=\"https:\/\/kulturista.se\/test\/wp-content\/uploads\/2024\/08\/2-bilder-3.png 1334w, https:\/\/kulturista.se\/test\/wp-content\/uploads\/2024\/08\/2-bilder-3-1280x849.png 1280w, https:\/\/kulturista.se\/test\/wp-content\/uploads\/2024\/08\/2-bilder-3-980x650.png 980w, https:\/\/kulturista.se\/test\/wp-content\/uploads\/2024\/08\/2-bilder-3-480x318.png 480w\" sizes=\"(min-width: 0px) and (max-width: 480px) 480px, (min-width: 481px) and (max-width: 980px) 980px, (min-width: 981px) and (max-width: 1280px) 1280px, (min-width: 1281px) 1334px, 100vw\" \/><figcaption>V\u00e4nster: Astrid Sylwan, Black, Grey, Broken Sky and Palest Blue. H\u00f6ger: Winter &amp; H\u00f6rbelt, Kastenhaus 1166.14<\/figcaption><\/figure>\n<p>Det som g\u00f6r Umedalen Skulpturpark s\u00e5 unik \u00e4r den imponerande samling av permanenta konstverk av b\u00e5de svenska och internationella konstn\u00e4rer. H\u00e4r finns verk av Louise Bourgeois, Antony Gormley, Jaume Plensa, Tony Cragg, Anish Kapoor bara f\u00f6r att n\u00e4mna n\u00e5gra.<\/p>\n<figure class=\"wp-block-image size-full\">\n<img loading=\"lazy\" decoding=\"async\" class=\"wp-image-211885 size-full\" src=\"https:\/\/kulturista.se\/test\/wp-content\/uploads\/2024\/09\/2-bilder.png\" alt=\"\" width=\"1334\" height=\"885\" srcset=\"https:\/\/kulturista.se\/test\/wp-content\/uploads\/2024\/09\/2-bilder.png 1334w, https:\/\/kulturista.se\/test\/wp-content\/uploads\/2024\/09\/2-bilder-1280x849.png 1280w, https:\/\/kulturista.se\/test\/wp-content\/uploads\/2024\/09\/2-bilder-980x650.png 980w, https:\/\/kulturista.se\/test\/wp-content\/uploads\/2024\/09\/2-bilder-480x318.png 480w\" sizes=\"(min-width: 0px) and (max-width: 480px) 480px, (min-width: 481px) and (max-width: 980px) 980px, (min-width: 981px) and (max-width: 1280px) 1280px, (min-width: 1281px) 1334px, 100vw\" \/><figcaption>V\u00e4nster: Antony Gormley, Still Running. H\u00f6ger: Cristina Iglesias, Vegetation Room VII<\/figcaption><\/figure>\n<p>\u00c4ven naturen och arkitekturen som omger skulpturerna bidrar till upplevelsen. Det \u00e4r verkligen en fantastiskt fin milj\u00f6 att strosa runt i.<\/p>\n<p>Knappt 50 permanenta verk finns att se i parken, s\u00e5 ta dig tid och avsluta g\u00e4rna med en bit mat p\u00e5 den fina restaurangen <a href=\"https:\/\/bistrolegarage.com\/\" target=\"_blank\" rel=\"noopener\"><strong>Bistro Le Garage<\/strong><\/a>. D\u00e4r finns ocks\u00e5 kartor \u00f6ver skulpturparken att h\u00e4mta.<\/p>\n<figure class=\"wp-block-image size-full\">\n<img loading=\"lazy\" decoding=\"async\" class=\"wp-image-211889 size-full\" src=\"https:\/\/kulturista.se\/test\/wp-content\/uploads\/2024\/09\/2-bilder-2.png\" alt=\"\" width=\"1334\" height=\"885\" srcset=\"https:\/\/kulturista.se\/test\/wp-content\/uploads\/2024\/09\/2-bilder-2.png 1334w, https:\/\/kulturista.se\/test\/wp-content\/uploads\/2024\/09\/2-bilder-2-1280x849.png 1280w, https:\/\/kulturista.se\/test\/wp-content\/uploads\/2024\/09\/2-bilder-2-980x650.png 980w, https:\/\/kulturista.se\/test\/wp-content\/uploads\/2024\/09\/2-bilder-2-480x318.png 480w\" sizes=\"(min-width: 0px) and (max-width: 480px) 480px, (min-width: 481px) and (max-width: 980px) 980px, (min-width: 981px) and (max-width: 1280px) 1280px, (min-width: 1281px) 1334px, 100vw\" \/><figcaption>V\u00e4nster: Naturen. H\u00f6ger: Lin Peng, A new Perspective<\/figcaption><\/figure>\n<p>H\u00f6gt och l\u00e5gt, det g\u00e4ller att ha \u00f6gonen med sig, vissa verk \u00e4r l\u00e4tt att missa om man inte ser upp! Andra har naturen sj\u00e4lv skapat.<\/p>\n<p>Det \u00e4r ocks\u00e5 v\u00e4rt att notera att Umedalen Skulpturpark \u00e4r ett helt privatfinansierat initiativ, vilket g\u00f6r det \u00e4nnu mer imponerande, att det \u00e4r \u00f6ppet och tillg\u00e4ngligt f\u00f6r alla dygnet runt, \u00e5ret runt och kostnadsfritt.<\/p>\n<p>Med \u00f6ver 20 000 bes\u00f6kare varje sommar har parken blivit en av V\u00e4sterbottens fr\u00e4msta turistattraktioner.<\/p>\n<figure class=\"wp-block-image size-full\">\n<img loading=\"lazy\" decoding=\"async\" class=\"wp-image-211892 size-full\" src=\"https:\/\/kulturista.se\/test\/wp-content\/uploads\/2024\/09\/5.png\" alt=\"\" width=\"1334\" height=\"885\" srcset=\"https:\/\/kulturista.se\/test\/wp-content\/uploads\/2024\/09\/5.png 1334w, https:\/\/kulturista.se\/test\/wp-content\/uploads\/2024\/09\/5-1280x849.png 1280w, https:\/\/kulturista.se\/test\/wp-content\/uploads\/2024\/09\/5-980x650.png 980w, https:\/\/kulturista.se\/test\/wp-content\/uploads\/2024\/09\/5-480x318.png 480w\" sizes=\"(min-width: 0px) and (max-width: 480px) 480px, (min-width: 481px) and (max-width: 980px) 980px, (min-width: 981px) and (max-width: 1280px) 1280px, (min-width: 1281px) 1334px, 100vw\" \/><figcaption>Buky Schwartz, Forrest Hill<\/figcaption><\/figure>\n","protected":false},"excerpt":{"rendered":"<p>I somras gjorde jag en resa till V\u00e4sterbotten och d\u00e5 passade p\u00e5 att bes\u00f6ka Umedalens Skulpturpark, som \u00e4r en av Europas mest framst\u00e5ende skulpturparker. Parken har en fascinerande historia, d\u00e5 den byggdes p\u00e5 1930-talet som ett mentalsjukhusomr\u00e5de men som fastighetsbolaget Fort Knox under 1990-talet utvecklade till att bli ett attraktivt och popul\u00e4rt bostadsomr\u00e5de med m\u00e5nga [&hellip;]<\/p>\n","protected":false},"author":1,"featured_media":0,"comment_status":"open","ping_status":"open","sticky":false,"template":"","format":"standard","meta":{"_acf_changed":false,"_et_pb_use_builder":"","_et_pb_old_content":"","_et_gb_content_width":"","_jetpack_newsletter_access":"","_jetpack_dont_email_post_to_subs":false,"_jetpack_newsletter_tier_id":0,"_jetpack_memberships_contains_paywalled_content":false,"_jetpack_feature_clip_id":0,"_jetpack_memberships_contains_paid_content":false,"footnotes":"","jetpack_post_was_ever_published":false},"categories":[74],"tags":[],"class_list":["post-211877","post","type-post","status-publish","format-standard","hentry","category-kulturistas-sverige"],"acf":[],"jetpack_sharing_enabled":true,"jetpack_featured_media_url":"","_links":{"self":[{"href":"https:\/\/kulturista.se\/test\/wp-json\/wp\/v2\/posts\/211877","targetHints":{"allow":["GET"]}}],"collection":[{"href":"https:\/\/kulturista.se\/test\/wp-json\/wp\/v2\/posts"}],"about":[{"href":"https:\/\/kulturista.se\/test\/wp-json\/wp\/v2\/types\/post"}],"author":[{"embeddable":true,"href":"https:\/\/kulturista.se\/test\/wp-json\/wp\/v2\/users\/1"}],"replies":[{"embeddable":true,"href":"https:\/\/kulturista.se\/test\/wp-json\/wp\/v2\/comments?post=211877"}],"version-history":[{"count":25,"href":"https:\/\/kulturista.se\/test\/wp-json\/wp\/v2\/posts\/211877\/revisions"}],"predecessor-version":[{"id":213567,"href":"https:\/\/kulturista.se\/test\/wp-json\/wp\/v2\/posts\/211877\/revisions\/213567"}],"wp:attachment":[{"href":"https:\/\/kulturista.se\/test\/wp-json\/wp\/v2\/media?parent=211877"}],"wp:term":[{"taxonomy":"category","embeddable":true,"href":"https:\/\/kulturista.se\/test\/wp-json\/wp\/v2\/categories?post=211877"},{"taxonomy":"post_tag","embeddable":true,"href":"https:\/\/kulturista.se\/test\/wp-json\/wp\/v2\/tags?post=211877"}],"curies":[{"name":"wp","href":"https:\/\/api.w.org\/{rel}","templated":true}]}}