{"id":211849,"date":"2024-06-30T14:24:58","date_gmt":"2024-06-30T12:24:58","guid":{"rendered":"https:\/\/kulturista.se\/test\/?p=211849"},"modified":"2026-08-20T20:12:42","modified_gmt":"2026-08-20T18:12:42","slug":"i-follow-the-sun","status":"publish","type":"post","link":"https:\/\/kulturista.se\/test\/i-follow-the-sun\/","title":{"rendered":"I follow the Sun"},"content":{"rendered":"<p class=\"isSelectedEnd\">Vilken konstn\u00e4r t\u00e4nker du p\u00e5 n\u00e4r jag s\u00e4ger solrosor? Just det, Vincent van Gogh. Men i <em>I Follow the Sun<\/em> p\u00e5 Artipelag finns inte en enda m\u00e5lning av den ikoniske konstn\u00e4ren. Kan man d\u00e5 g\u00f6ra en hel utst\u00e4llning om solrosor utan att ha med ett enda verk av Van Gogh? Den fr\u00e5gan st\u00e4ller konsthallschefen Bo Nilsson sj\u00e4lv. Och svaret \u00e4r givetvis ja.<\/p>\n<p><img loading=\"lazy\" decoding=\"async\" class=\"aligncenter size-full wp-image-211853\" src=\"https:\/\/kulturista.se\/test\/wp-content\/uploads\/2024\/06\/2-bilder-3.png\" alt=\"\" width=\"1334\" height=\"885\" srcset=\"https:\/\/kulturista.se\/test\/wp-content\/uploads\/2024\/06\/2-bilder-3.png 1334w, https:\/\/kulturista.se\/test\/wp-content\/uploads\/2024\/06\/2-bilder-3-1280x849.png 1280w, https:\/\/kulturista.se\/test\/wp-content\/uploads\/2024\/06\/2-bilder-3-980x551.png 980w, https:\/\/kulturista.se\/test\/wp-content\/uploads\/2024\/06\/2-bilder-3-480x270.png 480w\" sizes=\"(min-width: 0px) and (max-width: 480px) 480px, (min-width: 481px) and (max-width: 980px) 980px, (min-width: 981px) and (max-width: 1280px) 1280px, (min-width: 1281px) 1334px, 100vw\" \/><span style=\"font-size: 8pt;\"><em>Anna Bjerger<br \/>\n<\/em><\/span><\/p>\n<p class=\"isSelectedEnd\">Solrosen har fascinerat sedan den kom till Europa i slutet av 1500-talet. Den h\u00f6gv\u00e4xta blomman som v\u00e4nder sig mot solen har f\u00e5tt symbolisera allt fr\u00e5n livskraft och trohet till f\u00f6rg\u00e4nglighet.<\/p>\n<p class=\"isSelectedEnd\">Och l\u00e5ngt innan Van Gogh b\u00f6rjade m\u00e5la sina ber\u00f6mda solrosor f\u00f6rekom blomman i konsten.<\/p>\n<p class=\"\">I <em>I Follow the Sun<\/em> m\u00f6ter vi solrosen i m\u00e5leri, fotografi och skulptur. H\u00e4r finns verk av bland andra Tal R, Anselm Kiefer, Lena Cronqvist, Carl Larsson, Klara Kristalova, Michael Ancher och Bror Hjorth.<\/p>\n<p><img loading=\"lazy\" decoding=\"async\" class=\"aligncenter size-full wp-image-211862\" src=\"https:\/\/kulturista.se\/test\/wp-content\/uploads\/2024\/06\/2-bilder-1.png\" alt=\"\" width=\"1334\" height=\"885\" srcset=\"https:\/\/kulturista.se\/test\/wp-content\/uploads\/2024\/06\/2-bilder-1.png 1334w, https:\/\/kulturista.se\/test\/wp-content\/uploads\/2024\/06\/2-bilder-1-1280x849.png 1280w, https:\/\/kulturista.se\/test\/wp-content\/uploads\/2024\/06\/2-bilder-1-980x650.png 980w, https:\/\/kulturista.se\/test\/wp-content\/uploads\/2024\/06\/2-bilder-1-480x318.png 480w\" sizes=\"(min-width: 0px) and (max-width: 480px) 480px, (min-width: 481px) and (max-width: 980px) 980px, (min-width: 981px) and (max-width: 1280px) 1280px, (min-width: 1281px) 1334px, 100vw\" \/><span style=\"font-size: 8pt;\"><em>V\u00e4nster: Aura Rosenberg H\u00f6ger: Olle B\u00e6rtling<\/em><\/span><\/p>\n<p><img loading=\"lazy\" decoding=\"async\" class=\"aligncenter size-full wp-image-211857\" src=\"https:\/\/kulturista.se\/test\/wp-content\/uploads\/2024\/06\/5-1.png\" alt=\"\" width=\"1334\" height=\"885\" srcset=\"https:\/\/kulturista.se\/test\/wp-content\/uploads\/2024\/06\/5-1.png 1334w, https:\/\/kulturista.se\/test\/wp-content\/uploads\/2024\/06\/5-1-1280x849.png 1280w, https:\/\/kulturista.se\/test\/wp-content\/uploads\/2024\/06\/5-1-980x650.png 980w, https:\/\/kulturista.se\/test\/wp-content\/uploads\/2024\/06\/5-1-480x318.png 480w\" sizes=\"(min-width: 0px) and (max-width: 480px) 480px, (min-width: 481px) and (max-width: 980px) 980px, (min-width: 981px) and (max-width: 1280px) 1280px, (min-width: 1281px) 1334px, 100vw\" \/><em><span style=\"font-size: 8pt;\">V\u00e4nster: Klara Kristalova H\u00f6ger: Lena Cronqvist<\/span><\/em><\/p>\n<p class=\"isSelectedEnd\">Alla har de tagit sig an samma motiv, men p\u00e5 helt olika s\u00e4tt. Och det kan inte hj\u00e4lpas, efter att ha g\u00e5tt igenom salarna blir jag faktiskt aningen tr\u00f6tt p\u00e5 solrosor.<\/p>\n<p>M\u00e5nga av verken \u00e4r b\u00e5de fina att titta p\u00e5 och intressanta, men beh\u00e5llningen f\u00f6r min del \u00e4r framf\u00f6r allt att se hur olika konstn\u00e4rer har tolkat samma motiv.<\/p>\n<p><img loading=\"lazy\" decoding=\"async\" class=\"aligncenter size-full wp-image-211858\" src=\"https:\/\/kulturista.se\/test\/wp-content\/uploads\/2024\/06\/6-1.png\" alt=\"\" width=\"1334\" height=\"885\" srcset=\"https:\/\/kulturista.se\/test\/wp-content\/uploads\/2024\/06\/6-1.png 1334w, https:\/\/kulturista.se\/test\/wp-content\/uploads\/2024\/06\/6-1-1280x849.png 1280w, https:\/\/kulturista.se\/test\/wp-content\/uploads\/2024\/06\/6-1-980x650.png 980w, https:\/\/kulturista.se\/test\/wp-content\/uploads\/2024\/06\/6-1-480x318.png 480w\" sizes=\"(min-width: 0px) and (max-width: 480px) 480px, (min-width: 481px) and (max-width: 980px) 980px, (min-width: 981px) and (max-width: 1280px) 1280px, (min-width: 1281px) 1334px, 100vw\" \/><em><span style=\"font-size: 8pt;\">V\u00e4nster: Michael Ancher H\u00f6ger: Rinko Kawauchi<\/span><\/em><\/p>\n<p class=\"isSelectedEnd\">Det verk som fastnar mest hos mig \u00e4r Ai Weiweis <em>Sunflower Seeds<\/em>.<\/p>\n<p class=\"isSelectedEnd\">Det som f\u00f6rst ser ut som en h\u00f6g med identiska solrosfr\u00f6n \u00e4r i sj\u00e4lva verket individuellt tillverkade och handm\u00e5lade porslinsobjekt. De ser verkliga ut, men varje fr\u00f6 \u00e4r konstgjort.<\/p>\n<p>Ai Weiwei l\u00e4t tillverka miljontals s\u00e5dana porslinsfr\u00f6n f\u00f6r det stora verk som bland annat visades p\u00e5 Tate Modern i London 2010\u20132011. I verket ryms flera av de teman som \u00e5terkommer i hans konst, bland annat individens f\u00f6rh\u00e5llande till massan, massproduktion och det kinesiska samh\u00e4llet.<\/p>\n<p><img loading=\"lazy\" decoding=\"async\" class=\"aligncenter size-full wp-image-211864\" src=\"https:\/\/kulturista.se\/test\/wp-content\/uploads\/2024\/06\/aiweiwei.png\" alt=\"\" width=\"1334\" height=\"885\" srcset=\"https:\/\/kulturista.se\/test\/wp-content\/uploads\/2024\/06\/aiweiwei.png 1334w, https:\/\/kulturista.se\/test\/wp-content\/uploads\/2024\/06\/aiweiwei-1280x849.png 1280w, https:\/\/kulturista.se\/test\/wp-content\/uploads\/2024\/06\/aiweiwei-980x650.png 980w, https:\/\/kulturista.se\/test\/wp-content\/uploads\/2024\/06\/aiweiwei-480x318.png 480w\" sizes=\"(min-width: 0px) and (max-width: 480px) 480px, (min-width: 481px) and (max-width: 980px) 980px, (min-width: 981px) and (max-width: 1280px) 1280px, (min-width: 1281px) 1334px, 100vw\" \/><em><span style=\"font-size: 8pt;\">Ai Weiwei<\/span><\/em><\/p>\n<p class=\"isSelectedEnd\">Artipelag har f\u00f6rst\u00e5s mer att erbjuda \u00e4n sj\u00e4lva utst\u00e4llningen. I naturen runt konsthallen finns en skulpturpark med verk av b\u00e5de svenska och internationella konstn\u00e4rer. H\u00e4r g\u00e5r det fint att forts\u00e4tta konstupplevelsen utomhus.<\/p>\n<p class=\"isSelectedEnd\">\u00c4ven kaf\u00e9bes\u00f6ket f\u00e5r en koppling till konsten. Till varje utst\u00e4llning tar Artipelags konditor fram en s\u00e4rskild bakelse inspirerad av det som visas i konsthallen. Till <em>I Follow the Sun<\/em> blev det f\u00f6rst\u00e5s en solros. N\u00e4stan f\u00f6r fin f\u00f6r att \u00e4ta, men dessutom v\u00e4ldigt god.<\/p>\n<p>Missa inte heller museibutiken. D\u00e4r finns bland annat en vas som formgivits s\u00e4rskilt f\u00f6r Artipelag. Utst\u00e4llningen I follow the Sun visas till 5\/1 2025<\/p>\n<p><img loading=\"lazy\" decoding=\"async\" class=\"aligncenter size-full wp-image-211859\" src=\"https:\/\/kulturista.se\/test\/wp-content\/uploads\/2024\/06\/7.png\" alt=\"\" width=\"1334\" height=\"885\" srcset=\"https:\/\/kulturista.se\/test\/wp-content\/uploads\/2024\/06\/7.png 1334w, https:\/\/kulturista.se\/test\/wp-content\/uploads\/2024\/06\/7-1280x849.png 1280w, https:\/\/kulturista.se\/test\/wp-content\/uploads\/2024\/06\/7-980x650.png 980w, https:\/\/kulturista.se\/test\/wp-content\/uploads\/2024\/06\/7-480x318.png 480w\" sizes=\"(min-width: 0px) and (max-width: 480px) 480px, (min-width: 481px) and (max-width: 980px) 980px, (min-width: 981px) and (max-width: 1280px) 1280px, (min-width: 1281px) 1334px, 100vw\" \/><\/p>\n<p>&nbsp;<\/p>\n<div style=\"text-align: center;\">Utst\u00e4llningen I follow the Sun visas till 5\/1 2025<\/div>\n<div style=\"text-align: center;\"><\/div>\n","protected":false},"excerpt":{"rendered":"<p>Vilken konstn\u00e4r t\u00e4nker du p\u00e5 n\u00e4r jag s\u00e4ger solrosor? Just det, Vincent van Gogh. Men i I Follow the Sun p\u00e5 Artipelag finns inte en enda m\u00e5lning av den ikoniske konstn\u00e4ren. Kan man d\u00e5 g\u00f6ra en hel utst\u00e4llning om solrosor utan att ha med ett enda verk av Van Gogh? Den fr\u00e5gan st\u00e4ller konsthallschefen Bo [&hellip;]<\/p>\n","protected":false},"author":1,"featured_media":0,"comment_status":"open","ping_status":"open","sticky":false,"template":"","format":"standard","meta":{"_acf_changed":false,"_et_pb_use_builder":"","_et_pb_old_content":"","_et_gb_content_width":"","_jetpack_newsletter_access":"","_jetpack_dont_email_post_to_subs":false,"_jetpack_newsletter_tier_id":0,"_jetpack_memberships_contains_paywalled_content":false,"_jetpack_feature_clip_id":0,"_jetpack_memberships_contains_paid_content":false,"footnotes":"","jetpack_post_was_ever_published":false},"categories":[19],"tags":[],"class_list":["post-211849","post","type-post","status-publish","format-standard","hentry","category-museer-utstallningar"],"acf":[],"jetpack_sharing_enabled":true,"jetpack_featured_media_url":"","_links":{"self":[{"href":"https:\/\/kulturista.se\/test\/wp-json\/wp\/v2\/posts\/211849","targetHints":{"allow":["GET"]}}],"collection":[{"href":"https:\/\/kulturista.se\/test\/wp-json\/wp\/v2\/posts"}],"about":[{"href":"https:\/\/kulturista.se\/test\/wp-json\/wp\/v2\/types\/post"}],"author":[{"embeddable":true,"href":"https:\/\/kulturista.se\/test\/wp-json\/wp\/v2\/users\/1"}],"replies":[{"embeddable":true,"href":"https:\/\/kulturista.se\/test\/wp-json\/wp\/v2\/comments?post=211849"}],"version-history":[{"count":15,"href":"https:\/\/kulturista.se\/test\/wp-json\/wp\/v2\/posts\/211849\/revisions"}],"predecessor-version":[{"id":211870,"href":"https:\/\/kulturista.se\/test\/wp-json\/wp\/v2\/posts\/211849\/revisions\/211870"}],"wp:attachment":[{"href":"https:\/\/kulturista.se\/test\/wp-json\/wp\/v2\/media?parent=211849"}],"wp:term":[{"taxonomy":"category","embeddable":true,"href":"https:\/\/kulturista.se\/test\/wp-json\/wp\/v2\/categories?post=211849"},{"taxonomy":"post_tag","embeddable":true,"href":"https:\/\/kulturista.se\/test\/wp-json\/wp\/v2\/tags?post=211849"}],"curies":[{"name":"wp","href":"https:\/\/api.w.org\/{rel}","templated":true}]}}