{"id":211801,"date":"2024-04-01T21:25:19","date_gmt":"2024-04-01T19:25:19","guid":{"rendered":"https:\/\/kulturista.se\/test\/?p=211801"},"modified":"2026-08-20T20:20:57","modified_gmt":"2026-08-20T18:20:57","slug":"sex-decennier-med-lena-cronqvist","status":"publish","type":"post","link":"https:\/\/kulturista.se\/test\/sex-decennier-med-lena-cronqvist\/","title":{"rendered":"Sex decennier med Lena Cronqvist"},"content":{"rendered":"<p>Nu visas <em data-start=\"871\" data-end=\"886\">Sex decennier<\/em>, en stor retrospektiv utst\u00e4llning med Lena Cronqvist p\u00e5 Konstakademien. H\u00e4r samlas 60 \u00e5rs skapande i form av m\u00e5leri, teckning och skulptur. Utst\u00e4llningen inneh\u00e5ller ocks\u00e5 verk ur konstn\u00e4rens privata samling som inte tidigare visats f\u00f6r allm\u00e4nheten.<\/p>\n<figure class=\"wp-block-image size-full\"><img loading=\"lazy\" decoding=\"async\" class=\"aligncenter size-full\" src=\"https:\/\/kulturista.se\/test\/wp-content\/uploads\/2024\/04\/5.png\" alt=\"\" width=\"1334\" height=\"885\" \/><\/figure>\n<p>I de tre st\u00f6rsta salarna en trappa upp presenteras ett liv, Lenas liv och hur hon gestaltat det i sin konst.<\/p>\n<figure class=\"wp-block-image size-full\"><img loading=\"lazy\" decoding=\"async\" class=\"aligncenter size-full\" src=\"https:\/\/kulturista.se\/test\/wp-content\/uploads\/2024\/04\/7.png\" alt=\"\" width=\"1334\" height=\"885\" \/><\/figure>\n<figure class=\"wp-block-image size-full\"><img loading=\"lazy\" decoding=\"async\" class=\"aligncenter size-full wp-image-211804\" src=\"https:\/\/kulturista.se\/test\/wp-content\/uploads\/2024\/04\/Liggande-bild.png\" alt=\"\" width=\"1334\" height=\"885\" srcset=\"https:\/\/kulturista.se\/test\/wp-content\/uploads\/2024\/04\/Liggande-bild.png 1334w, https:\/\/kulturista.se\/test\/wp-content\/uploads\/2024\/04\/Liggande-bild-1280x849.png 1280w, https:\/\/kulturista.se\/test\/wp-content\/uploads\/2024\/04\/Liggande-bild-980x650.png 980w, https:\/\/kulturista.se\/test\/wp-content\/uploads\/2024\/04\/Liggande-bild-480x318.png 480w\" sizes=\"(min-width: 0px) and (max-width: 480px) 480px, (min-width: 481px) and (max-width: 980px) 980px, (min-width: 981px) and (max-width: 1280px) 1280px, (min-width: 1281px) 1334px, 100vw\" \/><\/figure>\n<p>Under 60-talet m\u00e5lade hon vardagliga scener och resor till platser som Grekland och Mexiko med sin man f\u00f6rfattaren G\u00f6ran Tunstr\u00f6m. Efter att Tunstr\u00f6m blev sjuk under en resa till Mexiko, skulpterade Cronqvist lerfigurer med lokalbefolkningen medan hon v\u00e4ntade p\u00e5 att han skulle bli frisk.<\/p>\n<p>Lerfigurerna \u00e4r enkla, men redan d\u00e5 ser man att hon har en omissk\u00e4nnlig k\u00e4nsla f\u00f6r form och fysik och en lekfulla nyfikenhet i sitt skapande. Hennes anv\u00e4ndning av starka f\u00e4rger och tydliga former skiljer sig fr\u00e5n den samtida abstrakta konsten och visar att hon redan fr\u00e5n b\u00f6rjan valde sin egen v\u00e4g.<\/p>\n<figure class=\"wp-block-image size-full\"><img loading=\"lazy\" decoding=\"async\" class=\"aligncenter size-full wp-image-211809\" src=\"https:\/\/kulturista.se\/test\/wp-content\/uploads\/2024\/04\/6.png\" alt=\"\" width=\"1334\" height=\"885\" srcset=\"https:\/\/kulturista.se\/test\/wp-content\/uploads\/2024\/04\/6.png 1334w, https:\/\/kulturista.se\/test\/wp-content\/uploads\/2024\/04\/6-1280x849.png 1280w, https:\/\/kulturista.se\/test\/wp-content\/uploads\/2024\/04\/6-980x650.png 980w, https:\/\/kulturista.se\/test\/wp-content\/uploads\/2024\/04\/6-480x318.png 480w\" sizes=\"(min-width: 0px) and (max-width: 480px) 480px, (min-width: 481px) and (max-width: 980px) 980px, (min-width: 981px) and (max-width: 1280px) 1280px, (min-width: 1281px) 1334px, 100vw\" \/><\/figure>\n<p>1970-talets fokus p\u00e5 politik inom konsten l\u00e4mnade Lena d\u00e4rh\u00e4n, hennes konst handlar ist\u00e4llet om det personliga och privata. Hon utforskar familjen, ensamheten, sjukhusvistelser, moderskapets isolering och relationen till \u00e5ldrande f\u00f6r\u00e4ldrar.<\/p>\n<p>Det personliga i Cronqvists konst g\u00f6r samtidigt att det \u00e4r l\u00e4tt att hitta egna erfarenheter i den. Familjen, sorgen, ensamheten och barndomen \u00e4r hennes, men k\u00e4nslorna \u00e4r l\u00e4tta att k\u00e4nna igen.<\/p>\n<figure class=\"wp-block-image size-full\"><img loading=\"lazy\" decoding=\"async\" class=\"aligncenter size-full wp-image-211808\" src=\"https:\/\/kulturista.se\/test\/wp-content\/uploads\/2024\/04\/4.png\" alt=\"\" width=\"1334\" height=\"885\" srcset=\"https:\/\/kulturista.se\/test\/wp-content\/uploads\/2024\/04\/4.png 1334w, https:\/\/kulturista.se\/test\/wp-content\/uploads\/2024\/04\/4-1280x849.png 1280w, https:\/\/kulturista.se\/test\/wp-content\/uploads\/2024\/04\/4-980x650.png 980w, https:\/\/kulturista.se\/test\/wp-content\/uploads\/2024\/04\/4-480x318.png 480w\" sizes=\"(min-width: 0px) and (max-width: 480px) 480px, (min-width: 481px) and (max-width: 980px) 980px, (min-width: 981px) and (max-width: 1280px) 1280px, (min-width: 1281px) 1334px, 100vw\" \/><\/figure>\n<p>Ett \u00e5terkommande motiv \u00e4r flickor som leker. De leker med dockor, badar i havet och i baljor, f\u00e5r s\u00e4llskap av hundar, katter och gorillor, leker med speglar och spegelbilder, kikar genom glaskupor, b\u00e4ddar ner mamma- och pappadockor, leker i par eller p\u00e5 egen hand, hoppar hopprep och grimaserar.<\/p>\n<p>De busar med oss och varandra, till synes sorgl\u00f6sa, men ibland skiner en sv\u00e4rta igenom, som flickan i baljan som till synes f\u00f6rs\u00f6ker strypa sin docka.<\/p>\n<figure class=\"wp-block-image size-full\"><img loading=\"lazy\" decoding=\"async\" class=\"aligncenter size-full wp-image-211807\" src=\"https:\/\/kulturista.se\/test\/wp-content\/uploads\/2024\/04\/2-bilder.png\" alt=\"\" width=\"1334\" height=\"885\" srcset=\"https:\/\/kulturista.se\/test\/wp-content\/uploads\/2024\/04\/2-bilder.png 1334w, https:\/\/kulturista.se\/test\/wp-content\/uploads\/2024\/04\/2-bilder-1280x849.png 1280w, https:\/\/kulturista.se\/test\/wp-content\/uploads\/2024\/04\/2-bilder-980x650.png 980w, https:\/\/kulturista.se\/test\/wp-content\/uploads\/2024\/04\/2-bilder-480x318.png 480w\" sizes=\"(min-width: 0px) and (max-width: 480px) 480px, (min-width: 481px) and (max-width: 980px) 980px, (min-width: 981px) and (max-width: 1280px) 1280px, (min-width: 1281px) 1334px, 100vw\" \/><\/figure>\n<p>Jag f\u00e5r s\u00e5 m\u00e5nga minnen av min egen lek som barn- och hur gl\u00e4djen och sorgl\u00f6sheten blandas med k\u00e4nslor som inte alltid \u00e4r lika rumsrena.<\/p>\n<p>Cronqvist, som sj\u00e4lv har upplevt sorg och pr\u00f6vningar r\u00e4ds inte att visa \u00e4ven det.<\/p>\n<p>I en utst\u00e4llning p\u00e5 Waldemarsudde 2020 visades flera m\u00e5lningar av sorgen efter makens G\u00f6rans d\u00f6d, f\u00f6r\u00e4ldrarnas d\u00f6d samt sin tid p\u00e5 sjukhus efter en sv\u00e5r f\u00f6rlossningsdepression efter sonen Linus f\u00f6delse.<\/p>\n<figure class=\"wp-block-image size-full\"><img loading=\"lazy\" decoding=\"async\" class=\"aligncenter size-full wp-image-211806\" src=\"https:\/\/kulturista.se\/test\/wp-content\/uploads\/2024\/04\/2-bilder-2.png\" alt=\"\" width=\"1334\" height=\"885\" srcset=\"https:\/\/kulturista.se\/test\/wp-content\/uploads\/2024\/04\/2-bilder-2.png 1334w, https:\/\/kulturista.se\/test\/wp-content\/uploads\/2024\/04\/2-bilder-2-1280x849.png 1280w, https:\/\/kulturista.se\/test\/wp-content\/uploads\/2024\/04\/2-bilder-2-980x650.png 980w, https:\/\/kulturista.se\/test\/wp-content\/uploads\/2024\/04\/2-bilder-2-480x318.png 480w\" sizes=\"(min-width: 0px) and (max-width: 480px) 480px, (min-width: 481px) and (max-width: 980px) 980px, (min-width: 981px) and (max-width: 1280px) 1280px, (min-width: 1281px) 1334px, 100vw\" \/><\/figure>\n<p>En obotlig \u00f6gonsjukdom har under en l\u00e5ng tid f\u00f6rs\u00e4mrat Lenas syn \u2013 och idag \u00e4r hon helt blind. Hon har allts\u00e5 inte sj\u00e4lv kunnat se den h\u00e4r utst\u00e4llningen, det k\u00e4nns n\u00e4stan outh\u00e4rdligt att t\u00e4nka p\u00e5.<\/p>\n<p>S\u00e5 till alla som har synen i beh\u00e5ll. G\u00e5 och se Lena Cronqvists <em>Sex decennier<\/em>. Utst\u00e4llningen Sex decennier visas till 27\/4 2024<\/p>\n","protected":false},"excerpt":{"rendered":"<p>Nu visas Sex decennier, en stor retrospektiv utst\u00e4llning med Lena Cronqvist p\u00e5 Konstakademien. H\u00e4r samlas 60 \u00e5rs skapande i form av m\u00e5leri, teckning och skulptur. Utst\u00e4llningen inneh\u00e5ller ocks\u00e5 verk ur konstn\u00e4rens privata samling som inte tidigare visats f\u00f6r allm\u00e4nheten. I de tre st\u00f6rsta salarna en trappa upp presenteras ett liv, Lenas liv och hur hon [&hellip;]<\/p>\n","protected":false},"author":1,"featured_media":0,"comment_status":"open","ping_status":"open","sticky":false,"template":"","format":"standard","meta":{"_acf_changed":false,"_et_pb_use_builder":"","_et_pb_old_content":"","_et_gb_content_width":"","_jetpack_newsletter_access":"","_jetpack_dont_email_post_to_subs":false,"_jetpack_newsletter_tier_id":0,"_jetpack_memberships_contains_paywalled_content":false,"_jetpack_feature_clip_id":0,"_jetpack_memberships_contains_paid_content":false,"footnotes":"","jetpack_post_was_ever_published":false},"categories":[19],"tags":[],"class_list":["post-211801","post","type-post","status-publish","format-standard","hentry","category-museer-utstallningar"],"acf":[],"jetpack_sharing_enabled":true,"jetpack_featured_media_url":"","_links":{"self":[{"href":"https:\/\/kulturista.se\/test\/wp-json\/wp\/v2\/posts\/211801","targetHints":{"allow":["GET"]}}],"collection":[{"href":"https:\/\/kulturista.se\/test\/wp-json\/wp\/v2\/posts"}],"about":[{"href":"https:\/\/kulturista.se\/test\/wp-json\/wp\/v2\/types\/post"}],"author":[{"embeddable":true,"href":"https:\/\/kulturista.se\/test\/wp-json\/wp\/v2\/users\/1"}],"replies":[{"embeddable":true,"href":"https:\/\/kulturista.se\/test\/wp-json\/wp\/v2\/comments?post=211801"}],"version-history":[{"count":31,"href":"https:\/\/kulturista.se\/test\/wp-json\/wp\/v2\/posts\/211801\/revisions"}],"predecessor-version":[{"id":211840,"href":"https:\/\/kulturista.se\/test\/wp-json\/wp\/v2\/posts\/211801\/revisions\/211840"}],"wp:attachment":[{"href":"https:\/\/kulturista.se\/test\/wp-json\/wp\/v2\/media?parent=211801"}],"wp:term":[{"taxonomy":"category","embeddable":true,"href":"https:\/\/kulturista.se\/test\/wp-json\/wp\/v2\/categories?post=211801"},{"taxonomy":"post_tag","embeddable":true,"href":"https:\/\/kulturista.se\/test\/wp-json\/wp\/v2\/tags?post=211801"}],"curies":[{"name":"wp","href":"https:\/\/api.w.org\/{rel}","templated":true}]}}