{"id":211676,"date":"2023-03-27T19:45:31","date_gmt":"2023-03-27T17:45:31","guid":{"rendered":"https:\/\/kulturista.se\/test\/?p=211676"},"modified":"2026-08-20T20:59:45","modified_gmt":"2026-08-20T18:59:45","slug":"pa-armlangds-avstand-100-ar-av-nordisk-konst","status":"publish","type":"post","link":"https:\/\/kulturista.se\/test\/pa-armlangds-avstand-100-ar-av-nordisk-konst\/","title":{"rendered":"P\u00e5 arml\u00e4ngds avst\u00e5nd  &#8211; 100 \u00e5r av nordisk konst"},"content":{"rendered":"<p class=\"PDq2pG_selectionAnchorContainer\" data-start=\"404\" data-end=\"700\">Utst\u00e4llningen \u00e4r uppbyggd i \u00e5tta delar som f\u00f6ljer olika epoker i den nordiska konsthistorien. De riktigt bra v\u00e4ggtexterna hj\u00e4lper till att s\u00e4tta b\u00e5de konstn\u00e4rerna och de olika str\u00f6mningarna i sitt sammanhang. H\u00e4r guidas vi genom expressionism, surrealism, abstrakt expressionism och popkonst.<\/p>\n<p data-start=\"702\" data-end=\"849\">Det \u00e4r inte bara en samling riktigt fin konst, utan ocks\u00e5 en utst\u00e4llning som tydligt visar hur den nordiska konsten f\u00f6r\u00e4ndrats under hundra \u00e5r.<\/p>\n<p><img loading=\"lazy\" decoding=\"async\" class=\"aligncenter size-full wp-image-211675\" src=\"https:\/\/kulturista.se\/test\/wp-content\/uploads\/2023\/03\/e0e60f5c-dbb1-4552-b43e-37129be843b8-1.png\" alt=\"\" width=\"1334\" height=\"885\" srcset=\"https:\/\/kulturista.se\/test\/wp-content\/uploads\/2023\/03\/e0e60f5c-dbb1-4552-b43e-37129be843b8-1.png 1334w, https:\/\/kulturista.se\/test\/wp-content\/uploads\/2023\/03\/e0e60f5c-dbb1-4552-b43e-37129be843b8-1-1280x849.png 1280w\" sizes=\"(min-width: 0px) and (max-width: 1280px) 1280px, (min-width: 1281px) 1334px, 100vw\" \/><span style=\"font-size: 8pt;\"><em>Foto: Jean-Baptiste B\u00e9ranger<\/em><\/span><\/p>\n<h2>EN UNIK SAMLING<\/h2>\n<p class=\"isSelectedEnd\">Alla verk i utst\u00e4llningen \u00e4r l\u00e5n ur Nicolai Tangens samling. Under omkring 30 \u00e5r har han byggt upp en samling med cirka 5 000 verk av nordiska konstn\u00e4rer.<\/p>\n<p>N\u00e4r utst\u00e4llningen visades p\u00e5 Artipelag h\u00f6ll ett nytt museum f\u00f6r samlingen p\u00e5 att byggas i Tangens hemstad Kristiansand. Kunstsilo \u00f6ppnade \u00e5ret d\u00e4rp\u00e5, 2024.<\/p>\n<p><img loading=\"lazy\" decoding=\"async\" class=\"aligncenter size-full wp-image-211679\" src=\"https:\/\/kulturista.se\/test\/wp-content\/uploads\/2023\/03\/5.png\" alt=\"\" width=\"1334\" height=\"885\" srcset=\"https:\/\/kulturista.se\/test\/wp-content\/uploads\/2023\/03\/5.png 1334w, https:\/\/kulturista.se\/test\/wp-content\/uploads\/2023\/03\/5-1280x849.png 1280w, https:\/\/kulturista.se\/test\/wp-content\/uploads\/2023\/03\/5-980x650.png 980w, https:\/\/kulturista.se\/test\/wp-content\/uploads\/2023\/03\/5-480x318.png 480w\" sizes=\"(min-width: 0px) and (max-width: 480px) 480px, (min-width: 481px) and (max-width: 980px) 980px, (min-width: 981px) and (max-width: 1280px) 1280px, (min-width: 1281px) 1334px, 100vw\" \/><span style=\"font-size: 8pt;\"><em>F<\/em><\/span><span style=\"font-size: 8pt;\"><em>oto: Jean-Baptiste B\u00e9ranger<br \/>\n<\/em><\/span><\/p>\n<h2>FR\u00c5N PARIS TILL NORDEN<\/h2>\n<p class=\"isSelectedEnd\">Utst\u00e4llningen tar sitt avstamp i Paris i b\u00f6rjan av 1900-talet, d\u00e5 staden var den moderna konstens huvudstad. M\u00e5nga nordiska konstn\u00e4rer reste dit f\u00f6r att studera och inspireras av de nya str\u00f6mningarna.<\/p>\n<p>Bland dem fanns Isaac Gr\u00fcnewald, Sigrid Hjert\u00e9n, Einar Jolin och Leander Engstr\u00f6m, som alla studerade f\u00f6r Henri Matisse.<\/p>\n<p><img loading=\"lazy\" decoding=\"async\" class=\"aligncenter size-full wp-image-211680\" src=\"https:\/\/kulturista.se\/test\/wp-content\/uploads\/2023\/03\/6.png\" alt=\"\" width=\"1334\" height=\"885\" srcset=\"https:\/\/kulturista.se\/test\/wp-content\/uploads\/2023\/03\/6.png 1334w, https:\/\/kulturista.se\/test\/wp-content\/uploads\/2023\/03\/6-1280x849.png 1280w, https:\/\/kulturista.se\/test\/wp-content\/uploads\/2023\/03\/6-980x650.png 980w, https:\/\/kulturista.se\/test\/wp-content\/uploads\/2023\/03\/6-480x318.png 480w\" sizes=\"(min-width: 0px) and (max-width: 480px) 480px, (min-width: 481px) and (max-width: 980px) 980px, (min-width: 981px) and (max-width: 1280px) 1280px, (min-width: 1281px) 1334px, 100vw\" \/><span style=\"font-size: 8pt;\"><em>F<\/em><\/span><span style=\"font-size: 8pt;\"><em>oto: Jean-Baptiste B\u00e9ranger<\/em><\/span><\/p>\n<p class=\"isSelectedEnd\">Under mellankrigstiden f\u00f6r\u00e4ndrades konsten och nya motiv och uttryck v\u00e4xte fram. Peter Weiss, som f\u00f6ddes i Tyskland och kom till Sverige efter att familjen flytt undan nazismen, representeras h\u00e4r av en fin svit m\u00e5lningar.<\/p>\n<p>Weiss l\u00e4mnade senare i stort sett m\u00e5leriet f\u00f6r litteraturen och skrev bland annat <em>Motst\u00e5ndets estetik<\/em>, ett verk som r\u00e4knas till hans viktigaste. Men som jag inte har l\u00e4st, ska till\u00e4ggas.<\/p>\n<p><img loading=\"lazy\" decoding=\"async\" class=\"aligncenter size-full wp-image-211723\" src=\"https:\/\/kulturista.se\/test\/wp-content\/uploads\/2023\/10\/Mall-Kulturista.se_.png\" alt=\"\" width=\"1334\" height=\"885\" srcset=\"https:\/\/kulturista.se\/test\/wp-content\/uploads\/2023\/10\/Mall-Kulturista.se_.png 1334w, https:\/\/kulturista.se\/test\/wp-content\/uploads\/2023\/10\/Mall-Kulturista.se_-1280x849.png 1280w, https:\/\/kulturista.se\/test\/wp-content\/uploads\/2023\/10\/Mall-Kulturista.se_-980x650.png 980w, https:\/\/kulturista.se\/test\/wp-content\/uploads\/2023\/10\/Mall-Kulturista.se_-480x318.png 480w\" sizes=\"(min-width: 0px) and (max-width: 480px) 480px, (min-width: 481px) and (max-width: 980px) 980px, (min-width: 981px) and (max-width: 1280px) 1280px, (min-width: 1281px) 1334px, 100vw\" \/><span style=\"font-size: 8pt;\"><em>F<\/em><\/span><span style=\"font-size: 8pt;\"><em>oto: Jean-Baptiste B\u00e9ranger<\/em><\/span><\/p>\n<h2>REKLAMEN TAR PLATS<\/h2>\n<p class=\"isSelectedEnd\">P\u00e5 1960-talet f\u00f6r\u00e4ndrades samh\u00e4llet med h\u00f6gkonjunktur och v\u00e4xande konsumtion. Reklamens bildspr\u00e5k fick allt st\u00f6rre plats och b\u00f6rjade ocks\u00e5 leta sig in i konsten.<\/p>\n<p>LG Lundberg arbetade sj\u00e4lv p\u00e5 reklambyr\u00e5 och anv\u00e4nde delar av reklamens uttryck i sitt m\u00e5leri.<\/p>\n<h2>PER KIRKEBY OCH NATUREN<\/h2>\n<p class=\"isSelectedEnd\">Den danske konstn\u00e4ren Per Kirkeby hade en ovanligt bred bakgrund. Han var utbildad geolog och deltog bland annat i expeditioner till Gr\u00f6nland innan konsten tog \u00f6ver allt mer.<\/p>\n<p>Vid sidan av m\u00e5leriet arbetade han ocks\u00e5 med skulptur, grafik och litteratur. Landskapet och naturen blev viktiga delar av hans konstn\u00e4rskap.<\/p>\n<p><img loading=\"lazy\" decoding=\"async\" class=\"aligncenter size-full wp-image-211729\" src=\"https:\/\/kulturista.se\/test\/wp-content\/uploads\/2023\/10\/2.png\" alt=\"\" width=\"1334\" height=\"885\" srcset=\"https:\/\/kulturista.se\/test\/wp-content\/uploads\/2023\/10\/2.png 1334w, https:\/\/kulturista.se\/test\/wp-content\/uploads\/2023\/10\/2-1280x849.png 1280w, https:\/\/kulturista.se\/test\/wp-content\/uploads\/2023\/10\/2-980x650.png 980w, https:\/\/kulturista.se\/test\/wp-content\/uploads\/2023\/10\/2-480x318.png 480w\" sizes=\"(min-width: 0px) and (max-width: 480px) 480px, (min-width: 481px) and (max-width: 980px) 980px, (min-width: 981px) and (max-width: 1280px) 1280px, (min-width: 1281px) 1334px, 100vw\" \/><span style=\"font-size: 8pt;\"><em>F<\/em><\/span><span style=\"font-size: 8pt;\"><em>oto: Kulturista<\/em><\/span><\/p>\n<h2>OLLE B\u00c6RTLING<\/h2>\n<p class=\"isSelectedEnd\">I utst\u00e4llningen finns ocks\u00e5 en serie verk av Olle B\u00e6rtling, en av de svenska konstn\u00e4rer som tidigt fick ett internationellt genomslag.<\/p>\n<p class=\"isSelectedEnd\">Hans tidiga m\u00e5leri p\u00e5verkades av bland annat kubism och konstruktivism, men s\u00e5 sm\u00e5ningom utvecklade han sitt karakteristiska abstrakta bildspr\u00e5k med geometriska former, skarpa linjer och starka f\u00e4rgf\u00e4lt.<\/p>\n<p>Och i vanlig ordning har Artipelags konditor tolkat utst\u00e4llningen i bakelseform. Den h\u00e4r g\u00e5ngen h\u00e4mtades inspirationen fr\u00e5n B\u00e6rtlings geometriska konst, och resultatet \u00e4r lika gott som vackert<\/p>\n<p><img loading=\"lazy\" decoding=\"async\" class=\"aligncenter size-full wp-image-211731\" src=\"https:\/\/kulturista.se\/test\/wp-content\/uploads\/2023\/10\/3.png\" alt=\"\" width=\"1334\" height=\"885\" srcset=\"https:\/\/kulturista.se\/test\/wp-content\/uploads\/2023\/10\/3.png 1334w, https:\/\/kulturista.se\/test\/wp-content\/uploads\/2023\/10\/3-1280x849.png 1280w, https:\/\/kulturista.se\/test\/wp-content\/uploads\/2023\/10\/3-980x650.png 980w, https:\/\/kulturista.se\/test\/wp-content\/uploads\/2023\/10\/3-480x318.png 480w\" sizes=\"(min-width: 0px) and (max-width: 480px) 480px, (min-width: 481px) and (max-width: 980px) 980px, (min-width: 981px) and (max-width: 1280px) 1280px, (min-width: 1281px) 1334px, 100vw\" \/><em><span style=\"font-size: 8pt;\">F<\/span><span style=\"font-size: 8pt;\">oto:Kulturista<\/span><\/em><\/p>\n<h2>KJARTAN SLETTEMARK OCH NIXON<\/h2>\n<p class=\"isSelectedEnd\">Kjartan Slettemark var en norsk-svensk konstn\u00e4r vars konst ofta kretsade kring politiska och sociala fr\u00e5gor.<\/p>\n<p class=\"isSelectedEnd\">Richard Nixon blev ett \u00e5terkommande motiv. Slettemark bearbetade bilder av den amerikanske presidenten och anv\u00e4nde honom i flera verk, bland annat i sitt ber\u00f6mda Nixonprojekt.<\/p>\n<p>Kring Slettemark finns ocks\u00e5 en m\u00e4ngd historier och myter, vilket p\u00e5 n\u00e5got s\u00e4tt passar ett konstn\u00e4rskap d\u00e4r identiteter, politik och provokation st\u00e4ndigt blandades.<\/p>\n<p><img loading=\"lazy\" decoding=\"async\" class=\"aligncenter size-full wp-image-211730\" src=\"https:\/\/kulturista.se\/test\/wp-content\/uploads\/2023\/10\/4.png\" alt=\"\" width=\"1334\" height=\"885\" srcset=\"https:\/\/kulturista.se\/test\/wp-content\/uploads\/2023\/10\/4.png 1334w, https:\/\/kulturista.se\/test\/wp-content\/uploads\/2023\/10\/4-1280x849.png 1280w, https:\/\/kulturista.se\/test\/wp-content\/uploads\/2023\/10\/4-980x650.png 980w, https:\/\/kulturista.se\/test\/wp-content\/uploads\/2023\/10\/4-480x318.png 480w\" sizes=\"(min-width: 0px) and (max-width: 480px) 480px, (min-width: 481px) and (max-width: 980px) 980px, (min-width: 981px) and (max-width: 1280px) 1280px, (min-width: 1281px) 1334px, 100vw\" \/><em><span style=\"font-size: 8pt;\">F<\/span><span style=\"font-size: 8pt;\">oto:Kulturista<\/span><\/em><\/p>\n<h2>BILDEN SOM BLEV UTST\u00c4LLNINGENS ANSIKTE<\/h2>\n<p class=\"isSelectedEnd\">Utst\u00e4llningens affisch bygger p\u00e5 ett fotografi av den finl\u00e4ndska konstn\u00e4ren Elina Brotherus ur serien <em>Seabound<\/em>. Serien skapades p\u00e5 uppdrag av Nicolai Tangen och fotograferades i Kristiansand, d\u00e4r han v\u00e4xte upp.<\/p>\n<p><em>P\u00e5 arml\u00e4ngds avst\u00e5nd \u2013 100 \u00e5r av nordisk konst<\/em> visadas till den 1 oktober 2023.<\/p>\n<p style=\"text-align: center;\"><strong><em>\u00a0<\/em><\/strong><\/p>\n<p>&nbsp;<\/p>\n","protected":false},"excerpt":{"rendered":"<p>Utst\u00e4llningen \u00e4r uppbyggd i \u00e5tta delar som f\u00f6ljer olika epoker i den nordiska konsthistorien. De riktigt bra v\u00e4ggtexterna hj\u00e4lper till att s\u00e4tta b\u00e5de konstn\u00e4rerna och de olika str\u00f6mningarna i sitt sammanhang. H\u00e4r guidas vi genom expressionism, surrealism, abstrakt expressionism och popkonst. Det \u00e4r inte bara en samling riktigt fin konst, utan ocks\u00e5 en utst\u00e4llning som [&hellip;]<\/p>\n","protected":false},"author":1,"featured_media":0,"comment_status":"open","ping_status":"open","sticky":false,"template":"","format":"standard","meta":{"_acf_changed":false,"_et_pb_use_builder":"off","_et_pb_old_content":"","_et_gb_content_width":"","_jetpack_newsletter_access":"","_jetpack_dont_email_post_to_subs":false,"_jetpack_newsletter_tier_id":0,"_jetpack_memberships_contains_paywalled_content":false,"_jetpack_feature_clip_id":0,"_jetpack_memberships_contains_paid_content":false,"footnotes":"","jetpack_post_was_ever_published":false},"categories":[19],"tags":[],"class_list":["post-211676","post","type-post","status-publish","format-standard","hentry","category-museer-utstallningar"],"acf":[],"jetpack_sharing_enabled":true,"jetpack_featured_media_url":"","_links":{"self":[{"href":"https:\/\/kulturista.se\/test\/wp-json\/wp\/v2\/posts\/211676","targetHints":{"allow":["GET"]}}],"collection":[{"href":"https:\/\/kulturista.se\/test\/wp-json\/wp\/v2\/posts"}],"about":[{"href":"https:\/\/kulturista.se\/test\/wp-json\/wp\/v2\/types\/post"}],"author":[{"embeddable":true,"href":"https:\/\/kulturista.se\/test\/wp-json\/wp\/v2\/users\/1"}],"replies":[{"embeddable":true,"href":"https:\/\/kulturista.se\/test\/wp-json\/wp\/v2\/comments?post=211676"}],"version-history":[{"count":31,"href":"https:\/\/kulturista.se\/test\/wp-json\/wp\/v2\/posts\/211676\/revisions"}],"predecessor-version":[{"id":213343,"href":"https:\/\/kulturista.se\/test\/wp-json\/wp\/v2\/posts\/211676\/revisions\/213343"}],"wp:attachment":[{"href":"https:\/\/kulturista.se\/test\/wp-json\/wp\/v2\/media?parent=211676"}],"wp:term":[{"taxonomy":"category","embeddable":true,"href":"https:\/\/kulturista.se\/test\/wp-json\/wp\/v2\/categories?post=211676"},{"taxonomy":"post_tag","embeddable":true,"href":"https:\/\/kulturista.se\/test\/wp-json\/wp\/v2\/tags?post=211676"}],"curies":[{"name":"wp","href":"https:\/\/api.w.org\/{rel}","templated":true}]}}