{"id":211633,"date":"2023-02-17T16:34:32","date_gmt":"2023-02-17T15:34:32","guid":{"rendered":"https:\/\/kulturista.se\/test\/?p=211633"},"modified":"2026-08-20T21:10:37","modified_gmt":"2026-08-20T19:10:37","slug":"knut-andersson-farbonde-och-konstnar","status":"publish","type":"post","link":"https:\/\/kulturista.se\/test\/knut-andersson-farbonde-och-konstnar\/","title":{"rendered":"Knut Andersson &#8211; f\u00e5rbonde och konstn\u00e4r"},"content":{"rendered":"<p data-start=\"818\" data-end=\"977\">Knut Andersson (1934\u20132021) var helt ok\u00e4nd f\u00f6r mig n\u00e4r jag s\u00e5g utst\u00e4llningen <em data-start=\"894\" data-end=\"918\">F\u00e5rbonden fr\u00e5n Tubbebo<\/em> p\u00e5 Liljevalchs+. Och jag var nog l\u00e5ngt ifr\u00e5n ensam om det.<\/p>\n<p data-start=\"979\" data-end=\"1244\">Som ung dr\u00f6mde han om att bli konstn\u00e4r och utbildade sig p\u00e5 Sk\u00e5nska M\u00e5larskolan i Malm\u00f6. Men f\u00f6r att kunna f\u00f6rs\u00f6rja sig utbildade han sig till spedit\u00f6r. Senare i livet \u00e4rvde hans hustru Ulla en g\u00e5rd och paret flyttade till Tubbebo i Sm\u00e5land, d\u00e4r Knut blev f\u00e5rbonde.<\/p>\n<p><img loading=\"lazy\" decoding=\"async\" class=\"aligncenter size-full wp-image-211643\" src=\"https:\/\/kulturista.se\/test\/wp-content\/uploads\/2023\/02\/Liggande-bild.jpg\" alt=\"\" width=\"1334\" height=\"885\" srcset=\"https:\/\/kulturista.se\/test\/wp-content\/uploads\/2023\/02\/Liggande-bild.jpg 1334w, https:\/\/kulturista.se\/test\/wp-content\/uploads\/2023\/02\/Liggande-bild-1280x849.jpg 1280w, https:\/\/kulturista.se\/test\/wp-content\/uploads\/2023\/02\/Liggande-bild-980x650.jpg 980w, https:\/\/kulturista.se\/test\/wp-content\/uploads\/2023\/02\/Liggande-bild-480x318.jpg 480w\" sizes=\"(min-width: 0px) and (max-width: 480px) 480px, (min-width: 481px) and (max-width: 980px) 980px, (min-width: 981px) and (max-width: 1280px) 1280px, (min-width: 1281px) 1334px, 100vw\" \/><\/p>\n<p><span style=\"font-size: 10pt;\"><em>Foto: Anna Wennberg<\/em><\/span><\/p>\n<p class=\"PDq2pG_selectionAnchorContainer\" data-start=\"1269\" data-end=\"1335\">Vad f\u00e5 visste var att Knut fortsatte att m\u00e5la under hela sitt liv.<\/p>\n<p data-start=\"1337\" data-end=\"1512\">Det var f\u00f6rst n\u00e4r han deltog i en utst\u00e4llning p\u00e5 \u00d6ster\u00e4ngens konsthall i J\u00f6nk\u00f6ping, d\u00e4r alla som l\u00e4mnade in verk var garanterade att f\u00e5 delta, som hans m\u00e5leri uppm\u00e4rksammades.<\/p>\n<p data-start=\"1514\" data-end=\"1712\">Johanna Linder, verksamhetschef p\u00e5 \u00d6ster\u00e4ngens konsthall, har ber\u00e4ttat om sin f\u00f6rv\u00e5ning n\u00e4r den \u00e4ldre, lite krokige mannen kom f\u00f6r att l\u00e4mna in sin m\u00e5lning. \u201dH\u00e4r kommer Bodens f\u00e4stning\u201d, t\u00e4nkte hon.<\/p>\n<p data-start=\"1714\" data-end=\"1878\">Men m\u00e5lningen var n\u00e5got helt annat \u00e4n hon hade v\u00e4ntat sig. Framf\u00f6r henne fanns ett modernt och samh\u00e4llsskildrande m\u00e5leri av en konstn\u00e4r som n\u00e4stan ingen k\u00e4nde till.<\/p>\n<p><img loading=\"lazy\" decoding=\"async\" class=\"aligncenter size-full wp-image-211657\" src=\"https:\/\/kulturista.se\/test\/wp-content\/uploads\/2023\/02\/f0661b00-af2f-4bc1-a119-d8de4c1cba26.png\" alt=\"\" width=\"1334\" height=\"885\" srcset=\"https:\/\/kulturista.se\/test\/wp-content\/uploads\/2023\/02\/f0661b00-af2f-4bc1-a119-d8de4c1cba26.png 1334w, https:\/\/kulturista.se\/test\/wp-content\/uploads\/2023\/02\/f0661b00-af2f-4bc1-a119-d8de4c1cba26-1280x849.png 1280w, https:\/\/kulturista.se\/test\/wp-content\/uploads\/2023\/02\/f0661b00-af2f-4bc1-a119-d8de4c1cba26-980x650.png 980w, https:\/\/kulturista.se\/test\/wp-content\/uploads\/2023\/02\/f0661b00-af2f-4bc1-a119-d8de4c1cba26-480x318.png 480w\" sizes=\"(min-width: 0px) and (max-width: 480px) 480px, (min-width: 481px) and (max-width: 980px) 980px, (min-width: 981px) and (max-width: 1280px) 1280px, (min-width: 1281px) 1334px, 100vw\" \/><\/p>\n<p><span style=\"font-size: 10pt;\"><em>Foto: Kulturista<\/em><\/span><\/p>\n<p><img loading=\"lazy\" decoding=\"async\" class=\"size-full wp-image-211645\" src=\"https:\/\/kulturista.se\/test\/wp-content\/uploads\/2023\/02\/db2454c7-fcf0-43d2-88e3-f6205d59ae4c.jpg\" width=\"1334\" height=\"885\" srcset=\"https:\/\/kulturista.se\/test\/wp-content\/uploads\/2023\/02\/db2454c7-fcf0-43d2-88e3-f6205d59ae4c.jpg 1334w, https:\/\/kulturista.se\/test\/wp-content\/uploads\/2023\/02\/db2454c7-fcf0-43d2-88e3-f6205d59ae4c-1280x849.jpg 1280w, https:\/\/kulturista.se\/test\/wp-content\/uploads\/2023\/02\/db2454c7-fcf0-43d2-88e3-f6205d59ae4c-980x650.jpg 980w, https:\/\/kulturista.se\/test\/wp-content\/uploads\/2023\/02\/db2454c7-fcf0-43d2-88e3-f6205d59ae4c-480x318.jpg 480w\" sizes=\"(min-width: 0px) and (max-width: 480px) 480px, (min-width: 481px) and (max-width: 980px) 980px, (min-width: 981px) and (max-width: 1280px) 1280px, (min-width: 1281px) 1334px, 100vw\" \/><\/p>\n<p><span style=\"font-size: 10pt;\"><em>Foto: Anna Wennberg<\/em><\/span><\/p>\n<p class=\"PDq2pG_selectionAnchorContainer\" data-start=\"1923\" data-end=\"2118\">Knut Anderssons m\u00e5lningar \u00e4r fyllda av samtid och v\u00e4rldsh\u00e4ndelser. H\u00e4r finns milit\u00e4rkuppen i Chile, mordet p\u00e5 Olof Palme, Sovjetunionens uppl\u00f6sning och talibanernas makt\u00f6vertagande i Afghanistan.<\/p>\n<p data-start=\"2120\" data-end=\"2161\">Hur kom v\u00e4rlden till f\u00e5rg\u00e5rden i Tubbebo?<\/p>\n<p data-start=\"2163\" data-end=\"2176\">Han l\u00e4ste DN.<\/p>\n<p data-start=\"2178\" data-end=\"2327\">Genom Dagens Nyheter f\u00f6ljde Knut det som h\u00e4nde l\u00e5ngt utanf\u00f6r g\u00e5rden i Sm\u00e5land, och tidningens nyhetsbilder blev inspiration till m\u00e5nga av hans motiv.<\/p>\n<p data-start=\"2329\" data-end=\"2576\">Det var m\u00f6tet med Johanna Linder som ledde till att Knut Anderssons konstn\u00e4rskap till slut uppm\u00e4rksammades. \u00d6ster\u00e4ngens konsthall b\u00f6rjade arbeta med hans konst och 2022 \u00f6ppnade hans f\u00f6rsta separatutst\u00e4llning, <em data-start=\"2538\" data-end=\"2562\">F\u00e5rbonden fr\u00e5n Tubbebo<\/em>, i J\u00f6nk\u00f6ping.<\/p>\n<p data-start=\"2578\" data-end=\"2633\">Senare kom utst\u00e4llningen till Liljevalchs+ i Stockholm.<\/p>\n<p data-start=\"2635\" data-end=\"2807\">Knut Andersson fick aldrig sj\u00e4lv uppleva det. Han avled 2021, \u00e5ret innan separatutst\u00e4llningen \u00f6ppnade. Det \u00e4r sv\u00e5rt att inte k\u00e4nna en sorg \u00f6ver att erk\u00e4nnandet kom s\u00e5 sent.<\/p>\n<p><img loading=\"lazy\" decoding=\"async\" class=\"size-full wp-image-211646\" src=\"https:\/\/kulturista.se\/test\/wp-content\/uploads\/2023\/02\/301eaafe-38a8-4d00-902c-c4b2bdc74210.jpg\" width=\"1334\" height=\"885\" srcset=\"https:\/\/kulturista.se\/test\/wp-content\/uploads\/2023\/02\/301eaafe-38a8-4d00-902c-c4b2bdc74210.jpg 1334w, https:\/\/kulturista.se\/test\/wp-content\/uploads\/2023\/02\/301eaafe-38a8-4d00-902c-c4b2bdc74210-1280x849.jpg 1280w, https:\/\/kulturista.se\/test\/wp-content\/uploads\/2023\/02\/301eaafe-38a8-4d00-902c-c4b2bdc74210-980x650.jpg 980w, https:\/\/kulturista.se\/test\/wp-content\/uploads\/2023\/02\/301eaafe-38a8-4d00-902c-c4b2bdc74210-480x318.jpg 480w\" sizes=\"(min-width: 0px) and (max-width: 480px) 480px, (min-width: 481px) and (max-width: 980px) 980px, (min-width: 981px) and (max-width: 1280px) 1280px, (min-width: 1281px) 1334px, 100vw\" \/><\/p>\n<p><span style=\"font-size: 10pt;\"><em>Foto: Anna Wennberg<\/em><\/span><\/p>\n<p>Utst\u00e4llningen <strong>F\u00e5rbonden fr\u00e5n Tubbebo<\/strong> visas till 12 mars 2023.<\/p>\n<p>&nbsp;<\/p>\n<p>&nbsp;<\/p>\n","protected":false},"excerpt":{"rendered":"<p>Knut Andersson (1934\u20132021) var helt ok\u00e4nd f\u00f6r mig n\u00e4r jag s\u00e5g utst\u00e4llningen F\u00e5rbonden fr\u00e5n Tubbebo p\u00e5 Liljevalchs+. Och jag var nog l\u00e5ngt ifr\u00e5n ensam om det. Som ung dr\u00f6mde han om att bli konstn\u00e4r och utbildade sig p\u00e5 Sk\u00e5nska M\u00e5larskolan i Malm\u00f6. Men f\u00f6r att kunna f\u00f6rs\u00f6rja sig utbildade han sig till spedit\u00f6r. Senare i [&hellip;]<\/p>\n","protected":false},"author":1,"featured_media":0,"comment_status":"open","ping_status":"open","sticky":false,"template":"","format":"standard","meta":{"_acf_changed":false,"_et_pb_use_builder":"","_et_pb_old_content":"","_et_gb_content_width":"","_jetpack_newsletter_access":"","_jetpack_dont_email_post_to_subs":false,"_jetpack_newsletter_tier_id":0,"_jetpack_memberships_contains_paywalled_content":false,"_jetpack_feature_clip_id":0,"_jetpack_memberships_contains_paid_content":false,"footnotes":"","jetpack_post_was_ever_published":false},"categories":[19],"tags":[],"class_list":["post-211633","post","type-post","status-publish","format-standard","hentry","category-museer-utstallningar"],"acf":[],"jetpack_sharing_enabled":true,"jetpack_featured_media_url":"","_links":{"self":[{"href":"https:\/\/kulturista.se\/test\/wp-json\/wp\/v2\/posts\/211633","targetHints":{"allow":["GET"]}}],"collection":[{"href":"https:\/\/kulturista.se\/test\/wp-json\/wp\/v2\/posts"}],"about":[{"href":"https:\/\/kulturista.se\/test\/wp-json\/wp\/v2\/types\/post"}],"author":[{"embeddable":true,"href":"https:\/\/kulturista.se\/test\/wp-json\/wp\/v2\/users\/1"}],"replies":[{"embeddable":true,"href":"https:\/\/kulturista.se\/test\/wp-json\/wp\/v2\/comments?post=211633"}],"version-history":[{"count":31,"href":"https:\/\/kulturista.se\/test\/wp-json\/wp\/v2\/posts\/211633\/revisions"}],"predecessor-version":[{"id":213347,"href":"https:\/\/kulturista.se\/test\/wp-json\/wp\/v2\/posts\/211633\/revisions\/213347"}],"wp:attachment":[{"href":"https:\/\/kulturista.se\/test\/wp-json\/wp\/v2\/media?parent=211633"}],"wp:term":[{"taxonomy":"category","embeddable":true,"href":"https:\/\/kulturista.se\/test\/wp-json\/wp\/v2\/categories?post=211633"},{"taxonomy":"post_tag","embeddable":true,"href":"https:\/\/kulturista.se\/test\/wp-json\/wp\/v2\/tags?post=211633"}],"curies":[{"name":"wp","href":"https:\/\/api.w.org\/{rel}","templated":true}]}}