{"id":211599,"date":"2022-11-29T15:51:45","date_gmt":"2022-11-29T14:51:45","guid":{"rendered":"https:\/\/kulturista.se\/test\/?p=211599"},"modified":"2026-08-20T21:21:31","modified_gmt":"2026-08-20T19:21:31","slug":"kraftverk-hantverk-i-en-ny-tid","status":"publish","type":"post","link":"https:\/\/kulturista.se\/test\/kraftverk-hantverk-i-en-ny-tid\/","title":{"rendered":"Kraftverk &#8211; hantverk i en ny tid"},"content":{"rendered":"<p class=\"PDq2pG_selectionAnchorContainer\" data-start=\"606\" data-end=\"774\">Hantverkets betydelse \u00e4r sv\u00e5r att \u00f6verskatta. Med handens kraft har m\u00e4nniskor skapat f\u00f6rem\u00e5l, byggt samh\u00e4llen och f\u00f6rt kunskaper vidare fr\u00e5n generation till generation.<\/p>\n<p data-start=\"776\" data-end=\"958\">Bara f\u00f6r ett par generationer sedan var det betydligt vanligare att kunna sticka, virka, v\u00e4va, brodera och laga det som g\u00e5tt s\u00f6nder. I dag \u00e4r det f\u00e5 som ens kan stoppa en strumpa.<\/p>\n<p><img loading=\"lazy\" decoding=\"async\" class=\"aligncenter size-full wp-image-211600\" src=\"https:\/\/kulturista.se\/test\/wp-content\/uploads\/2022\/11\/skomakare.jpg\" alt=\"\" width=\"1334\" height=\"885\" srcset=\"https:\/\/kulturista.se\/test\/wp-content\/uploads\/2022\/11\/skomakare.jpg 1334w, https:\/\/kulturista.se\/test\/wp-content\/uploads\/2022\/11\/skomakare-1280x849.jpg 1280w, https:\/\/kulturista.se\/test\/wp-content\/uploads\/2022\/11\/skomakare-980x650.jpg 980w, https:\/\/kulturista.se\/test\/wp-content\/uploads\/2022\/11\/skomakare-480x318.jpg 480w\" sizes=\"(min-width: 0px) and (max-width: 480px) 480px, (min-width: 481px) and (max-width: 980px) 980px, (min-width: 981px) and (max-width: 1280px) 1280px, (min-width: 1281px) 1334px, 100vw\" \/><span style=\"font-size: 8pt;\"><em>Foto: Sven-Harrys Konstmuseum<\/em><\/span><\/p>\n<p class=\"PDq2pG_selectionAnchorContainer\" data-start=\"993\" data-end=\"1227\">Konsumtionssamh\u00e4llet har f\u00f6rst\u00e5s haft sin del i utvecklingen. Varf\u00f6r l\u00e4gga tid p\u00e5 att tillverka n\u00e5got sj\u00e4lv n\u00e4r det g\u00e5r att k\u00f6pa f\u00e4rdigt f\u00f6r en spottstyver? Industriproduktion och billiga varor gjorde det handgjorda mindre n\u00f6dv\u00e4ndigt.<\/p>\n<p data-start=\"1229\" data-end=\"1423\">Men n\u00e5got har h\u00e4nt. Intresset f\u00f6r att skapa, laga och tillverka sj\u00e4lv har vuxit igen. Hantverk har blivit eftertraktat och flera yrken som l\u00e4nge riskerat att f\u00f6rsvinna har f\u00e5tt ny uppm\u00e4rksamhet.<\/p>\n<p><img loading=\"lazy\" decoding=\"async\" class=\"aligncenter size-full wp-image-211602\" src=\"https:\/\/kulturista.se\/test\/wp-content\/uploads\/2022\/11\/kraftverk3.jpg\" alt=\"\" width=\"1334\" height=\"885\" srcset=\"https:\/\/kulturista.se\/test\/wp-content\/uploads\/2022\/11\/kraftverk3.jpg 1334w, https:\/\/kulturista.se\/test\/wp-content\/uploads\/2022\/11\/kraftverk3-1280x849.jpg 1280w, https:\/\/kulturista.se\/test\/wp-content\/uploads\/2022\/11\/kraftverk3-980x650.jpg 980w, https:\/\/kulturista.se\/test\/wp-content\/uploads\/2022\/11\/kraftverk3-480x318.jpg 480w\" sizes=\"(min-width: 0px) and (max-width: 480px) 480px, (min-width: 481px) and (max-width: 980px) 980px, (min-width: 981px) and (max-width: 1280px) 1280px, (min-width: 1281px) 1334px, 100vw\" \/><span style=\"font-size: 8pt;\"><em>Foto: Kulturista<\/em><\/span><\/p>\n<p class=\"PDq2pG_selectionAnchorContainer\" data-start=\"1445\" data-end=\"1690\">Stockholms Hantverksf\u00f6rening firade sitt 175-\u00e5rsjubileum med utst\u00e4llningen <em data-start=\"1520\" data-end=\"1554\">Kraftverk \u2013 hantverk i en ny tid<\/em> p\u00e5 Sven-Harrys Konstmuseum. F\u00f6reningen utf\u00e4rdar ges\u00e4llbrev inom ett stort antal hantverksyrken och i utst\u00e4llningen m\u00f6ter vi tio av dem.<\/p>\n<p data-start=\"1692\" data-end=\"1829\">H\u00e4r finns florister, dockmakare, tatuerare, skomakare, skr\u00e4ddare, tapetmakare, muralm\u00e5lare, illustrat\u00f6rer, yxmakare och papperskreat\u00f6rer.<\/p>\n<p data-start=\"1831\" data-end=\"2049\">Utst\u00e4llningen handlar b\u00e5de om hantverkets historia och om m\u00e4nniskorna som h\u00e5ller kunskapen levande. Framf\u00f6r allt blir det tydligt hur mycket erfarenhet som ryms bakom n\u00e5got som f\u00f6r ett otr\u00e4nat \u00f6ga kanske ser enkelt ut.<\/p>\n<p><img loading=\"lazy\" decoding=\"async\" class=\"aligncenter size-full wp-image-211603\" src=\"https:\/\/kulturista.se\/test\/wp-content\/uploads\/2022\/11\/mural.jpg\" alt=\"\" width=\"1334\" height=\"885\" srcset=\"https:\/\/kulturista.se\/test\/wp-content\/uploads\/2022\/11\/mural.jpg 1334w, https:\/\/kulturista.se\/test\/wp-content\/uploads\/2022\/11\/mural-1280x849.jpg 1280w, https:\/\/kulturista.se\/test\/wp-content\/uploads\/2022\/11\/mural-980x650.jpg 980w, https:\/\/kulturista.se\/test\/wp-content\/uploads\/2022\/11\/mural-480x318.jpg 480w\" sizes=\"(min-width: 0px) and (max-width: 480px) 480px, (min-width: 481px) and (max-width: 980px) 980px, (min-width: 981px) and (max-width: 1280px) 1280px, (min-width: 1281px) 1334px, 100vw\" \/><span style=\"font-size: 8pt;\"><em>Foto: Sven-Harrys Konstmuseum<\/em><\/span><\/p>\n<p class=\"PDq2pG_selectionAnchorContainer\" data-start=\"2084\" data-end=\"2251\">Flera av hantverkarna arbetar dessutom p\u00e5 plats i utst\u00e4llningen. I sm\u00e5 verkst\u00e4der kan man f\u00f6lja arbetet, st\u00e4lla fr\u00e5gor och f\u00e5 en inblick i tekniker och yrkeskunskaper.<\/p>\n<p data-start=\"2253\" data-end=\"2425\">En av dem \u00e4r dockmakaren Arne H\u00f6gsander, vars arbete m\u00e5nga f\u00f6rmodligen har sett utan att k\u00e4nna till hans namn. Han ligger bland annat bakom Teddybears v\u00e4lk\u00e4nda bj\u00f6rnmasker.<\/p>\n<p><img loading=\"lazy\" decoding=\"async\" class=\"aligncenter size-full wp-image-211604\" src=\"https:\/\/kulturista.se\/test\/wp-content\/uploads\/2022\/11\/kraftverk4.jpg\" alt=\"\" width=\"1334\" height=\"885\" srcset=\"https:\/\/kulturista.se\/test\/wp-content\/uploads\/2022\/11\/kraftverk4.jpg 1334w, https:\/\/kulturista.se\/test\/wp-content\/uploads\/2022\/11\/kraftverk4-1280x849.jpg 1280w, https:\/\/kulturista.se\/test\/wp-content\/uploads\/2022\/11\/kraftverk4-980x650.jpg 980w, https:\/\/kulturista.se\/test\/wp-content\/uploads\/2022\/11\/kraftverk4-480x318.jpg 480w\" sizes=\"(min-width: 0px) and (max-width: 480px) 480px, (min-width: 481px) and (max-width: 980px) 980px, (min-width: 981px) and (max-width: 1280px) 1280px, (min-width: 1281px) 1334px, 100vw\" \/><span style=\"font-size: 8pt;\"><em>Foto: Kulturista<\/em><\/span><\/p>\n<p>Det \u00e4r inte f\u00f6r inte man f\u00e5r lust att sj\u00e4lv damma av symaskinen och sy n\u00e5got fint, binda en krans eller m\u00e5la n\u00e5got. F\u00f6r det \u00e4r en riktigt lustfylld utst\u00e4llning. Dessutom fantastiskt fint presenterad med vackra moderna muraler och filmprojektioner p\u00e5 v\u00e4ggarna och gamla verktyg h\u00e4ngande fr\u00e5n taket.<\/p>\n<p><strong>Medverkande hantverkare i utst\u00e4llningen<\/strong><br \/>\nYxmakare: Julia Kalthoff<br \/>\nTatuerare: Sofie Needles, Ronny Hill<br \/>\nFlorist: Atelier Fleur, Jill Windahl, Johanna Larsson<br \/>\nSkr\u00e4ddare: Remake, Marie Teike, Andreas Mehrstedt<br \/>\nTapetmakare: Mats Qwarfordt, Sara Lundstr\u00f6m<br \/>\nIllustrat\u00f6r: Erica Jacobson<br \/>\nPapperskreat\u00f6r: Sofia Vusir Jansson<br \/>\nMuralm\u00e5lare: Sthlm Murals<br \/>\nSkomakare: Matilda Sandstr\u00f6m, Youn\u00e9s Othman<br \/>\nDockmakare: Arne H\u00f6gsander<\/p>\n<p><img loading=\"lazy\" decoding=\"async\" class=\"aligncenter size-full wp-image-211605\" src=\"https:\/\/kulturista.se\/test\/wp-content\/uploads\/2022\/11\/yxa.jpg\" alt=\"\" width=\"1334\" height=\"885\" srcset=\"https:\/\/kulturista.se\/test\/wp-content\/uploads\/2022\/11\/yxa.jpg 1334w, https:\/\/kulturista.se\/test\/wp-content\/uploads\/2022\/11\/yxa-1280x849.jpg 1280w, https:\/\/kulturista.se\/test\/wp-content\/uploads\/2022\/11\/yxa-980x650.jpg 980w, https:\/\/kulturista.se\/test\/wp-content\/uploads\/2022\/11\/yxa-480x318.jpg 480w\" sizes=\"(min-width: 0px) and (max-width: 480px) 480px, (min-width: 481px) and (max-width: 980px) 980px, (min-width: 981px) and (max-width: 1280px) 1280px, (min-width: 1281px) 1334px, 100vw\" \/><span style=\"font-size: 8pt;\"><em>Foto: Sven-Harrys Konstmuseum<\/em><\/span><\/p>\n<p>Utst\u00e4llningen visas till 23 januari 2023<\/p>\n","protected":false},"excerpt":{"rendered":"<p>Hantverkets betydelse \u00e4r sv\u00e5r att \u00f6verskatta. Med handens kraft har m\u00e4nniskor skapat f\u00f6rem\u00e5l, byggt samh\u00e4llen och f\u00f6rt kunskaper vidare fr\u00e5n generation till generation. Bara f\u00f6r ett par generationer sedan var det betydligt vanligare att kunna sticka, virka, v\u00e4va, brodera och laga det som g\u00e5tt s\u00f6nder. I dag \u00e4r det f\u00e5 som ens kan stoppa en [&hellip;]<\/p>\n","protected":false},"author":1,"featured_media":0,"comment_status":"open","ping_status":"open","sticky":false,"template":"","format":"standard","meta":{"_acf_changed":false,"_et_pb_use_builder":"","_et_pb_old_content":"","_et_gb_content_width":"","_jetpack_newsletter_access":"","_jetpack_dont_email_post_to_subs":false,"_jetpack_newsletter_tier_id":0,"_jetpack_memberships_contains_paywalled_content":false,"_jetpack_feature_clip_id":0,"_jetpack_memberships_contains_paid_content":false,"footnotes":"","jetpack_post_was_ever_published":false},"categories":[19],"tags":[],"class_list":["post-211599","post","type-post","status-publish","format-standard","hentry","category-museer-utstallningar"],"acf":[],"jetpack_sharing_enabled":true,"jetpack_featured_media_url":"","_links":{"self":[{"href":"https:\/\/kulturista.se\/test\/wp-json\/wp\/v2\/posts\/211599","targetHints":{"allow":["GET"]}}],"collection":[{"href":"https:\/\/kulturista.se\/test\/wp-json\/wp\/v2\/posts"}],"about":[{"href":"https:\/\/kulturista.se\/test\/wp-json\/wp\/v2\/types\/post"}],"author":[{"embeddable":true,"href":"https:\/\/kulturista.se\/test\/wp-json\/wp\/v2\/users\/1"}],"replies":[{"embeddable":true,"href":"https:\/\/kulturista.se\/test\/wp-json\/wp\/v2\/comments?post=211599"}],"version-history":[{"count":22,"href":"https:\/\/kulturista.se\/test\/wp-json\/wp\/v2\/posts\/211599\/revisions"}],"predecessor-version":[{"id":213350,"href":"https:\/\/kulturista.se\/test\/wp-json\/wp\/v2\/posts\/211599\/revisions\/213350"}],"wp:attachment":[{"href":"https:\/\/kulturista.se\/test\/wp-json\/wp\/v2\/media?parent=211599"}],"wp:term":[{"taxonomy":"category","embeddable":true,"href":"https:\/\/kulturista.se\/test\/wp-json\/wp\/v2\/categories?post=211599"},{"taxonomy":"post_tag","embeddable":true,"href":"https:\/\/kulturista.se\/test\/wp-json\/wp\/v2\/tags?post=211599"}],"curies":[{"name":"wp","href":"https:\/\/api.w.org\/{rel}","templated":true}]}}