{"id":210995,"date":"2022-10-15T12:48:57","date_gmt":"2022-10-15T11:48:57","guid":{"rendered":"https:\/\/kulturista.se\/test\/?p=210995"},"modified":"2026-08-23T14:32:08","modified_gmt":"2026-08-23T12:32:08","slug":"tva-kolorister-pa-liljevalchs","status":"publish","type":"post","link":"https:\/\/kulturista.se\/test\/tva-kolorister-pa-liljevalchs\/","title":{"rendered":"Tv\u00e5 kolorister p\u00e5 Liljevalchs+"},"content":{"rendered":"<p class=\"PDq2pG_selectionAnchorContainer\" data-start=\"904\" data-end=\"1054\">Liljevalchs+ visar samtidigt tv\u00e5 utst\u00e4llningar med Inge Schi\u00f6ler och \u00c5ke G\u00f6ransson, tv\u00e5 av de konstn\u00e4rer som brukar r\u00e4knas till G\u00f6teborgskoloristerna.<\/p>\n<p data-start=\"1056\" data-end=\"1218\">De v\u00e4xte b\u00e5da upp p\u00e5 v\u00e4stkusten, studerade p\u00e5 Valand och hade f\u00e4rgen som ett centralt uttrycksmedel. B\u00e5da kom ocks\u00e5 att tillbringa l\u00e5nga perioder inom psykiatrin.<\/p>\n<p data-start=\"1220\" data-end=\"1256\">D\u00e4r upph\u00f6r dock m\u00e5nga av likheterna. Den ene m\u00e5lade ute i naturen i rasande fart. Den andre h\u00e4mtade sina motiv fr\u00e5n den lilla enrummaren d\u00e4r han bodde med sin mor.<\/p>\n<div id=\"attachment_211021\" style=\"width: 1344px\" class=\"wp-caption aligncenter\"><img loading=\"lazy\" decoding=\"async\" aria-describedby=\"caption-attachment-211021\" class=\"wp-image-211021 size-full\" src=\"https:\/\/kulturista.se\/test\/wp-content\/uploads\/2022\/10\/kombo.jpg\" alt=\"\" width=\"1334\" height=\"885\" srcset=\"https:\/\/kulturista.se\/test\/wp-content\/uploads\/2022\/10\/kombo.jpg 1334w, https:\/\/kulturista.se\/test\/wp-content\/uploads\/2022\/10\/kombo-1280x849.jpg 1280w, https:\/\/kulturista.se\/test\/wp-content\/uploads\/2022\/10\/kombo-980x650.jpg 980w, https:\/\/kulturista.se\/test\/wp-content\/uploads\/2022\/10\/kombo-480x318.jpg 480w\" sizes=\"(min-width: 0px) and (max-width: 480px) 480px, (min-width: 481px) and (max-width: 980px) 980px, (min-width: 981px) and (max-width: 1280px) 1280px, (min-width: 1281px) 1334px, 100vw\" \/><p id=\"caption-attachment-211021\" class=\"wp-caption-text\">Foto: Mattias Lindb\u00e4ck.\u00a0 V\u00e4nster \u00c5ke G\u00f6ransson, h\u00f6ger Inge Schi\u00f6ler<\/p><\/div>\n<p>&nbsp;<\/p>\n<h2 class=\"PDq2pG_selectionAnchorContainer\" data-section-id=\"15h3kcj\" data-start=\"1459\" data-end=\"1497\">INGE SCHI\u00d6LER \u2013 LANDSKAP UTAN GR\u00c4NS<\/h2>\n<p data-start=\"1499\" data-end=\"1596\">Det \u00e4r inte bara landskapet som saknar gr\u00e4nser. Det g\u00f6r \u00e4ven Inge Schi\u00f6lers f\u00e4rgskalor och tempo. Han m\u00e5lade snabbt, direkt p\u00e5 plats. Under en s\u00e4rskilt intensiv period ska han ha m\u00e5lat inte mindre \u00e4n 26 verk p\u00e5 tv\u00e5 veckor.<\/p>\n<p data-start=\"1724\" data-end=\"1903\">F\u00e4rgen och penself\u00f6ringen st\u00e5r i centrum f\u00f6r hans konstn\u00e4rskap. I det omedelbara m\u00e5leriet fr\u00e5n den bohusl\u00e4nska naturen m\u00f6ter vi saltst\u00e4nkta klippor, fr\u00e4sande hav och lummiga f\u00e4lt.<\/p>\n<p data-start=\"1905\" data-end=\"2227\">Schi\u00f6ler studerade p\u00e5 Valand i G\u00f6teborg, men efter att ha blivit sjuk lades han in p\u00e5 S:t J\u00f6rgens sjukhus. D\u00e4r tycktes hans framtid som m\u00e5lare vara \u00f6ver. Efter flera \u00e5r b\u00f6rjade han emellertid pl\u00f6tsligt teckna och m\u00e5la igen, med sjukhusets kritor p\u00e5 det papper som fanns till hands, bland annat tidnings- och toalettpapper.<\/p>\n<div id=\"attachment_211022\" style=\"width: 1344px\" class=\"wp-caption aligncenter\"><img loading=\"lazy\" decoding=\"async\" aria-describedby=\"caption-attachment-211022\" class=\"wp-image-211022 size-full\" src=\"https:\/\/kulturista.se\/test\/wp-content\/uploads\/2022\/10\/lilainge.jpg\" alt=\"\" width=\"1334\" height=\"885\" srcset=\"https:\/\/kulturista.se\/test\/wp-content\/uploads\/2022\/10\/lilainge.jpg 1334w, https:\/\/kulturista.se\/test\/wp-content\/uploads\/2022\/10\/lilainge-1280x849.jpg 1280w, https:\/\/kulturista.se\/test\/wp-content\/uploads\/2022\/10\/lilainge-980x650.jpg 980w, https:\/\/kulturista.se\/test\/wp-content\/uploads\/2022\/10\/lilainge-480x318.jpg 480w\" sizes=\"(min-width: 0px) and (max-width: 480px) 480px, (min-width: 481px) and (max-width: 980px) 980px, (min-width: 981px) and (max-width: 1280px) 1280px, (min-width: 1281px) 1334px, 100vw\" \/><p id=\"caption-attachment-211022\" class=\"wp-caption-text\">Foto: Kulturista<\/p><\/div>\n<p>&nbsp;<\/p>\n<p class=\"PDq2pG_selectionAnchorContainer\" data-start=\"2249\" data-end=\"2410\">Schi\u00f6ler kom att vistas p\u00e5 S:t J\u00f6rgens under m\u00e5nga \u00e5r. S\u00e5 sm\u00e5ningom kunde han l\u00e4mna sjukhuset och flyttade till Sydkoster, d\u00e4r han \u00e5terupptog m\u00e5leriet p\u00e5 allvar. I friheten och med naturen n\u00e4ra blev ocks\u00e5 f\u00e4rgerna starkare och intensivare.<\/p>\n<p data-start=\"2491\" data-end=\"2771\">Han m\u00e5lade utomhus, ofta med duken direkt p\u00e5 marken. Det ber\u00e4ttas att man kunde hitta f\u00e4rgrester p\u00e5 hans h\u00e4lar eftersom han torkade av penslarna d\u00e4r. F\u00e4rgerna blandades direkt p\u00e5 duken och tempot var h\u00f6gt, allt f\u00f6r att f\u00e5nga upplevelsen av naturen medan han befann sig mitt i den.<\/p>\n<p data-start=\"2773\" data-end=\"2822\">Resultatet \u00e4r ett m\u00e5leri med en p\u00e5taglig n\u00e4rvaro.En m\u00e5lning i utst\u00e4llningen sticker ut: <em data-start=\"2863\" data-end=\"2884\">Blommor och frukter<\/em>. Motivet skiljer sig fr\u00e5n de \u00f6vriga och \u00e4ven historien bakom m\u00e5lningen \u00e4r speciell.<\/p>\n<p data-start=\"2970\" data-end=\"3133\">N\u00e4r ett lotteri anordnades i Str\u00f6mstad, d\u00e4r Schi\u00f6ler och hans systrar bodde, ville han bidra med en m\u00e5lning som vinst. Han tog vad han hade till hands att m\u00e5la p\u00e5. Det blev en sk\u00e4rbr\u00e4da. Men m\u00e5lningen blev inte borta fr\u00e5n familjen s\u00e4rskilt l\u00e4nge. En av hans systrar vann den i lotteriet.<\/p>\n<div id=\"attachment_211025\" style=\"width: 1344px\" class=\"wp-caption aligncenter\"><img loading=\"lazy\" decoding=\"async\" aria-describedby=\"caption-attachment-211025\" class=\"wp-image-211025 size-full\" src=\"https:\/\/kulturista.se\/test\/wp-content\/uploads\/2022\/10\/blommor.jpg\" alt=\"\" width=\"1334\" height=\"885\" srcset=\"https:\/\/kulturista.se\/test\/wp-content\/uploads\/2022\/10\/blommor.jpg 1334w, https:\/\/kulturista.se\/test\/wp-content\/uploads\/2022\/10\/blommor-1280x849.jpg 1280w, https:\/\/kulturista.se\/test\/wp-content\/uploads\/2022\/10\/blommor-980x650.jpg 980w, https:\/\/kulturista.se\/test\/wp-content\/uploads\/2022\/10\/blommor-480x318.jpg 480w\" sizes=\"(min-width: 0px) and (max-width: 480px) 480px, (min-width: 481px) and (max-width: 980px) 980px, (min-width: 981px) and (max-width: 1280px) 1280px, (min-width: 1281px) 1334px, 100vw\" \/><p id=\"caption-attachment-211025\" class=\"wp-caption-text\">Foto: Kulturista<\/p><\/div>\n<p>&nbsp;<\/p>\n<p class=\"PDq2pG_selectionAnchorContainer\" data-start=\"3281\" data-end=\"3471\">Inge Schi\u00f6ler r\u00e4knas till G\u00f6teborgskoloristerna, en grupp konstn\u00e4rer med anknytning till V\u00e4stsverige. Flera hade studerat p\u00e5 Valands m\u00e5larskola under 1920-talet med Tor Bjurstr\u00f6m som l\u00e4rare. Schi\u00f6ler f\u00f6ddes 1908 i Str\u00f6mstad och dog 1971 i Stockholm. Hans verk finns bland annat i samlingarna p\u00e5 Nationalmuseum och Moderna Museet.<\/p>\n<h2 data-section-id=\"ilt56w\" data-start=\"3613\" data-end=\"3645\">\u00c5KE G\u00d6RANSSON \u2013 F\u00c4RGENS TR\u00d6ST<\/h2>\n<p data-start=\"3647\" data-end=\"3746\">Isak Nilson, d\u00e5varande vice konsthallschef p\u00e5 Liljevalchs, kallar \u00c5ke G\u00f6ransson f\u00f6r en f\u00e4rglyriker. Vad det betyder vet jag inte riktigt. Men att G\u00f6ransson uttrycker sig genom f\u00e4rgen \u00e4r sv\u00e5rt att missa. Det \u00e4r m\u00e5leriet och f\u00e4rgerna snarare \u00e4n sj\u00e4lva motiven som b\u00e4r hans konstn\u00e4rskap.<\/p>\n<p data-start=\"3934\" data-end=\"4122\">Precis som Inge Schi\u00f6ler studerade \u00c5ke G\u00f6ransson p\u00e5 Valand. Studierna avbr\u00f6ts n\u00e4r han b\u00f6rjade m\u00e5 psykiskt d\u00e5ligt. Han drog sig undan och kom s\u00e5 sm\u00e5ningom att leva ett alltmer isolerat liv.<\/p>\n<p data-start=\"4124\" data-end=\"4246\">Konsten blev ocks\u00e5 in\u00e5tv\u00e4nd. Motiven h\u00e4mtades framf\u00f6r allt fr\u00e5n den lilla enrummare d\u00e4r han bodde tillsammans med sin mor. En bl\u00e5 vas. En figurin. En bok. Samma vardagliga f\u00f6rem\u00e5l \u00e5terkommer i m\u00e5lning efter m\u00e5lning.<\/p>\n<div id=\"attachment_211000\" style=\"width: 1344px\" class=\"wp-caption aligncenter\"><img loading=\"lazy\" decoding=\"async\" aria-describedby=\"caption-attachment-211000\" class=\"wp-image-211000 size-full\" src=\"https:\/\/kulturista.se\/test\/wp-content\/uploads\/2022\/10\/figurin-1.jpg\" alt=\"\" width=\"1334\" height=\"885\" srcset=\"https:\/\/kulturista.se\/test\/wp-content\/uploads\/2022\/10\/figurin-1.jpg 1334w, https:\/\/kulturista.se\/test\/wp-content\/uploads\/2022\/10\/figurin-1-1280x849.jpg 1280w, https:\/\/kulturista.se\/test\/wp-content\/uploads\/2022\/10\/figurin-1-980x650.jpg 980w, https:\/\/kulturista.se\/test\/wp-content\/uploads\/2022\/10\/figurin-1-480x318.jpg 480w\" sizes=\"(min-width: 0px) and (max-width: 480px) 480px, (min-width: 481px) and (max-width: 980px) 980px, (min-width: 981px) and (max-width: 1280px) 1280px, (min-width: 1281px) 1334px, 100vw\" \/><p id=\"caption-attachment-211000\" class=\"wp-caption-text\">Foto: Kulturista<\/p><\/div>\n<p>&nbsp;<\/p>\n<p>Med tiden blir detaljerna alltmer uppl\u00f6sta och f\u00e4rgen tar st\u00f6rre plats. I flera av m\u00e5lningarna, inte minst sj\u00e4lvportr\u00e4tten och portr\u00e4tten av modern, finns samtidigt ett m\u00f6rker som \u00e4r sv\u00e5rt att v\u00e4rja sig mot.<\/p>\n<div id=\"attachment_210997\" style=\"width: 1344px\" class=\"wp-caption aligncenter\"><img loading=\"lazy\" decoding=\"async\" aria-describedby=\"caption-attachment-210997\" class=\"wp-image-210997 size-full\" src=\"https:\/\/kulturista.se\/test\/wp-content\/uploads\/2022\/10\/akeface.jpg\" alt=\"\" width=\"1334\" height=\"885\" srcset=\"https:\/\/kulturista.se\/test\/wp-content\/uploads\/2022\/10\/akeface.jpg 1334w, https:\/\/kulturista.se\/test\/wp-content\/uploads\/2022\/10\/akeface-1280x849.jpg 1280w, https:\/\/kulturista.se\/test\/wp-content\/uploads\/2022\/10\/akeface-980x650.jpg 980w, https:\/\/kulturista.se\/test\/wp-content\/uploads\/2022\/10\/akeface-480x318.jpg 480w\" sizes=\"(min-width: 0px) and (max-width: 480px) 480px, (min-width: 481px) and (max-width: 980px) 980px, (min-width: 981px) and (max-width: 1280px) 1280px, (min-width: 1281px) 1334px, 100vw\" \/><p id=\"caption-attachment-210997\" class=\"wp-caption-text\">Foto: v\u00e4nster, Per Myrehed, h\u00f6ger, Rolf Lind<\/p><\/div>\n<p>&nbsp;<\/p>\n<div id=\"attachment_211001\" style=\"width: 1344px\" class=\"wp-caption aligncenter\"><img loading=\"lazy\" decoding=\"async\" aria-describedby=\"caption-attachment-211001\" class=\"wp-image-211001 size-full\" src=\"https:\/\/kulturista.se\/test\/wp-content\/uploads\/2022\/10\/modernsover.jpg\" alt=\"\" width=\"1334\" height=\"885\" srcset=\"https:\/\/kulturista.se\/test\/wp-content\/uploads\/2022\/10\/modernsover.jpg 1334w, https:\/\/kulturista.se\/test\/wp-content\/uploads\/2022\/10\/modernsover-1280x849.jpg 1280w, https:\/\/kulturista.se\/test\/wp-content\/uploads\/2022\/10\/modernsover-980x650.jpg 980w, https:\/\/kulturista.se\/test\/wp-content\/uploads\/2022\/10\/modernsover-480x318.jpg 480w\" sizes=\"(min-width: 0px) and (max-width: 480px) 480px, (min-width: 481px) and (max-width: 980px) 980px, (min-width: 981px) and (max-width: 1280px) 1280px, (min-width: 1281px) 1334px, 100vw\" \/><p id=\"caption-attachment-211001\" class=\"wp-caption-text\">Foto: Hossein Sehatlou<\/p><\/div>\n<p>&nbsp;<\/p>\n<p class=\"PDq2pG_selectionAnchorContainer\" data-start=\"4646\" data-end=\"4908\">Skimmer \u00e4r ett ord som ofta anv\u00e4nds f\u00f6r att beskriva G\u00f6ranssons m\u00e5leri. En f\u00f6rklaring finns i hans s\u00e4tt att arbeta. Han m\u00e5lade ofta \u00f6ver sina verk, vilket g\u00f6r att underliggande m\u00f6rkare f\u00e4rgskikt kan lysa igenom och ge m\u00e5lningarna deras speciella djup och lyster.<\/p>\n<p data-start=\"4910\" data-end=\"5053\">I dag r\u00e4knas \u00c5ke G\u00f6ransson till de fr\u00e4msta G\u00f6teborgskoloristerna. Hans verk finns bland annat p\u00e5 Moderna Museet och Prins Eugens Waldemarsudde. Han f\u00f6ddes 1902 i Veddige i Halland och dog 1942 i G\u00f6teborg.<\/p>\n<p data-start=\"5117\" data-end=\"5196\">Hans livs\u00f6de \u00e4r sv\u00e5rt att skilja fr\u00e5n ber\u00e4ttelsen om hur hans konst uppt\u00e4cktes. G\u00f6ransson hade mycket sv\u00e5rt att f\u00e5 sitt m\u00e5leri uppm\u00e4rksammat och ville sj\u00e4lv inte g\u00e4rna visa sina verk. N\u00e4r han v\u00e5rdades p\u00e5 sjukhus hittades ett stort antal m\u00e5lningar undanstoppade hemma hos modern. Verken uppm\u00e4rksammades och kom s\u00e5 sm\u00e5ningom att visas p\u00e5 G\u00f6teborgs konsthall.<\/p>\n<p data-start=\"5476\" data-end=\"5608\">En historia fr\u00e5n tiden ber\u00e4ttar att G\u00f6ransson sj\u00e4lv bes\u00f6kte utst\u00e4llningen tillsammans med en sjuksk\u00f6terska. Efter\u00e5t ska han ha sagt:<strong data-start=\"5610\" data-end=\"5689\">\u201dDen d\u00e4r G\u00f6ransson var visst en ganska bra m\u00e5lare, men vart tog han v\u00e4gen?\u201d<\/strong><\/p>\n<p data-start=\"5691\" data-end=\"5744\">En sorglig historia. Men \u00c5ke G\u00f6ransson f\u00f6rsvann inte. N\u00e4r jag ser hans m\u00e5lningar p\u00e5 Liljevalchs, omkring \u00e5ttio \u00e5r efter hans d\u00f6d, \u00e4r det snarare f\u00e4rgen som fortfarande h\u00e5ller honom kvar.<\/p>\n<p data-start=\"5880\" data-end=\"5988\">Inge Schi\u00f6ler \u2013 Landskap utan gr\u00e4ns och \u00c5ke G\u00f6ransson \u2013 F\u00e4rgens tr\u00f6st visas p\u00e5 Liljevalchs+ 14 oktober \u2013 8 januari 2023.<\/p>\n","protected":false},"excerpt":{"rendered":"<p>Liljevalchs+ visar samtidigt tv\u00e5 utst\u00e4llningar med Inge Schi\u00f6ler och \u00c5ke G\u00f6ransson, tv\u00e5 av de konstn\u00e4rer som brukar r\u00e4knas till G\u00f6teborgskoloristerna. De v\u00e4xte b\u00e5da upp p\u00e5 v\u00e4stkusten, studerade p\u00e5 Valand och hade f\u00e4rgen som ett centralt uttrycksmedel. B\u00e5da kom ocks\u00e5 att tillbringa l\u00e5nga perioder inom psykiatrin. D\u00e4r upph\u00f6r dock m\u00e5nga av likheterna. Den ene m\u00e5lade ute [&hellip;]<\/p>\n","protected":false},"author":1,"featured_media":0,"comment_status":"open","ping_status":"open","sticky":false,"template":"","format":"standard","meta":{"_acf_changed":false,"_et_pb_use_builder":"","_et_pb_old_content":"","_et_gb_content_width":"","_jetpack_newsletter_access":"","_jetpack_dont_email_post_to_subs":false,"_jetpack_newsletter_tier_id":0,"_jetpack_memberships_contains_paywalled_content":false,"_jetpack_feature_clip_id":0,"_jetpack_memberships_contains_paid_content":false,"footnotes":"","jetpack_post_was_ever_published":false},"categories":[19],"tags":[],"class_list":["post-210995","post","type-post","status-publish","format-standard","hentry","category-museer-utstallningar"],"acf":[],"jetpack_sharing_enabled":true,"jetpack_featured_media_url":"","_links":{"self":[{"href":"https:\/\/kulturista.se\/test\/wp-json\/wp\/v2\/posts\/210995","targetHints":{"allow":["GET"]}}],"collection":[{"href":"https:\/\/kulturista.se\/test\/wp-json\/wp\/v2\/posts"}],"about":[{"href":"https:\/\/kulturista.se\/test\/wp-json\/wp\/v2\/types\/post"}],"author":[{"embeddable":true,"href":"https:\/\/kulturista.se\/test\/wp-json\/wp\/v2\/users\/1"}],"replies":[{"embeddable":true,"href":"https:\/\/kulturista.se\/test\/wp-json\/wp\/v2\/comments?post=210995"}],"version-history":[{"count":43,"href":"https:\/\/kulturista.se\/test\/wp-json\/wp\/v2\/posts\/210995\/revisions"}],"predecessor-version":[{"id":213576,"href":"https:\/\/kulturista.se\/test\/wp-json\/wp\/v2\/posts\/210995\/revisions\/213576"}],"wp:attachment":[{"href":"https:\/\/kulturista.se\/test\/wp-json\/wp\/v2\/media?parent=210995"}],"wp:term":[{"taxonomy":"category","embeddable":true,"href":"https:\/\/kulturista.se\/test\/wp-json\/wp\/v2\/categories?post=210995"},{"taxonomy":"post_tag","embeddable":true,"href":"https:\/\/kulturista.se\/test\/wp-json\/wp\/v2\/tags?post=210995"}],"curies":[{"name":"wp","href":"https:\/\/api.w.org\/{rel}","templated":true}]}}