{"id":210894,"date":"2022-09-28T12:46:09","date_gmt":"2022-09-28T10:46:09","guid":{"rendered":"https:\/\/kulturista.se\/test\/?p=210894"},"modified":"2026-08-21T12:33:13","modified_gmt":"2026-08-21T10:33:13","slug":"hilma-af-klint-de-tio-storsta","status":"publish","type":"post","link":"https:\/\/kulturista.se\/test\/hilma-af-klint-de-tio-storsta\/","title":{"rendered":"Hilma af Klint &#8211; De tio st\u00f6rsta"},"content":{"rendered":"<p class=\"PDq2pG_selectionAnchorContainer\" data-start=\"1038\" data-end=\"1273\">Hilma af Klints konstn\u00e4rskap har en m\u00e4rklig historia. Under sin livstid visade hon bara en liten del av sitt abstrakta m\u00e5leri och efter hennes d\u00f6d 1944 l\u00e4mnades omkring 1 200 m\u00e5lningar och ett stort antal anteckningsb\u00f6cker efter henne.<\/p>\n<p data-start=\"1275\" data-end=\"1476\">Redan 1907 m\u00e5lade hon enorma och storslagna abstrakta verk, flera \u00e5r innan konstn\u00e4rer som Kandinsky och Mondrian b\u00f6rjade arbeta med det abstrakta m\u00e5leri som skulle komma att revolutionera konstv\u00e4rlden.<\/p>\n<p data-start=\"1478\" data-end=\"1810\">Hilma af Klint var starkt engagerad i tidens andliga str\u00f6mningar och s\u00f6kte sig bland annat till teosofin. Hon kom ocks\u00e5 i kontakt med Rudolf Steiner och antroposofin. Det andliga s\u00f6kandet blev centralt f\u00f6r hennes konst och m\u00e5nga av m\u00e5lningarna \u00e4r fyllda av symboler, former och f\u00e4rger med betydelser l\u00e5ngt bortom det rent estetiska.<\/p>\n<p data-start=\"1812\" data-end=\"2002\">Efter hennes d\u00f6d f\u00f6rvaltades verken av familjen. I sitt testamente hade Hilma af Klint best\u00e4mt att hennes abstrakta konst inte skulle visas offentligt f\u00f6rr\u00e4n tidigast 20 \u00e5r efter hennes d\u00f6d.<\/p>\n<p><img loading=\"lazy\" decoding=\"async\" class=\"aligncenter size-full wp-image-210896\" src=\"https:\/\/kulturista.se\/test\/wp-content\/uploads\/2022\/09\/hilma1.jpg\" alt=\"\" width=\"1334\" height=\"885\" srcset=\"https:\/\/kulturista.se\/test\/wp-content\/uploads\/2022\/09\/hilma1.jpg 1334w, https:\/\/kulturista.se\/test\/wp-content\/uploads\/2022\/09\/hilma1-1280x849.jpg 1280w, https:\/\/kulturista.se\/test\/wp-content\/uploads\/2022\/09\/hilma1-980x650.jpg 980w, https:\/\/kulturista.se\/test\/wp-content\/uploads\/2022\/09\/hilma1-480x318.jpg 480w\" sizes=\"(min-width: 0px) and (max-width: 480px) 480px, (min-width: 481px) and (max-width: 980px) 980px, (min-width: 981px) and (max-width: 1280px) 1280px, (min-width: 1281px) 1334px, 100vw\" \/><\/p>\n<p><em>Foto: Albin Dahlstr\u00f6m, Moderna Museet<\/em><\/p>\n<p class=\"PDq2pG_selectionAnchorContainer\" data-start=\"2045\" data-end=\"2357\">1970 erbj\u00f6ds Moderna Museet hennes verk som g\u00e5va, men museet avb\u00f6jde. Sedan dess har historien tagit en minst sagt ov\u00e4ntad v\u00e4ndning. Hilma af Klint har f\u00e5tt sitt stora internationella genombrott och hennes konst har visats i stora utst\u00e4llningar p\u00e5 bland annat Moderna Museet, Louisiana och Guggenheim i New York.<\/p>\n<p data-start=\"2359\" data-end=\"2443\">Nu visar Moderna Museet <em data-start=\"2383\" data-end=\"2399\">De tio st\u00f6rsta<\/em>, som hon m\u00e5lade under 40 dagar h\u00f6sten 1907.<\/p>\n<p data-start=\"2445\" data-end=\"2632\">Verken ing\u00e5r i serien <em data-start=\"2467\" data-end=\"2493\">M\u00e5lningarna till Templet<\/em> och de tio monumentala m\u00e5lningarna representerar m\u00e4nniskans olika stadier i livet, fr\u00e5n barndom och ungdom via vuxenlivet till \u00e5lderdomen.<\/p>\n<p data-start=\"2634\" data-end=\"2836\">Hilma af Klints abstrakta m\u00e5lningar \u00e4r inte bara estetiska konstverk. De \u00e4r fyllda av bokst\u00e4ver, symboler, spiraler, blommor och geometriska former som h\u00f6r samman med hennes andliga f\u00f6rest\u00e4llningsv\u00e4rld.<\/p>\n<p><img loading=\"lazy\" decoding=\"async\" class=\"aligncenter size-full wp-image-210906\" src=\"https:\/\/kulturista.se\/test\/wp-content\/uploads\/2022\/09\/hilma3.jpg\" alt=\"\" width=\"1334\" height=\"885\" srcset=\"https:\/\/kulturista.se\/test\/wp-content\/uploads\/2022\/09\/hilma3.jpg 1334w, https:\/\/kulturista.se\/test\/wp-content\/uploads\/2022\/09\/hilma3-1280x849.jpg 1280w, https:\/\/kulturista.se\/test\/wp-content\/uploads\/2022\/09\/hilma3-980x650.jpg 980w, https:\/\/kulturista.se\/test\/wp-content\/uploads\/2022\/09\/hilma3-480x318.jpg 480w\" sizes=\"(min-width: 0px) and (max-width: 480px) 480px, (min-width: 481px) and (max-width: 980px) 980px, (min-width: 981px) and (max-width: 1280px) 1280px, (min-width: 1281px) 1334px, 100vw\" \/><\/p>\n<p><em>Foto: Kulturista<\/em><\/p>\n<p class=\"PDq2pG_selectionAnchorContainer\" data-start=\"2858\" data-end=\"3076\">Moderna Museet har valt att h\u00e4nga <em data-start=\"2892\" data-end=\"2908\">De tio st\u00f6rsta<\/em> i den kvadratiska salen l\u00e4ngst bort i den l\u00e5nga korridoren. Salen har f\u00e5tt en mjuk matta och det ligger kuddar p\u00e5 golvet, vilket skapar en l\u00e5gm\u00e4ld och stillsam k\u00e4nsla.<\/p>\n<p data-start=\"3078\" data-end=\"3156\">Jag tycker mig m\u00e4rka att man stannar upp h\u00e4r, s\u00e4tter sig ner och kontemplerar. S\u00e5 \u00e4ven jag. Jag t\u00e4nker att k\u00e4nslan inte \u00e4r helt olik den man ibland kan f\u00e5 i kyrkor. S\u00e5 om verken ger n\u00e5got budskap till mig \u00e4r det nog ro. Jag k\u00e4nner mig rofylld, en efterl\u00e4ngtad k\u00e4nsla i en tid av oro.<br \/>\nUtst\u00e4llningen <em data-start=\"3379\" data-end=\"3395\">De tio st\u00f6rsta<\/em> av Hilma af Klint visas till 8\/1 2023.<\/p>\n<p>&nbsp;<\/p>\n","protected":false},"excerpt":{"rendered":"<p>Hilma af Klints konstn\u00e4rskap har en m\u00e4rklig historia. Under sin livstid visade hon bara en liten del av sitt abstrakta m\u00e5leri och efter hennes d\u00f6d 1944 l\u00e4mnades omkring 1 200 m\u00e5lningar och ett stort antal anteckningsb\u00f6cker efter henne. Redan 1907 m\u00e5lade hon enorma och storslagna abstrakta verk, flera \u00e5r innan konstn\u00e4rer som Kandinsky och Mondrian [&hellip;]<\/p>\n","protected":false},"author":1,"featured_media":210896,"comment_status":"open","ping_status":"open","sticky":false,"template":"","format":"standard","meta":{"_acf_changed":false,"_et_pb_use_builder":"","_et_pb_old_content":"","_et_gb_content_width":"","_jetpack_newsletter_access":"","_jetpack_dont_email_post_to_subs":false,"_jetpack_newsletter_tier_id":0,"_jetpack_memberships_contains_paywalled_content":false,"_jetpack_feature_clip_id":0,"_jetpack_memberships_contains_paid_content":false,"footnotes":"","jetpack_post_was_ever_published":false},"categories":[19],"tags":[],"class_list":["post-210894","post","type-post","status-publish","format-standard","has-post-thumbnail","hentry","category-museer-utstallningar"],"acf":[],"jetpack_sharing_enabled":true,"jetpack_featured_media_url":"https:\/\/kulturista.se\/test\/wp-content\/uploads\/2022\/09\/hilma1.jpg","_links":{"self":[{"href":"https:\/\/kulturista.se\/test\/wp-json\/wp\/v2\/posts\/210894","targetHints":{"allow":["GET"]}}],"collection":[{"href":"https:\/\/kulturista.se\/test\/wp-json\/wp\/v2\/posts"}],"about":[{"href":"https:\/\/kulturista.se\/test\/wp-json\/wp\/v2\/types\/post"}],"author":[{"embeddable":true,"href":"https:\/\/kulturista.se\/test\/wp-json\/wp\/v2\/users\/1"}],"replies":[{"embeddable":true,"href":"https:\/\/kulturista.se\/test\/wp-json\/wp\/v2\/comments?post=210894"}],"version-history":[{"count":24,"href":"https:\/\/kulturista.se\/test\/wp-json\/wp\/v2\/posts\/210894\/revisions"}],"predecessor-version":[{"id":213365,"href":"https:\/\/kulturista.se\/test\/wp-json\/wp\/v2\/posts\/210894\/revisions\/213365"}],"wp:featuredmedia":[{"embeddable":true,"href":"https:\/\/kulturista.se\/test\/wp-json\/wp\/v2\/media\/210896"}],"wp:attachment":[{"href":"https:\/\/kulturista.se\/test\/wp-json\/wp\/v2\/media?parent=210894"}],"wp:term":[{"taxonomy":"category","embeddable":true,"href":"https:\/\/kulturista.se\/test\/wp-json\/wp\/v2\/categories?post=210894"},{"taxonomy":"post_tag","embeddable":true,"href":"https:\/\/kulturista.se\/test\/wp-json\/wp\/v2\/tags?post=210894"}],"curies":[{"name":"wp","href":"https:\/\/api.w.org\/{rel}","templated":true}]}}