{"id":210816,"date":"2022-08-31T09:07:51","date_gmt":"2022-08-31T07:07:51","guid":{"rendered":"https:\/\/kulturista.se\/test\/?p=210816"},"modified":"2026-08-21T12:49:16","modified_gmt":"2026-08-21T10:49:16","slug":"k-a-almgren-sidenvaveri-museum","status":"publish","type":"post","link":"https:\/\/kulturista.se\/test\/k-a-almgren-sidenvaveri-museum\/","title":{"rendered":"K.A Almgren sidenv\u00e4veri &#038; museum"},"content":{"rendered":"<p>Tidigare i sommar bes\u00f6kte Kulturista Svindersvik, ett sommarn\u00f6je i Sickla och det h\u00e4r inl\u00e4gget har faktiskt en anknytning dit. Grundaren av K.A\u00a0 Almgrens Sidenv\u00e4veri \u00e4gde n\u00e4mligen Svindersvik under en period. Knut August Almgren var annars lite av en ren\u00e4ssansm\u00e4nniska. F\u00f6rutom att han startade en av Sveriges mest framst\u00e5ende sidenfabriker, var han ocks\u00e5 politiker, en av Handelsbankens grundare och \u00e4ven grundare av Handelskammaren, Ackordscentralen och K\u00f6pmannaf\u00f6reningen.<\/p>\n<p><img loading=\"lazy\" decoding=\"async\" class=\"aligncenter size-full wp-image-210820\" src=\"https:\/\/kulturista.se\/test\/wp-content\/uploads\/2022\/08\/almgren.jpg\" alt=\"\" width=\"1334\" height=\"885\" srcset=\"https:\/\/kulturista.se\/test\/wp-content\/uploads\/2022\/08\/almgren.jpg 1334w, https:\/\/kulturista.se\/test\/wp-content\/uploads\/2022\/08\/almgren-1280x849.jpg 1280w, https:\/\/kulturista.se\/test\/wp-content\/uploads\/2022\/08\/almgren-980x650.jpg 980w, https:\/\/kulturista.se\/test\/wp-content\/uploads\/2022\/08\/almgren-480x318.jpg 480w\" sizes=\"(min-width: 0px) and (max-width: 480px) 480px, (min-width: 481px) and (max-width: 980px) 980px, (min-width: 981px) and (max-width: 1280px) 1280px, (min-width: 1281px) 1334px, 100vw\" \/><\/p>\n<p><em>Foto: Ingela Almgren<\/em><\/p>\n<p>Sidenv\u00e4veriet som byggdes 1862 enligt fransk f\u00f6rlaga ligger fortfarande kvar p\u00e5 sin ursprungliga plats p\u00e5 Repslagargatan 15 p\u00e5 S\u00f6dermalm.\u00a0 Faktum \u00e4r att Almgren \u00e4gde hela kvarteret och l\u00e4t \u00e4ven bygga en st\u00e5ndsm\u00e4ssig bostad \u00e5t sig och sin familj tv\u00e4rs \u00f6ver den vackra g\u00e5rden som \u00e4n i dag har kvar mycket av sin ursprungliga plan med en springbrunn. Fastigheten \u00e4r idag byggnadsminnef\u00f6rklarad\u00a0 av l\u00e4nsstyrelsen i Stockholm samt bl\u00e5klassad av Stadsmuseet, den h\u00f6gsta klassen som omfattar bebyggelse som bed\u00f6ms ha synnerligen h\u00f6ga kulturhistoriska v\u00e4rden. Och att kliva in i v\u00e4veriet \u00e4r faktiskt r\u00e4tt m\u00e4ktigt. Milj\u00f6n med alla v\u00e4vstolar och maskiner \u00e4r s\u00e5 vacker.\u00a0 Det \u00e4r som att tiden st\u00e5tt stilla &#8211; detta trots att det faktiskt p\u00e5g\u00e5r verksamhet d\u00e4r \u00e4n i dag.<br \/>\nDe gamla v\u00e4vstolarna anv\u00e4nds fortfarande om \u00e4n \u00e4n i en liten omfattning, v\u00e4veriet har ocks\u00e5 viss skolverksamhet. Sidenv\u00e4veriet f\u00f6rvaltar ocks\u00e5 en unik samling f\u00f6rem\u00e5l. F\u00f6rutom v\u00e4vstolarna finns m\u00f6nsterkort i form av h\u00e5lkortskedjor,\u00a0 m\u00f6nsterskisser, s\u00e5 kallade patronteckningar, arkivmaterial, sidensjalar samt en m\u00e4ngd tyger.<\/p>\n<p>&nbsp;<\/p>\n<p><img loading=\"lazy\" decoding=\"async\" class=\"aligncenter size-full wp-image-210825\" src=\"https:\/\/kulturista.se\/test\/wp-content\/uploads\/2022\/08\/vavsal.jpg\" alt=\"\" width=\"1334\" height=\"885\" srcset=\"https:\/\/kulturista.se\/test\/wp-content\/uploads\/2022\/08\/vavsal.jpg 1334w, https:\/\/kulturista.se\/test\/wp-content\/uploads\/2022\/08\/vavsal-1280x849.jpg 1280w, https:\/\/kulturista.se\/test\/wp-content\/uploads\/2022\/08\/vavsal-980x650.jpg 980w, https:\/\/kulturista.se\/test\/wp-content\/uploads\/2022\/08\/vavsal-480x318.jpg 480w\" sizes=\"(min-width: 0px) and (max-width: 480px) 480px, (min-width: 481px) and (max-width: 980px) 980px, (min-width: 981px) and (max-width: 1280px) 1280px, (min-width: 1281px) 1334px, 100vw\" \/><\/p>\n<p><em>Foto: Klas Nyberg<\/em><\/p>\n<p><img loading=\"lazy\" decoding=\"async\" class=\"aligncenter size-full wp-image-210821\" src=\"https:\/\/kulturista.se\/test\/wp-content\/uploads\/2022\/08\/fabrik.jpg\" alt=\"\" width=\"1334\" height=\"885\" srcset=\"https:\/\/kulturista.se\/test\/wp-content\/uploads\/2022\/08\/fabrik.jpg 1334w, https:\/\/kulturista.se\/test\/wp-content\/uploads\/2022\/08\/fabrik-1280x849.jpg 1280w, https:\/\/kulturista.se\/test\/wp-content\/uploads\/2022\/08\/fabrik-980x650.jpg 980w, https:\/\/kulturista.se\/test\/wp-content\/uploads\/2022\/08\/fabrik-480x318.jpg 480w\" sizes=\"(min-width: 0px) and (max-width: 480px) 480px, (min-width: 481px) and (max-width: 980px) 980px, (min-width: 981px) and (max-width: 1280px) 1280px, (min-width: 1281px) 1334px, 100vw\" \/><\/p>\n<p><em>Foto: Kulturista<\/em><\/p>\n<p>P\u00e5 vinden finns museets permanenta utst\u00e4llning, d\u00e4r f\u00e5r vi m\u00f6ta n\u00e5gra av de kvinnor som har arbetade p\u00e5 KA Almgren. Om sidensjalarna som varit Almgrens stors\u00e4ljare och h\u00f6gsta mode under 1800-talet och som bars av i stort sett varje kvinna och som v\u00e4vdes d\u00e4r.<br \/>\nMen ocks\u00e5 Sidenv\u00e4veriets l\u00e5nga historia.<br \/>\nMissa inte att kolla i alla l\u00e5dor! D\u00e4r g\u00f6ms fantastiska sidenskatter.<\/p>\n<p><img loading=\"lazy\" decoding=\"async\" class=\"aligncenter size-full wp-image-210827\" src=\"https:\/\/kulturista.se\/test\/wp-content\/uploads\/2022\/08\/vind.jpg\" alt=\"\" width=\"1334\" height=\"885\" srcset=\"https:\/\/kulturista.se\/test\/wp-content\/uploads\/2022\/08\/vind.jpg 1334w, https:\/\/kulturista.se\/test\/wp-content\/uploads\/2022\/08\/vind-1280x849.jpg 1280w, https:\/\/kulturista.se\/test\/wp-content\/uploads\/2022\/08\/vind-980x650.jpg 980w, https:\/\/kulturista.se\/test\/wp-content\/uploads\/2022\/08\/vind-480x318.jpg 480w\" sizes=\"(min-width: 0px) and (max-width: 480px) 480px, (min-width: 481px) and (max-width: 980px) 980px, (min-width: 981px) and (max-width: 1280px) 1280px, (min-width: 1281px) 1334px, 100vw\" \/><\/p>\n<p><em>Foto v\u00e4nster: Kulturista, h\u00f6ger KA Almgren <\/em><\/p>\n<p>Tillbaka till Svindersvik, n\u00e4rmare best\u00e4mt till den vackra salongen d\u00e4r m\u00f6blerna s\u00e5klart \u00e4r kl\u00e4dda i sidentyg v\u00e4vt p\u00e5 KA Almgrens sidenv\u00e4veri, ett tyg som f\u00e5tt namnet Svindersvik.<\/p>\n<p>&nbsp;<\/p>\n<p><img loading=\"lazy\" decoding=\"async\" class=\"aligncenter size-full wp-image-210823\" src=\"https:\/\/kulturista.se\/test\/wp-content\/uploads\/2022\/08\/salongen2.jpg\" alt=\"\" width=\"1334\" height=\"885\" srcset=\"https:\/\/kulturista.se\/test\/wp-content\/uploads\/2022\/08\/salongen2.jpg 1334w, https:\/\/kulturista.se\/test\/wp-content\/uploads\/2022\/08\/salongen2-1280x849.jpg 1280w, https:\/\/kulturista.se\/test\/wp-content\/uploads\/2022\/08\/salongen2-980x650.jpg 980w, https:\/\/kulturista.se\/test\/wp-content\/uploads\/2022\/08\/salongen2-480x318.jpg 480w\" sizes=\"(min-width: 0px) and (max-width: 480px) 480px, (min-width: 481px) and (max-width: 980px) 980px, (min-width: 981px) and (max-width: 1280px) 1280px, (min-width: 1281px) 1334px, 100vw\" \/><\/p>\n<p><em>Foto: Karolina Kristensson, Nordiska museet<\/em><\/p>\n<p>S\u00e5 p\u00e5 K.A Almgrens sidenv\u00e4veri finns det n\u00e5got f\u00f6r alla oavsett om man \u00e4r intresserad av sidenv\u00e4veri, kultur- och industrihistoria eller arkitektur. Ett museum som verkligen \u00e4r v\u00e4rt ett bes\u00f6k. Missa inte att g\u00e5 p\u00e5 introduktionsvisningen eller att sl\u00e5 dig ner och titta p\u00e5 de gamla journalfilmerna om v\u00e4veriet som visas i den permanenta utst\u00e4llningen.<\/p>\n","protected":false},"excerpt":{"rendered":"<p>Tidigare i sommar bes\u00f6kte Kulturista Svindersvik, ett sommarn\u00f6je i Sickla och det h\u00e4r inl\u00e4gget har faktiskt en anknytning dit. Grundaren av K.A\u00a0 Almgrens Sidenv\u00e4veri \u00e4gde n\u00e4mligen Svindersvik under en period. Knut August Almgren var annars lite av en ren\u00e4ssansm\u00e4nniska. F\u00f6rutom att han startade en av Sveriges mest framst\u00e5ende sidenfabriker, var han ocks\u00e5 politiker, en av [&hellip;]<\/p>\n","protected":false},"author":1,"featured_media":0,"comment_status":"open","ping_status":"open","sticky":false,"template":"","format":"standard","meta":{"_acf_changed":false,"_et_pb_use_builder":"","_et_pb_old_content":"","_et_gb_content_width":"","_jetpack_newsletter_access":"","_jetpack_dont_email_post_to_subs":false,"_jetpack_newsletter_tier_id":0,"_jetpack_memberships_contains_paywalled_content":false,"_jetpack_feature_clip_id":0,"_jetpack_memberships_contains_paid_content":false,"footnotes":"","jetpack_post_was_ever_published":false},"categories":[19],"tags":[],"class_list":["post-210816","post","type-post","status-publish","format-standard","hentry","category-museer-utstallningar"],"acf":[],"jetpack_sharing_enabled":true,"jetpack_featured_media_url":"","_links":{"self":[{"href":"https:\/\/kulturista.se\/test\/wp-json\/wp\/v2\/posts\/210816","targetHints":{"allow":["GET"]}}],"collection":[{"href":"https:\/\/kulturista.se\/test\/wp-json\/wp\/v2\/posts"}],"about":[{"href":"https:\/\/kulturista.se\/test\/wp-json\/wp\/v2\/types\/post"}],"author":[{"embeddable":true,"href":"https:\/\/kulturista.se\/test\/wp-json\/wp\/v2\/users\/1"}],"replies":[{"embeddable":true,"href":"https:\/\/kulturista.se\/test\/wp-json\/wp\/v2\/comments?post=210816"}],"version-history":[{"count":20,"href":"https:\/\/kulturista.se\/test\/wp-json\/wp\/v2\/posts\/210816\/revisions"}],"predecessor-version":[{"id":213371,"href":"https:\/\/kulturista.se\/test\/wp-json\/wp\/v2\/posts\/210816\/revisions\/213371"}],"wp:attachment":[{"href":"https:\/\/kulturista.se\/test\/wp-json\/wp\/v2\/media?parent=210816"}],"wp:term":[{"taxonomy":"category","embeddable":true,"href":"https:\/\/kulturista.se\/test\/wp-json\/wp\/v2\/categories?post=210816"},{"taxonomy":"post_tag","embeddable":true,"href":"https:\/\/kulturista.se\/test\/wp-json\/wp\/v2\/tags?post=210816"}],"curies":[{"name":"wp","href":"https:\/\/api.w.org\/{rel}","templated":true}]}}