{"id":210793,"date":"2022-08-15T15:57:57","date_gmt":"2022-08-15T13:57:57","guid":{"rendered":"https:\/\/kulturista.se\/test\/?p=210793"},"modified":"2026-08-21T15:28:55","modified_gmt":"2026-08-21T13:28:55","slug":"svindersvik-ett-sommarnoje","status":"publish","type":"post","link":"https:\/\/kulturista.se\/test\/svindersvik-ett-sommarnoje\/","title":{"rendered":"Svindersvik &#8211; ett sommarn\u00f6je"},"content":{"rendered":"<p>En osedvanligt varm augustidag bes\u00f6kte jag Svindersvik och gick p\u00e5 en fantastiskt visning av det vackra sommarn\u00f6jet som f\u00e5tt sitt namn av viken den ligger vid och som ligger mellan Kvarnholmen och Sickla.<\/p>\n<p>Svindersvik \u00e4r ett s\u00e5 kallat sommarn\u00f6je, f\u00f6r litet f\u00f6r att kallas slott eller herrg\u00e5rd, men en exklusiv f\u00f6reg\u00e5ngare till grosshandlarvillorna som b\u00f6rjade byggas p\u00e5 1800-talet.<\/p>\n<p><img loading=\"lazy\" decoding=\"async\" class=\"aligncenter size-full wp-image-210796\" src=\"https:\/\/kulturista.se\/test\/wp-content\/uploads\/2022\/08\/svinders1.jpg\" alt=\"\" width=\"1334\" height=\"885\" srcset=\"https:\/\/kulturista.se\/test\/wp-content\/uploads\/2022\/08\/svinders1.jpg 1334w, https:\/\/kulturista.se\/test\/wp-content\/uploads\/2022\/08\/svinders1-1280x849.jpg 1280w, https:\/\/kulturista.se\/test\/wp-content\/uploads\/2022\/08\/svinders1-980x650.jpg 980w, https:\/\/kulturista.se\/test\/wp-content\/uploads\/2022\/08\/svinders1-480x318.jpg 480w\" sizes=\"(min-width: 0px) and (max-width: 480px) 480px, (min-width: 481px) and (max-width: 980px) 980px, (min-width: 981px) and (max-width: 1280px) 1280px, (min-width: 1281px) 1334px, 100vw\" \/><\/p>\n<p><em>Foto: Mats Landin Nordiska museet <\/em><\/p>\n<p>Det var den f\u00f6rm\u00f6gne bruks\u00e4garen Claes Grill som l\u00e4t bygga Svindersvik i b\u00f6rjan av 1740-talet, han var en av d\u00e5tidens mest inflytelserika och f\u00f6rm\u00f6gna finansm\u00e4n och han l\u00e4t k\u00e4ndisarkitekten Carl H\u00e5rleman rita huset i fransk rokoko. H\u00e5rleman ritade bland annat Svartsj\u00f6 slott p\u00e5 Eker\u00f6 och slutf\u00f6rde arbetena p\u00e5 Stockholms slott. Fint skulle det vara. Endast det b\u00e4sta var gott nog \u00e5t Grill.<\/p>\n<p><img loading=\"lazy\" decoding=\"async\" class=\"aligncenter size-full wp-image-210799\" src=\"https:\/\/kulturista.se\/test\/wp-content\/uploads\/2022\/08\/tapet.jpg\" alt=\"\" width=\"1334\" height=\"885\" srcset=\"https:\/\/kulturista.se\/test\/wp-content\/uploads\/2022\/08\/tapet.jpg 1334w, https:\/\/kulturista.se\/test\/wp-content\/uploads\/2022\/08\/tapet-1280x849.jpg 1280w, https:\/\/kulturista.se\/test\/wp-content\/uploads\/2022\/08\/tapet-980x650.jpg 980w, https:\/\/kulturista.se\/test\/wp-content\/uploads\/2022\/08\/tapet-480x318.jpg 480w\" sizes=\"(min-width: 0px) and (max-width: 480px) 480px, (min-width: 481px) and (max-width: 980px) 980px, (min-width: 981px) and (max-width: 1280px) 1280px, (min-width: 1281px) 1334px, 100vw\" \/><\/p>\n<p><em>Foto: Peter Segemark, Nordiska museet<\/em><\/p>\n<p>Som i husets st\u00f6rsta s\u00e4llskapsrum d\u00e4r v\u00e4ggarna \u00e4r kl\u00e4dda med handm\u00e5lade kinesiska rispapperstapeter med blomster- och f\u00e5gelmotiv. Tapeterna specialbest\u00e4lldes fr\u00e5n Kina som under den h\u00e4r tiden p\u00e5 1700-talet var om\u00e5ttligt popul\u00e4rt och den stora inredningstrenden var allt annat \u00e4n &#8221;ljust och fr\u00e4scht&#8221;. Ist\u00e4llet l\u00e4t man inreda med kinesisk stil, eller i alla fall hur man trodde att det s\u00e5g ut i Kina. Och eftersom herr Grill dessutom var del\u00e4gare i Ostindiska Kompaniet l\u00e4t man inte spara p\u00e5 krutet. I sovrummet till exempel st\u00e5r en vacker kinesisk byr\u00e5 som skulle f\u00e5 vilken antikvitetsintresserad som helt att bli salig, men den d\u00f6g tydligen endast till att f\u00f6rvara \u00e4pplen i hos familjen Grill.<\/p>\n<p>1780 s\u00e5ldes dock huset d\u00e5 herr Grill kommit lite p\u00e5 obest\u00e5nd ekonomiskt. Under en period \u00e4gdes huset av Catharina Charlotta Ribbing. Hon var kompis med Gustav III och gillade att festa, m\u00e5nga var hennes bjudningar p\u00e5 Svindesrvik och hon l\u00e4t ocks\u00e5 bygga en\u00a0 paviljong med ett ganska oansenligt yttre. I alla fall om man t\u00e4nker nutid. D\u00e5 p\u00e5 den tiden signalerade tegel lyx och fl\u00e4rd, f\u00f6rst under 1800-talet kom tegel att f\u00f6rknippas med industialismen.<\/p>\n<p><img loading=\"lazy\" decoding=\"async\" class=\"aligncenter size-full wp-image-210804\" src=\"https:\/\/kulturista.se\/test\/wp-content\/uploads\/2022\/08\/festute.jpg\" alt=\"\" width=\"1334\" height=\"885\" srcset=\"https:\/\/kulturista.se\/test\/wp-content\/uploads\/2022\/08\/festute.jpg 1334w, https:\/\/kulturista.se\/test\/wp-content\/uploads\/2022\/08\/festute-1280x849.jpg 1280w, https:\/\/kulturista.se\/test\/wp-content\/uploads\/2022\/08\/festute-980x650.jpg 980w, https:\/\/kulturista.se\/test\/wp-content\/uploads\/2022\/08\/festute-480x318.jpg 480w\" sizes=\"(min-width: 0px) and (max-width: 480px) 480px, (min-width: 481px) and (max-width: 980px) 980px, (min-width: 981px) and (max-width: 1280px) 1280px, (min-width: 1281px) 1334px, 100vw\" \/><\/p>\n<p><em>Foto: Kulturista<\/em><\/p>\n<p>Eller vad s\u00e4ger ni? Inte kunde man ana att den industriliknande byggnaden skulle inneh\u00e5lla en magnifik festsal? Innanf\u00f6r d\u00f6rrarna \u00f6ppnar sig n\u00e4mligen denna storslagna festsal med en takh\u00f6jd p\u00e5 fem meter. Salen har fint v\u00e4lbevarad v\u00e4ggdekor fr\u00e5n 1700-talets slut, en makal\u00f6s ljuskrona och kanske Sveriges h\u00f6gsta kakelugn.<br \/>\nJag kan n\u00e4stan h\u00f6ra musiken och se damerna i sina krinoliner dansande menuett.<\/p>\n<p><img loading=\"lazy\" decoding=\"async\" class=\"aligncenter size-full wp-image-210805\" src=\"https:\/\/kulturista.se\/test\/wp-content\/uploads\/2022\/08\/festsalen1.jpg\" alt=\"\" width=\"1334\" height=\"885\" srcset=\"https:\/\/kulturista.se\/test\/wp-content\/uploads\/2022\/08\/festsalen1.jpg 1334w, https:\/\/kulturista.se\/test\/wp-content\/uploads\/2022\/08\/festsalen1-1280x849.jpg 1280w, https:\/\/kulturista.se\/test\/wp-content\/uploads\/2022\/08\/festsalen1-980x650.jpg 980w, https:\/\/kulturista.se\/test\/wp-content\/uploads\/2022\/08\/festsalen1-480x318.jpg 480w\" sizes=\"(min-width: 0px) and (max-width: 480px) 480px, (min-width: 481px) and (max-width: 980px) 980px, (min-width: 981px) and (max-width: 1280px) 1280px, (min-width: 1281px) 1334px, 100vw\" \/><\/p>\n<p><em>Foto: Peter Segemark, Nordiska museet.<\/em><\/p>\n<p>Flera \u00e4garbyten senare k\u00f6pte sidenfabrik\u00f6r K A Almgren Svindersvik 1863. <strong><a href=\"https:\/\/www.kasiden.se\/\" target=\"_blank\" rel=\"noopener\">KA Almgrens sidenv\u00e4veri<\/a><\/strong> finns f\u00f6r \u00f6vrigt fortfarande kvar b\u00e5de som v\u00e4veri och museum, ocks\u00e5 det v\u00e4l v\u00e4rt ett bes\u00f6k.<br \/>\n1949 \u00f6verl\u00e4ts Svindersvik till Nordiska museet och sedan dess har tiden st\u00e5tt stilla h\u00e4r.\u00a0 Det \u00e4r ocks\u00e5 en av anledningarna till att huset fortfarande \u00e4r s\u00e5 v\u00e4lbevarat och har f\u00e5tt beh\u00e5lla sin i 1700-talspr\u00e4gel.<\/p>\n<p>Om du bes\u00f6ker Svindersvik och vill g\u00e5 en guidad visning \u00e4r det b\u00e4st att f\u00f6rboka biljett.<br \/>\nVisningar sker l\u00f6rdagar och s\u00f6ndagar 27 maj\u20133 september kl. 12.00, 13.00, 14.00 och 15.00.<br \/>\nL\u00e4s mer <a href=\"https:\/\/biljetter.nordiskamuseet.se\/evenemang\/0006-svindersvik\/\" target=\"_blank\" rel=\"noopener\">h\u00e4r<\/a><\/p>\n<p><img loading=\"lazy\" decoding=\"async\" class=\"aligncenter size-full wp-image-210806\" src=\"https:\/\/kulturista.se\/test\/wp-content\/uploads\/2022\/08\/brygginne2.jpg\" alt=\"\" width=\"1334\" height=\"885\" srcset=\"https:\/\/kulturista.se\/test\/wp-content\/uploads\/2022\/08\/brygginne2.jpg 1334w, https:\/\/kulturista.se\/test\/wp-content\/uploads\/2022\/08\/brygginne2-1280x849.jpg 1280w, https:\/\/kulturista.se\/test\/wp-content\/uploads\/2022\/08\/brygginne2-980x650.jpg 980w, https:\/\/kulturista.se\/test\/wp-content\/uploads\/2022\/08\/brygginne2-480x318.jpg 480w\" sizes=\"(min-width: 0px) and (max-width: 480px) 480px, (min-width: 481px) and (max-width: 980px) 980px, (min-width: 981px) and (max-width: 1280px) 1280px, (min-width: 1281px) 1334px, 100vw\" \/><\/p>\n<p><em>Foto: V\u00e4nster Svindersviks brygghus, h\u00f6ger\u00a0Kulturista<\/em><\/p>\n<p>P\u00e5 Svindersvik finns ocks\u00e5 en vacker \u00e4ppeltr\u00e4dg\u00e5rd och intill ligger det trevliga caf\u00e9t <strong><a href=\"https:\/\/www.svindersviksbrygghus.se\/\" target=\"_blank\" rel=\"noopener\">Svindersviks brygghus<\/a><\/strong>. D\u00e4r kan man sitta s\u00e5v\u00e4l inomhus som invid vattnet och njuta av b\u00e5de fika, mat och dryck.<\/p>\n","protected":false},"excerpt":{"rendered":"<p>En osedvanligt varm augustidag bes\u00f6kte jag Svindersvik och gick p\u00e5 en fantastiskt visning av det vackra sommarn\u00f6jet som f\u00e5tt sitt namn av viken den ligger vid och som ligger mellan Kvarnholmen och Sickla. Svindersvik \u00e4r ett s\u00e5 kallat sommarn\u00f6je, f\u00f6r litet f\u00f6r att kallas slott eller herrg\u00e5rd, men en exklusiv f\u00f6reg\u00e5ngare till grosshandlarvillorna som b\u00f6rjade [&hellip;]<\/p>\n","protected":false},"author":1,"featured_media":0,"comment_status":"open","ping_status":"open","sticky":false,"template":"","format":"standard","meta":{"_acf_changed":false,"_et_pb_use_builder":"","_et_pb_old_content":"","_et_gb_content_width":"","_jetpack_newsletter_access":"","_jetpack_dont_email_post_to_subs":false,"_jetpack_newsletter_tier_id":0,"_jetpack_memberships_contains_paywalled_content":false,"_jetpack_feature_clip_id":0,"_jetpack_memberships_contains_paid_content":false,"footnotes":"","jetpack_post_was_ever_published":false},"categories":[73,36],"tags":[],"class_list":["post-210793","post","type-post","status-publish","format-standard","hentry","category-lyft-pa-startsidan","category-utflyktsmal"],"acf":[],"jetpack_sharing_enabled":true,"jetpack_featured_media_url":"","_links":{"self":[{"href":"https:\/\/kulturista.se\/test\/wp-json\/wp\/v2\/posts\/210793","targetHints":{"allow":["GET"]}}],"collection":[{"href":"https:\/\/kulturista.se\/test\/wp-json\/wp\/v2\/posts"}],"about":[{"href":"https:\/\/kulturista.se\/test\/wp-json\/wp\/v2\/types\/post"}],"author":[{"embeddable":true,"href":"https:\/\/kulturista.se\/test\/wp-json\/wp\/v2\/users\/1"}],"replies":[{"embeddable":true,"href":"https:\/\/kulturista.se\/test\/wp-json\/wp\/v2\/comments?post=210793"}],"version-history":[{"count":15,"href":"https:\/\/kulturista.se\/test\/wp-json\/wp\/v2\/posts\/210793\/revisions"}],"predecessor-version":[{"id":213373,"href":"https:\/\/kulturista.se\/test\/wp-json\/wp\/v2\/posts\/210793\/revisions\/213373"}],"wp:attachment":[{"href":"https:\/\/kulturista.se\/test\/wp-json\/wp\/v2\/media?parent=210793"}],"wp:term":[{"taxonomy":"category","embeddable":true,"href":"https:\/\/kulturista.se\/test\/wp-json\/wp\/v2\/categories?post=210793"},{"taxonomy":"post_tag","embeddable":true,"href":"https:\/\/kulturista.se\/test\/wp-json\/wp\/v2\/tags?post=210793"}],"curies":[{"name":"wp","href":"https:\/\/api.w.org\/{rel}","templated":true}]}}