{"id":210752,"date":"2021-10-29T15:34:33","date_gmt":"2021-10-29T13:34:33","guid":{"rendered":"https:\/\/kulturista.se\/test\/?p=210752"},"modified":"2026-08-21T13:07:19","modified_gmt":"2026-08-21T11:07:19","slug":"expedition-konst","status":"publish","type":"post","link":"https:\/\/kulturista.se\/test\/expedition-konst\/","title":{"rendered":"Expedition konst"},"content":{"rendered":"<p>Om du tar en promenad p\u00e5 Djurg\u00e5rden och passerar Prins Eugens Waldermarsudde kommer du f\u00e5 en liten \u00f6verraskning. I parken som omger museet visas bland annat Solar Egg, en vedeldad bastu som ing\u00e5r i utst\u00e4llningen <em>Expedition konst<\/em>. Solar Egg \u00e4r ett verk av konstn\u00e4rsduon Bigert och Bergstr\u00f6m vars konstn\u00e4rsskap ofta kretsar kring forskning och klimat. (Och om du k\u00e4nner dig lite frusen g\u00e5r det bra att boka bastun, det g\u00f6r du <a href=\"https:\/\/solaregg.youcanbook.me\/\" target=\"_blank\" rel=\"noopener\"><em><strong>h\u00e4r)<\/strong><\/em><\/a><\/p>\n<p><img loading=\"lazy\" decoding=\"async\" class=\"aligncenter size-full wp-image-210756\" src=\"https:\/\/kulturista.se\/test\/wp-content\/uploads\/2021\/10\/exp2.jpg\" alt=\"\" width=\"1334\" height=\"885\" srcset=\"https:\/\/kulturista.se\/test\/wp-content\/uploads\/2021\/10\/exp2.jpg 1334w, https:\/\/kulturista.se\/test\/wp-content\/uploads\/2021\/10\/exp2-1280x849.jpg 1280w, https:\/\/kulturista.se\/test\/wp-content\/uploads\/2021\/10\/exp2-980x650.jpg 980w, https:\/\/kulturista.se\/test\/wp-content\/uploads\/2021\/10\/exp2-480x318.jpg 480w\" sizes=\"(min-width: 0px) and (max-width: 480px) 480px, (min-width: 481px) and (max-width: 980px) 980px, (min-width: 981px) and (max-width: 1280px) 1280px, (min-width: 1281px) 1334px, 100vw\" \/><em>Foto: Prins Eugens Waldemarsudde<\/em><\/p>\n<p><em>Expedition Konst<\/em> \u00e4r en utst\u00e4llning som p\u00e5 olika s\u00e4tt refererar till Arktis och Antarktis och som tillkommit tack vare Polarforskningssekretariatet (en myndighet jag f\u00f6r \u00f6vrigt inte ens k\u00e4nde till) och som sedan starten 1988\/89 bjudit in konstn\u00e4rer fr\u00e5n olika konstdicipliner att f\u00f6lja med p\u00e5 forskningsexpeditioner till Arktis och Antarktis tillsammans med forskare inom bland annat geologi, marinbiologi, meteorologi, klimat- och h\u00e5llbarhetsforskning.<\/p>\n<p>Deras upplevelser under expeditionerna och p\u00e5 forskningsstationer har lett till intressanta reflektioner om v\u00e5r existens, b\u00e5de p\u00e5 det personliga planet och i en vidare bem\u00e4rkelse: vilka \u00e4r vi, vart \u00e4r vi p\u00e5 v\u00e4g, hur tar vi hand om v\u00e5r planet, vad g\u00f6r vi med djurliv, naturresurser och oss sj\u00e4lva. Men det \u00e4r ingen uppgift konstn\u00e4rerna \u00e4r \u00e5lagda utan resultatet av en g\u00e4stfrihet och en respekt fr\u00e5n Polarforskningssekretariatets sida.<\/p>\n<p>Polarforskningssekretariatet och Sverige \u00e4r f\u00f6r \u00f6vrigt unika i att de bjuder in konstn\u00e4rer p\u00e5 sina expeditioner. Inget annat land har haft det uppl\u00e4gget.<\/p>\n<p>Vid den f\u00f6rsta resan f\u00f6ljde Lars Lerin och Svenerik Jakobsson med. Svenerik har bes\u00f6kt Gr\u00f6nland m\u00e5nga g\u00e5nger och har under sin levnad noterat att isarna minskat avsev\u00e4rt.<\/p>\n<p><img loading=\"lazy\" decoding=\"async\" class=\"aligncenter size-full wp-image-210757\" src=\"https:\/\/kulturista.se\/test\/wp-content\/uploads\/2021\/10\/exp3.jpg\" alt=\"\" width=\"1334\" height=\"885\" srcset=\"https:\/\/kulturista.se\/test\/wp-content\/uploads\/2021\/10\/exp3.jpg 1334w, https:\/\/kulturista.se\/test\/wp-content\/uploads\/2021\/10\/exp3-1280x849.jpg 1280w, https:\/\/kulturista.se\/test\/wp-content\/uploads\/2021\/10\/exp3-980x650.jpg 980w, https:\/\/kulturista.se\/test\/wp-content\/uploads\/2021\/10\/exp3-480x318.jpg 480w\" sizes=\"(min-width: 0px) and (max-width: 480px) 480px, (min-width: 481px) and (max-width: 980px) 980px, (min-width: 981px) and (max-width: 1280px) 1280px, (min-width: 1281px) 1334px, 100vw\" \/><\/p>\n<p><em>Mot f\u00f6rintelse, Svenerik Jakobsson, foto: Lars Engelhardt<\/em><\/p>\n<p>Bigert &amp; Bergstr\u00f6m visar sitt verk \u201dVinterf\u00f6rvaring\u201d en isbj\u00f6rn som hittades p\u00e5 Biologiska museet som numera \u00e4r st\u00e4ngt f\u00f6r renovering. Att g\u00f6ra dioramor var popul\u00e4rt i slutet av 1800-talet men att g\u00f6ra zoologiska dioramor var d\u00e4remot inte s\u00e5 vanligt. Det som ocks\u00e5 \u00e4r unikt med Biologiska museet \u00e4r s\u00e4ttet att visa olika milj\u00f6er och naturtyper i ett enda stort diorama och med Bruno Liljefors storslagna fondm\u00e5lningar.<\/p>\n<p>I det st\u00e4ngda museet bakom dioramat l\u00e5g skr\u00e4p och en och annan djurkropp som av olika anledningar inte l\u00e4ngre fanns i utst\u00e4llningen, och d\u00e4r l\u00e5g allts\u00e5 isbj\u00f6rnen och mot den st\u00e5r n\u00e5gra vinterd\u00e4ck lutade, s\u00e5 ironiskt och tr\u00e4ffande eftersom bild\u00e4ck dels inte kan brytas ner av naturen och att bilismen blivit ett hot mot klimatet\u00a0 och d\u00e4rmed isbj\u00f6rnen.<\/p>\n<p><img loading=\"lazy\" decoding=\"async\" class=\"aligncenter size-full wp-image-210754\" src=\"https:\/\/kulturista.se\/test\/wp-content\/uploads\/2021\/10\/exp1.jpg\" alt=\"\" width=\"1334\" height=\"885\" srcset=\"https:\/\/kulturista.se\/test\/wp-content\/uploads\/2021\/10\/exp1.jpg 1334w, https:\/\/kulturista.se\/test\/wp-content\/uploads\/2021\/10\/exp1-1280x849.jpg 1280w, https:\/\/kulturista.se\/test\/wp-content\/uploads\/2021\/10\/exp1-980x650.jpg 980w, https:\/\/kulturista.se\/test\/wp-content\/uploads\/2021\/10\/exp1-480x318.jpg 480w\" sizes=\"(min-width: 0px) and (max-width: 480px) 480px, (min-width: 481px) and (max-width: 980px) 980px, (min-width: 981px) and (max-width: 1280px) 1280px, (min-width: 1281px) 1334px, 100vw\" \/><em>V\u00e4nster Expedition, 2005-2006 foto: Bigert och Bergstr\u00f6m, h\u00f6ger Vinterf\u00f6rvaring, foto: Kulturista<\/em><\/p>\n<p>Ovanf\u00f6r Vinterf\u00f6rvaring h\u00e4nger den dokument\u00e4ra skulpturen Expedition, en sorts omv\u00e4nd diorama, med bilder fr\u00e5n expeditionen som Bigert och Bergstr\u00f6m gjorde med isbrytaren Oden och vars uppgift var att samla in luft- och vattenprover. Skulpturen \u00e4r formad som en serie klot formade som H2O-molekyler.<\/p>\n<p>Bigert och Bergstr\u00f6m gjorde 2018 utst\u00e4llningen <em>I stormens \u00f6ga<\/em> p\u00e5 Artipelag tidigare och om du k\u00e4nner igen formen p\u00e5 skulpturen kanske du sett deras lampor som \u00e4ndrar f\u00e4rg efter v\u00e4dret p\u00e5 Stockholms Centralstation.De har ocks\u00e5 gjort ett fint konstverk p\u00e5 Karolinska Universitetssjukhuset i Solna, som jag skrivit om <a href=\"https:\/\/kulturista.se\/test\/konsten-pa-ks\/\" target=\"_blank\" rel=\"noopener\"><em><strong>h\u00e4r.<\/strong><\/em><\/a><\/p>\n<p><em>Expedition Konst<\/em> \u00e4r en mycket viktig utst\u00e4llning, en hybrid mellan konst och forskning som tar upp fr\u00e5gan om klimatet. Jag hoppas att m\u00e5nga kommer att se utst\u00e4llningen och g\u00e4rna skolorna.<\/p>\n<p>Medverkande konstn\u00e4rer: Bigert &amp; Bergstr\u00f6m, Josef Bull, Dascha Esselius, Svenerik Jakobsson, Lars Lerin, Hanna Ljungh, Johan Petterson och Sigrid Sandstr\u00f6m.<\/p>\n","protected":false},"excerpt":{"rendered":"<p>Om du tar en promenad p\u00e5 Djurg\u00e5rden och passerar Prins Eugens Waldermarsudde kommer du f\u00e5 en liten \u00f6verraskning. I parken som omger museet visas bland annat Solar Egg, en vedeldad bastu som ing\u00e5r i utst\u00e4llningen Expedition konst. Solar Egg \u00e4r ett verk av konstn\u00e4rsduon Bigert och Bergstr\u00f6m vars konstn\u00e4rsskap ofta kretsar kring forskning och klimat. [&hellip;]<\/p>\n","protected":false},"author":1,"featured_media":0,"comment_status":"open","ping_status":"open","sticky":false,"template":"","format":"standard","meta":{"_acf_changed":false,"_et_pb_use_builder":"","_et_pb_old_content":"","_et_gb_content_width":"","_jetpack_newsletter_access":"","_jetpack_dont_email_post_to_subs":false,"_jetpack_newsletter_tier_id":0,"_jetpack_memberships_contains_paywalled_content":false,"_jetpack_feature_clip_id":0,"_jetpack_memberships_contains_paid_content":false,"footnotes":"","jetpack_post_was_ever_published":false},"categories":[19],"tags":[],"class_list":["post-210752","post","type-post","status-publish","format-standard","hentry","category-museer-utstallningar"],"acf":[],"jetpack_sharing_enabled":true,"jetpack_featured_media_url":"","_links":{"self":[{"href":"https:\/\/kulturista.se\/test\/wp-json\/wp\/v2\/posts\/210752","targetHints":{"allow":["GET"]}}],"collection":[{"href":"https:\/\/kulturista.se\/test\/wp-json\/wp\/v2\/posts"}],"about":[{"href":"https:\/\/kulturista.se\/test\/wp-json\/wp\/v2\/types\/post"}],"author":[{"embeddable":true,"href":"https:\/\/kulturista.se\/test\/wp-json\/wp\/v2\/users\/1"}],"replies":[{"embeddable":true,"href":"https:\/\/kulturista.se\/test\/wp-json\/wp\/v2\/comments?post=210752"}],"version-history":[{"count":21,"href":"https:\/\/kulturista.se\/test\/wp-json\/wp\/v2\/posts\/210752\/revisions"}],"predecessor-version":[{"id":213376,"href":"https:\/\/kulturista.se\/test\/wp-json\/wp\/v2\/posts\/210752\/revisions\/213376"}],"wp:attachment":[{"href":"https:\/\/kulturista.se\/test\/wp-json\/wp\/v2\/media?parent=210752"}],"wp:term":[{"taxonomy":"category","embeddable":true,"href":"https:\/\/kulturista.se\/test\/wp-json\/wp\/v2\/categories?post=210752"},{"taxonomy":"post_tag","embeddable":true,"href":"https:\/\/kulturista.se\/test\/wp-json\/wp\/v2\/tags?post=210752"}],"curies":[{"name":"wp","href":"https:\/\/api.w.org\/{rel}","templated":true}]}}