{"id":210739,"date":"2021-10-23T11:25:34","date_gmt":"2021-10-23T09:25:34","guid":{"rendered":"https:\/\/kulturista.se\/test\/?p=210739"},"modified":"2026-08-21T13:12:54","modified_gmt":"2026-08-21T11:12:54","slug":"annika-elisabeth-von-hausswolff","status":"publish","type":"post","link":"https:\/\/kulturista.se\/test\/annika-elisabeth-von-hausswolff\/","title":{"rendered":"Annika Elisabeth von Hausswolff"},"content":{"rendered":"<p><em>Alternativ sekretess<\/em> heter en stor retroperspektiv utst\u00e4llning av fotografen och konstn\u00e4ren Annika Elisabeth von Hausswolff som \u00f6ppnar idag p\u00e5 <a href=\"https:\/\/www.modernamuseet.se\/stockholm\/sv\/\" target=\"_blank\" rel=\"noopener\"><em><strong>Moderna Museet<\/strong><\/em><\/a>.\u00a0 Jag k\u00e4nner redan nu att jag har lite sv\u00e5rt att kunna hitta de r\u00e4tta orden f\u00f6r att beskriva hennes konstn\u00e4rsskap och utst\u00e4llningen.\u00a0 Men jag b\u00f6rjar med titeln. Den anspelar p\u00e5 uttrycket &#8221;Alternative facts&#8221; som myntades av Donald Trumps kampanjledare Kellyanne Conway. Precis som att det skulle finnas alternativa fakta finns det ju inte alternativ sekretess. Annika tar h\u00e4r ett politiskt st\u00e4llningstagande och menar att vi lever farligt om vi l\u00e5ter politiken styra vad som \u00e4r sant och vad som ska sekretessbehandlas. Hon manar ocks\u00e5 i sitt anf\u00f6rande p\u00e5 vernissaget att vi ska t\u00e4nka oss f\u00f6r n\u00e4r vi g\u00e5r till valurnorna n\u00e4sta h\u00f6st.<\/p>\n<p>Titlar \u00e4r viktiga f\u00f6r Annika, genomg\u00e5ende i utst\u00e4llningen ber\u00e4ttar titlarna mycket om verken. I serien <em>Oh Mother, What Have You Done?\u00a0<\/em>som \u00e4r de senaste verken i utst\u00e4llningen och som f\u00e5tt ett s\u00e5 fint rum i rummet inb\u00e4ddat med v\u00e4ggar i halvtransparent plast visas bilder p\u00e5 kvinnor i handf\u00e4ngsel. Varf\u00f6r? \u00c4r de offer eller f\u00f6r\u00f6vare? Ot\u00e4cka och samtidigt s\u00e5 v\u00e4ldigt vackra.<\/p>\n<p><img loading=\"lazy\" decoding=\"async\" class=\"aligncenter size-full wp-image-210744\" src=\"https:\/\/kulturista.se\/test\/wp-content\/uploads\/2021\/10\/annika2.jpg\" alt=\"\" width=\"1334\" height=\"885\" srcset=\"https:\/\/kulturista.se\/test\/wp-content\/uploads\/2021\/10\/annika2.jpg 1334w, https:\/\/kulturista.se\/test\/wp-content\/uploads\/2021\/10\/annika2-1280x849.jpg 1280w, https:\/\/kulturista.se\/test\/wp-content\/uploads\/2021\/10\/annika2-980x650.jpg 980w, https:\/\/kulturista.se\/test\/wp-content\/uploads\/2021\/10\/annika2-480x318.jpg 480w\" sizes=\"(min-width: 0px) and (max-width: 480px) 480px, (min-width: 481px) and (max-width: 980px) 980px, (min-width: 981px) and (max-width: 1280px) 1280px, (min-width: 1281px) 1334px, 100vw\" \/><em>Foto: Annika Elisabeth von Hausswolff<\/em><\/p>\n<p>&nbsp;<\/p>\n<p>I serien <em>Tillbaka till naturen<\/em> fr\u00e5n 1992 finns ett fotografi av en naken kvinna liggande p\u00e5 mage i grunt vatten. Varf\u00f6r ligger hon d\u00e4r? Naken, \u00e4r hon d\u00f6d? Vem har i s\u00e5 fall d\u00f6dat henne och varf\u00f6r? Jag n\u00e4stan sk\u00e4ms \u00f6ver att st\u00e5 och titta p\u00e5 bilden men precis som jag just h\u00f6rde Cecilia Blomberg s\u00e4ga i Kulturnytt i P1 associerade jag ocks\u00e5 till Sara Stridsbergs bok <em>K\u00e4rlekens Antarktis<\/em>. En bok som handlar om ett bestialiskt mord men \u00e4r ber\u00e4ttat p\u00e5 det vackraste spr\u00e5k. Precis s\u00e5 \u00e4r Annikas bilder. Till en b\u00f6rjan vackra, men ofta f\u00f6rknippade med v\u00e5ld och d\u00f6d. Och f\u00f6r det mesta kvinnan som offer. Och just v\u00e5ld och krim har varit ett \u00e5terkommande tema i Annikas konstn\u00e4rsskap.<\/p>\n<p><img loading=\"lazy\" decoding=\"async\" class=\"aligncenter size-full wp-image-210741\" src=\"https:\/\/kulturista.se\/test\/wp-content\/uploads\/2021\/10\/annika1.jpg\" alt=\"\" width=\"1334\" height=\"885\" srcset=\"https:\/\/kulturista.se\/test\/wp-content\/uploads\/2021\/10\/annika1.jpg 1334w, https:\/\/kulturista.se\/test\/wp-content\/uploads\/2021\/10\/annika1-1280x849.jpg 1280w, https:\/\/kulturista.se\/test\/wp-content\/uploads\/2021\/10\/annika1-980x650.jpg 980w, https:\/\/kulturista.se\/test\/wp-content\/uploads\/2021\/10\/annika1-480x318.jpg 480w\" sizes=\"(min-width: 0px) and (max-width: 480px) 480px, (min-width: 481px) and (max-width: 980px) 980px, (min-width: 981px) and (max-width: 1280px) 1280px, (min-width: 1281px) 1334px, 100vw\" \/><\/p>\n<p><em>Foto: Annika Elisabeth von Hausswolff\u00a0<\/em><\/p>\n<p>Guldsmycken kanske man t\u00e4nker, en vacker bild men titeln ger ledtr\u00e5dar <em>An Oral Story of Economic Structures. <\/em>N\u00e4r man tittar n\u00e4rmare ser man att det \u00e4r tandguld. Det v\u00e4cker onekligen tankar \u00e5t flera h\u00e5ll. Vem har haft dessa guldplomber och varf\u00f6r finns det en marknad d\u00e4r man kan k\u00f6pa och s\u00e4lja tandguld? I Sverige \u00e4r det inte s\u00e5 vanligt att man lagar t\u00e4nderna med guld, d\u00e4remot i m\u00e5nga andra kulturer. \u00c4r det d\u00e5 kanske en sorts ekonomisk f\u00f6rs\u00e4kring? Eller status?<\/p>\n<p><img loading=\"lazy\" decoding=\"async\" class=\"aligncenter size-full wp-image-210745\" src=\"https:\/\/kulturista.se\/test\/wp-content\/uploads\/2021\/10\/annika3.jpg\" alt=\"\" width=\"1334\" height=\"885\" srcset=\"https:\/\/kulturista.se\/test\/wp-content\/uploads\/2021\/10\/annika3.jpg 1334w, https:\/\/kulturista.se\/test\/wp-content\/uploads\/2021\/10\/annika3-1280x849.jpg 1280w, https:\/\/kulturista.se\/test\/wp-content\/uploads\/2021\/10\/annika3-980x650.jpg 980w, https:\/\/kulturista.se\/test\/wp-content\/uploads\/2021\/10\/annika3-480x318.jpg 480w\" sizes=\"(min-width: 0px) and (max-width: 480px) 480px, (min-width: 481px) and (max-width: 980px) 980px, (min-width: 981px) and (max-width: 1280px) 1280px, (min-width: 1281px) 1334px, 100vw\" \/><\/p>\n<p><em>Foto: Annika Elisabeth von Hausswolff<\/em><\/p>\n<p>Utst\u00e4llningen <em>Alternativ sekretess<\/em> har s\u00e5 m\u00e5nga dimensioner och man kan se den p\u00e5 s\u00e5\u00a0 m\u00e5nga s\u00e4tt. Den \u00e4r vacker och luftig och man kan se den bara f\u00f6r att det \u00e4r just vacker. Men om man vill kan man nyfiket n\u00e4rma sig verken och st\u00e4lla fr\u00e5gor. I\u00a0 m\u00e5nga fall viktiga s\u00e5na. Jag st\u00e4ller mig fr\u00e5gan om varf\u00f6r v\u00e5ldet blivit en del av v\u00e5r vardag, vi matas dagligen av bilder med v\u00e5ld eller v\u00e5ldsskildringar. Inte s\u00e4llan v\u00e5ld mot kvinnor. Framf\u00f6rallt inom popul\u00e4rkulturen, i filmer, tv-serier och b\u00f6cker framst\u00e4lls kvinnan ofta som ett offer f\u00f6r v\u00e5ld. Varf\u00f6r?<\/p>\n<p>S\u00e5 m\u00e5nga fr\u00e5gor v\u00e4cks inom mig av den h\u00e4r utst\u00e4llningen, och det \u00e4r v\u00e4l just det som \u00e4r konst n\u00e4r den \u00e4r som b\u00e4st.\u00a0 N\u00e4r konsten ber\u00f6r. Och den h\u00e4r utst\u00e4llningen ber\u00f6r mig. Mycket.<\/p>\n<p>Utst\u00e4llningen <em>Alternativ Sekretess<\/em> av Annika Elisabeth von Hausswollf visas till 20\/2 2022<\/p>\n<p>&nbsp;<\/p>\n<p>&nbsp;<\/p>\n<p>&nbsp;<\/p>\n<p>&nbsp;<\/p>\n<p>&nbsp;<\/p>\n","protected":false},"excerpt":{"rendered":"<p>Alternativ sekretess heter en stor retroperspektiv utst\u00e4llning av fotografen och konstn\u00e4ren Annika Elisabeth von Hausswolff som \u00f6ppnar idag p\u00e5 Moderna Museet.\u00a0 Jag k\u00e4nner redan nu att jag har lite sv\u00e5rt att kunna hitta de r\u00e4tta orden f\u00f6r att beskriva hennes konstn\u00e4rsskap och utst\u00e4llningen.\u00a0 Men jag b\u00f6rjar med titeln. Den anspelar p\u00e5 uttrycket &#8221;Alternative facts&#8221; som [&hellip;]<\/p>\n","protected":false},"author":1,"featured_media":0,"comment_status":"open","ping_status":"open","sticky":false,"template":"","format":"standard","meta":{"_acf_changed":false,"_et_pb_use_builder":"","_et_pb_old_content":"","_et_gb_content_width":"","_jetpack_newsletter_access":"","_jetpack_dont_email_post_to_subs":false,"_jetpack_newsletter_tier_id":0,"_jetpack_memberships_contains_paywalled_content":false,"_jetpack_feature_clip_id":0,"_jetpack_memberships_contains_paid_content":false,"footnotes":"","jetpack_post_was_ever_published":false},"categories":[19],"tags":[],"class_list":["post-210739","post","type-post","status-publish","format-standard","hentry","category-museer-utstallningar"],"acf":[],"jetpack_sharing_enabled":true,"jetpack_featured_media_url":"","_links":{"self":[{"href":"https:\/\/kulturista.se\/test\/wp-json\/wp\/v2\/posts\/210739","targetHints":{"allow":["GET"]}}],"collection":[{"href":"https:\/\/kulturista.se\/test\/wp-json\/wp\/v2\/posts"}],"about":[{"href":"https:\/\/kulturista.se\/test\/wp-json\/wp\/v2\/types\/post"}],"author":[{"embeddable":true,"href":"https:\/\/kulturista.se\/test\/wp-json\/wp\/v2\/users\/1"}],"replies":[{"embeddable":true,"href":"https:\/\/kulturista.se\/test\/wp-json\/wp\/v2\/comments?post=210739"}],"version-history":[{"count":11,"href":"https:\/\/kulturista.se\/test\/wp-json\/wp\/v2\/posts\/210739\/revisions"}],"predecessor-version":[{"id":213381,"href":"https:\/\/kulturista.se\/test\/wp-json\/wp\/v2\/posts\/210739\/revisions\/213381"}],"wp:attachment":[{"href":"https:\/\/kulturista.se\/test\/wp-json\/wp\/v2\/media?parent=210739"}],"wp:term":[{"taxonomy":"category","embeddable":true,"href":"https:\/\/kulturista.se\/test\/wp-json\/wp\/v2\/categories?post=210739"},{"taxonomy":"post_tag","embeddable":true,"href":"https:\/\/kulturista.se\/test\/wp-json\/wp\/v2\/tags?post=210739"}],"curies":[{"name":"wp","href":"https:\/\/api.w.org\/{rel}","templated":true}]}}