{"id":210729,"date":"2021-11-22T11:56:01","date_gmt":"2021-11-22T10:56:01","guid":{"rendered":"https:\/\/kulturista.se\/test\/?p=210729"},"modified":"2026-08-23T15:10:55","modified_gmt":"2026-08-23T13:10:55","slug":"carl-johan-de-geer-pa-thielska","status":"publish","type":"post","link":"https:\/\/kulturista.se\/test\/carl-johan-de-geer-pa-thielska\/","title":{"rendered":"Carl-Johan De Geer p\u00e5 Thielska"},"content":{"rendered":"<p>Mitt f\u00f6rsta m\u00f6te med Carl-Johan De Geers konstv\u00e4rld skedde 1978 p\u00e5 Filmhuset. D\u00e4r p\u00e5gick inspelningen av &#8221;Barnf\u00f6rbjudet&#8221; Marie-Louise Ekmans (fd De Geer) film som Carl-Johan gjorde scenografin till. Jag tror att det var d\u00e4r n\u00e5gon g\u00e5ng min fascination f\u00f6r scenografi tog fart och som under n\u00e5gra \u00e5r ocks\u00e5 senare ocks\u00e5 blev mitt arbete.<\/p>\n<p>Nu visas p\u00e5 Thielska Galleriet utst\u00e4llningen <em>&#8221;Den stora missuppfattningen&#8221;<\/em> med Carl-Johans f\u00e4rgsprakande textilier. Namnet kommer fr\u00e5n en id\u00e9 om att det gick att skapa en ny och b\u00e4ttre v\u00e4rld utan krig med hj\u00e4lp av m\u00f6nster, starka f\u00e4rger och musik. &#8211; En missuppfattning.<\/p>\n<p>Carl-Johans konstn\u00e4rsskap \u00e4r lika l\u00e5ngt som vitt och brett, sedan 60-talet har han varit nyskapande och provocerande, som n\u00e4r han d\u00f6mdes f\u00f6r uppvigling och skymfande av svensk och utl\u00e4ndsk rikssymbol&#8221; i och med affischen &#8221;Sk\u00e4nda flaggan&#8221; som f\u00f6rest\u00e4ller en svensk flagga som brinner. Vid sidan st\u00e5r det i stora bl\u00e5 bokst\u00e4ver: <em>Sk\u00e4nda flaggan v\u00e4gra vapen<\/em> och n\u00e5got mindre i gult: <em>Svik fosterlandet var onationell<\/em>. I mitten av korset p\u00e5 flaggan st\u00e5r det <em>Kuken<\/em>, i r\u00f6tt. Affischen ingick i en utst\u00e4llning som propagerade f\u00f6r vapenv\u00e4gran.<\/p>\n<p>Sedan dess har han verkat som bildkonstn\u00e4r, formgivare, filmare, fotograf, scenograf och f\u00f6rfattare. Det var dock textilformgivare han fr\u00e5n b\u00f6rjan hade t\u00e4nkt bli och som han sj\u00e4lv tycker han varit b\u00e4st p\u00e5.<\/p>\n<p>I b\u00f6rjan av 70-talet formgav Carl Johan De Geer tygm\u00f6nstret Boberg med ekorrar och solfj\u00e4dersformade knippen av tallbarr. M\u00f6nstret skapades som en hyllning till Ferdinand Boberg, arkitekten bakom bland annat Thielska Galleriet. Ferdinand Bobergs byggnader k\u00e4nnetecknas ofta av en lekfull jugenddekor med inspiration fr\u00e5n svensk natur. I tygm\u00f6nstret Boberg anknyter Carl Johan De Geer ocks\u00e5 till den utskurna dekoren med tallkvistar och tallbarr i det m\u00f6blemang som st\u00e5r i Munchsalen p\u00e5 Thielska Galleriet. I inl\u00e4gget p\u00e5 <a href=\"https:\/\/www.instagram.com\/p\/CWk16HGsClU\/?utm_source=ig_web_copy_link\" target=\"_blank\" rel=\"noopener\"><em><strong>Instagram<\/strong><\/em><\/a> kan du h\u00f6ra Carl Johan ber\u00e4tta om hur m\u00f6nstret kom till.<\/p>\n<p><em><img loading=\"lazy\" decoding=\"async\" class=\"aligncenter size-full wp-image-210736\" src=\"https:\/\/kulturista.se\/test\/wp-content\/uploads\/2021\/10\/carl2.jpg\" alt=\"\" width=\"1334\" height=\"885\" srcset=\"https:\/\/kulturista.se\/test\/wp-content\/uploads\/2021\/10\/carl2.jpg 1334w, https:\/\/kulturista.se\/test\/wp-content\/uploads\/2021\/10\/carl2-1280x849.jpg 1280w, https:\/\/kulturista.se\/test\/wp-content\/uploads\/2021\/10\/carl2-980x650.jpg 980w, https:\/\/kulturista.se\/test\/wp-content\/uploads\/2021\/10\/carl2-480x318.jpg 480w\" sizes=\"(min-width: 0px) and (max-width: 480px) 480px, (min-width: 481px) and (max-width: 980px) 980px, (min-width: 981px) and (max-width: 1280px) 1280px, (min-width: 1281px) 1334px, 100vw\" \/>Foto: Thielska Galleriet<\/em><\/p>\n<p>Det \u00e4r en gl\u00e4djefull och f\u00e4rgsprakande utst\u00e4llning som Thielska och Carl-Johan bjuder p\u00e5. Perfekt nu n\u00e4r dagarna \u00e4r korta och gr\u00e5. Det \u00e4r om\u00f6jligt att l\u00e4mna den h\u00e4r utst\u00e4llningen p\u00e5 n\u00e5got annan hum\u00f6r \u00e4n gott.<br \/>\nUtst\u00e4llningen Den stora missuppfattningen visas till den 20 mars 2022.<\/p>\n<p>&nbsp;<\/p>\n<div id=\"attachment_18500\" class=\"wp-caption alignleft\">\n<p id=\"caption-attachment-18500\" class=\"wp-caption-text\">\n<\/div>\n","protected":false},"excerpt":{"rendered":"<p>Mitt f\u00f6rsta m\u00f6te med Carl-Johan De Geers konstv\u00e4rld skedde 1978 p\u00e5 Filmhuset. D\u00e4r p\u00e5gick inspelningen av &#8221;Barnf\u00f6rbjudet&#8221; Marie-Louise Ekmans (fd De Geer) film som Carl-Johan gjorde scenografin till. Jag tror att det var d\u00e4r n\u00e5gon g\u00e5ng min fascination f\u00f6r scenografi tog fart och som under n\u00e5gra \u00e5r ocks\u00e5 senare ocks\u00e5 blev mitt arbete. Nu visas [&hellip;]<\/p>\n","protected":false},"author":1,"featured_media":0,"comment_status":"open","ping_status":"open","sticky":false,"template":"","format":"standard","meta":{"_acf_changed":false,"_et_pb_use_builder":"","_et_pb_old_content":"","_et_gb_content_width":"","_jetpack_newsletter_access":"","_jetpack_dont_email_post_to_subs":false,"_jetpack_newsletter_tier_id":0,"_jetpack_memberships_contains_paywalled_content":false,"_jetpack_feature_clip_id":0,"_jetpack_memberships_contains_paid_content":false,"footnotes":"","jetpack_post_was_ever_published":false},"categories":[19],"tags":[],"class_list":["post-210729","post","type-post","status-publish","format-standard","hentry","category-museer-utstallningar"],"acf":[],"jetpack_sharing_enabled":true,"jetpack_featured_media_url":"","_links":{"self":[{"href":"https:\/\/kulturista.se\/test\/wp-json\/wp\/v2\/posts\/210729","targetHints":{"allow":["GET"]}}],"collection":[{"href":"https:\/\/kulturista.se\/test\/wp-json\/wp\/v2\/posts"}],"about":[{"href":"https:\/\/kulturista.se\/test\/wp-json\/wp\/v2\/types\/post"}],"author":[{"embeddable":true,"href":"https:\/\/kulturista.se\/test\/wp-json\/wp\/v2\/users\/1"}],"replies":[{"embeddable":true,"href":"https:\/\/kulturista.se\/test\/wp-json\/wp\/v2\/comments?post=210729"}],"version-history":[{"count":10,"href":"https:\/\/kulturista.se\/test\/wp-json\/wp\/v2\/posts\/210729\/revisions"}],"predecessor-version":[{"id":213375,"href":"https:\/\/kulturista.se\/test\/wp-json\/wp\/v2\/posts\/210729\/revisions\/213375"}],"wp:attachment":[{"href":"https:\/\/kulturista.se\/test\/wp-json\/wp\/v2\/media?parent=210729"}],"wp:term":[{"taxonomy":"category","embeddable":true,"href":"https:\/\/kulturista.se\/test\/wp-json\/wp\/v2\/categories?post=210729"},{"taxonomy":"post_tag","embeddable":true,"href":"https:\/\/kulturista.se\/test\/wp-json\/wp\/v2\/tags?post=210729"}],"curies":[{"name":"wp","href":"https:\/\/api.w.org\/{rel}","templated":true}]}}