{"id":210713,"date":"2021-10-01T12:21:45","date_gmt":"2021-10-01T10:21:45","guid":{"rendered":"https:\/\/kulturista.se\/test\/?p=210713"},"modified":"2026-08-21T13:20:52","modified_gmt":"2026-08-21T11:20:52","slug":"sigurd-lewerentz-pa-arkdes","status":"publish","type":"post","link":"https:\/\/kulturista.se\/test\/sigurd-lewerentz-pa-arkdes\/","title":{"rendered":"Sigurd Lewerentz p\u00e5 ArkDes"},"content":{"rendered":"<p>Sigurd Lewerentz \u00e4r en av de st\u00f6rsta arkitekterna i modern tid kanske ocks\u00e5 en av de mest betydelsefulla konstn\u00e4rerna i Sverige n\u00e5gonsin. Men m\u00e4rkligt nog ocks\u00e5 en doldis vars namn inte m\u00e5nga k\u00e4nner till. V\u00e4rldsarvet Skogskyrkog\u00e5rden i Enskede (som han ritade med Gunnar Asplund vars namn de flesta d\u00e4remot k\u00e4nner till), Markuskyrkan i Bj\u00f6rkhagen och Sankt Petri kyrka i Klippan \u00e4r bara n\u00e5gra av de platser och byggnader som han varit med att skapa.<\/p>\n<p><img loading=\"lazy\" decoding=\"async\" class=\"aligncenter size-full wp-image-210719\" src=\"https:\/\/kulturista.se\/test\/wp-content\/uploads\/2021\/10\/sigurd4.jpg\" alt=\"\" width=\"1334\" height=\"885\" srcset=\"https:\/\/kulturista.se\/test\/wp-content\/uploads\/2021\/10\/sigurd4.jpg 1334w, https:\/\/kulturista.se\/test\/wp-content\/uploads\/2021\/10\/sigurd4-1280x849.jpg 1280w, https:\/\/kulturista.se\/test\/wp-content\/uploads\/2021\/10\/sigurd4-980x650.jpg 980w, https:\/\/kulturista.se\/test\/wp-content\/uploads\/2021\/10\/sigurd4-480x318.jpg 480w\" sizes=\"(min-width: 0px) and (max-width: 480px) 480px, (min-width: 481px) and (max-width: 980px) 980px, (min-width: 981px) and (max-width: 1280px) 1280px, (min-width: 1281px) 1334px, 100vw\" \/><em>Ovan: Fr\u00e5n vernissaget av utst\u00e4llningen<\/em><\/p>\n<p>Nu \u00f6ppnar ArkDes utst\u00e4llningen Sigurd Lewerentz \u2013 D\u00f6dens och livets arkitekt.\u00a0 Den st\u00f6rsta utst\u00e4llning som n\u00e5gonsin visats kring en arkitekt. Och vilken utst\u00e4llning sedan! Om du s\u00e5 bara \u00e4r det minsta nyfiken eller intresserad av arkitektur eller stadsplanering eller bara tycker att exempelvis Skogskyrkog\u00e5rden i Enskede \u00e4r en v\u00e4ldigt fin plats tycker jag att du ska g\u00e5 och se den h\u00e4r utst\u00e4llningen.<br \/>\nDen \u00e4r s\u00e5 otroligt fint curerad och s\u00e5 snyggt genomf\u00f6rd.<br \/>\n<em><br \/>\n<\/em>I de olika utst\u00e4llningsrummen f\u00e5r vi f\u00f6lja Sigurd i h\u00f6gt och l\u00e5gt, en hel v\u00e4gg \u00e4gnas till exempel \u00e5t alla de projekt som aldrig blev genomf\u00f6rda, skisser p\u00e5 allt fr\u00e5n renoveringen av Domkyrkan i Uppsala till den enklaste kiosk. Det \u00e4r s\u00e5 intressant att se hur han tog sig an alla projekt med en s\u00e5dan entusiasm. Vi f\u00e5r ocks\u00e5 se exempel p\u00e5 butiksinredningar han ritade \u00e5t bland annat PUB.<\/p>\n<p><img loading=\"lazy\" decoding=\"async\" class=\"aligncenter size-full wp-image-210716\" src=\"https:\/\/kulturista.se\/test\/wp-content\/uploads\/2021\/10\/sigurd1.jpg\" alt=\"\" width=\"1334\" height=\"885\" srcset=\"https:\/\/kulturista.se\/test\/wp-content\/uploads\/2021\/10\/sigurd1.jpg 1334w, https:\/\/kulturista.se\/test\/wp-content\/uploads\/2021\/10\/sigurd1-1280x849.jpg 1280w, https:\/\/kulturista.se\/test\/wp-content\/uploads\/2021\/10\/sigurd1-980x650.jpg 980w, https:\/\/kulturista.se\/test\/wp-content\/uploads\/2021\/10\/sigurd1-480x318.jpg 480w\" sizes=\"(min-width: 0px) and (max-width: 480px) 480px, (min-width: 481px) and (max-width: 980px) 980px, (min-width: 981px) and (max-width: 1280px) 1280px, (min-width: 1281px) 1334px, 100vw\" \/><em>Foto: Ovan v\u00e4nster Louise Helmfrid ArkDes, h\u00f6ger Kulturista<\/em><\/p>\n<p>Sigurd ritade ocks\u00e5 tapeter men kanske mest otippat SLs biljettkurer. En s\u00e5dan st\u00e5r i en av salarna och jag fylls av minnen kring hur man str\u00e4ckte fram sin remsa och fick den st\u00e4mplad. D\u00e5 eller fram till nu inte en tanke p\u00e5 att n\u00e5gon faktiskt ritat dessa kurer.<\/p>\n<p><img loading=\"lazy\" decoding=\"async\" class=\"aligncenter size-full wp-image-210718\" src=\"https:\/\/kulturista.se\/test\/wp-content\/uploads\/2021\/10\/sigurd3.jpg\" alt=\"\" width=\"1334\" height=\"885\" srcset=\"https:\/\/kulturista.se\/test\/wp-content\/uploads\/2021\/10\/sigurd3.jpg 1334w, https:\/\/kulturista.se\/test\/wp-content\/uploads\/2021\/10\/sigurd3-1280x849.jpg 1280w, https:\/\/kulturista.se\/test\/wp-content\/uploads\/2021\/10\/sigurd3-980x650.jpg 980w, https:\/\/kulturista.se\/test\/wp-content\/uploads\/2021\/10\/sigurd3-480x318.jpg 480w\" sizes=\"(min-width: 0px) and (max-width: 480px) 480px, (min-width: 481px) and (max-width: 980px) 980px, (min-width: 981px) and (max-width: 1280px) 1280px, (min-width: 1281px) 1334px, 100vw\" \/><em>Foto: Johan Dehlin, v\u00e4nster Marcuskyrkan i Bj\u00f6rkhagen, h\u00f6ger Sju brunnars v\u00e4g i Skogskyrkog\u00e5rden\u00a0<\/em><\/p>\n<p>Det gl\u00e4djer mig att ArkDes satsar p\u00e5 att g\u00f6ra en utst\u00e4llning som i sin utformning f\u00f6rhoppningsvis kommer f\u00e5 fler att intressera sig f\u00f6r arkitektur och stadsplanering och kanske framf\u00f6r allt att som med Sigurds \u00f6gon se och f\u00f6rst\u00e5 kvalitet. F\u00f6r om n\u00e5got var Sigurd en garant f\u00f6r kvalitet i sina projekt. Stridbar till och med.<\/p>\n<p>Vi f\u00e5r ocks\u00e5 bekanta oss med Lewewentz mindre k\u00e4nda kreativa v\u00e4rld som hans design f\u00f6r butiker och kommersiell inredning, hans grafiska design och arkitektur f\u00f6r Stockholmsutst\u00e4llningen 1930 med mera.<\/p>\n<p><img loading=\"lazy\" decoding=\"async\" class=\"aligncenter size-full wp-image-210717\" src=\"https:\/\/kulturista.se\/test\/wp-content\/uploads\/2021\/10\/sigurd2.jpg\" alt=\"\" width=\"1334\" height=\"885\" srcset=\"https:\/\/kulturista.se\/test\/wp-content\/uploads\/2021\/10\/sigurd2.jpg 1334w, https:\/\/kulturista.se\/test\/wp-content\/uploads\/2021\/10\/sigurd2-1280x849.jpg 1280w, https:\/\/kulturista.se\/test\/wp-content\/uploads\/2021\/10\/sigurd2-980x650.jpg 980w, https:\/\/kulturista.se\/test\/wp-content\/uploads\/2021\/10\/sigurd2-480x318.jpg 480w\" sizes=\"(min-width: 0px) and (max-width: 480px) 480px, (min-width: 481px) and (max-width: 980px) 980px, (min-width: 981px) and (max-width: 1280px) 1280px, (min-width: 1281px) 1334px, 100vw\" \/><em>Foto: Fr\u00e5n utst\u00e4llningen, Johan Dehlin<\/em><\/p>\n<p>Utst\u00e4llningen Sigurd Lewerentz D\u00f6dens och livets arkitekt visas till 28\/8 2022<\/p>\n","protected":false},"excerpt":{"rendered":"<p>Sigurd Lewerentz \u00e4r en av de st\u00f6rsta arkitekterna i modern tid kanske ocks\u00e5 en av de mest betydelsefulla konstn\u00e4rerna i Sverige n\u00e5gonsin. Men m\u00e4rkligt nog ocks\u00e5 en doldis vars namn inte m\u00e5nga k\u00e4nner till. V\u00e4rldsarvet Skogskyrkog\u00e5rden i Enskede (som han ritade med Gunnar Asplund vars namn de flesta d\u00e4remot k\u00e4nner till), Markuskyrkan i Bj\u00f6rkhagen och [&hellip;]<\/p>\n","protected":false},"author":1,"featured_media":0,"comment_status":"open","ping_status":"open","sticky":false,"template":"","format":"standard","meta":{"_acf_changed":false,"_et_pb_use_builder":"","_et_pb_old_content":"","_et_gb_content_width":"","_jetpack_newsletter_access":"","_jetpack_dont_email_post_to_subs":false,"_jetpack_newsletter_tier_id":0,"_jetpack_memberships_contains_paywalled_content":false,"_jetpack_feature_clip_id":0,"_jetpack_memberships_contains_paid_content":false,"footnotes":"","jetpack_post_was_ever_published":false},"categories":[19],"tags":[],"class_list":["post-210713","post","type-post","status-publish","format-standard","hentry","category-museer-utstallningar"],"acf":[],"jetpack_sharing_enabled":true,"jetpack_featured_media_url":"","_links":{"self":[{"href":"https:\/\/kulturista.se\/test\/wp-json\/wp\/v2\/posts\/210713","targetHints":{"allow":["GET"]}}],"collection":[{"href":"https:\/\/kulturista.se\/test\/wp-json\/wp\/v2\/posts"}],"about":[{"href":"https:\/\/kulturista.se\/test\/wp-json\/wp\/v2\/types\/post"}],"author":[{"embeddable":true,"href":"https:\/\/kulturista.se\/test\/wp-json\/wp\/v2\/users\/1"}],"replies":[{"embeddable":true,"href":"https:\/\/kulturista.se\/test\/wp-json\/wp\/v2\/comments?post=210713"}],"version-history":[{"count":15,"href":"https:\/\/kulturista.se\/test\/wp-json\/wp\/v2\/posts\/210713\/revisions"}],"predecessor-version":[{"id":213386,"href":"https:\/\/kulturista.se\/test\/wp-json\/wp\/v2\/posts\/210713\/revisions\/213386"}],"wp:attachment":[{"href":"https:\/\/kulturista.se\/test\/wp-json\/wp\/v2\/media?parent=210713"}],"wp:term":[{"taxonomy":"category","embeddable":true,"href":"https:\/\/kulturista.se\/test\/wp-json\/wp\/v2\/categories?post=210713"},{"taxonomy":"post_tag","embeddable":true,"href":"https:\/\/kulturista.se\/test\/wp-json\/wp\/v2\/tags?post=210713"}],"curies":[{"name":"wp","href":"https:\/\/api.w.org\/{rel}","templated":true}]}}