{"id":210696,"date":"2021-08-28T14:15:37","date_gmt":"2021-08-28T12:15:37","guid":{"rendered":"https:\/\/kulturista.se\/test\/?p=210696"},"modified":"2025-12-03T12:57:57","modified_gmt":"2025-12-03T11:57:57","slug":"carolina-falkholt-pa-cfhill","status":"publish","type":"post","link":"https:\/\/kulturista.se\/test\/carolina-falkholt-pa-cfhill\/","title":{"rendered":"Carolina Falkholt p\u00e5 CFHILL"},"content":{"rendered":"<p>De flesta f\u00f6rknippar kanske Carolina Falkholt med den stora, bl\u00e5 erigerade penisen hon m\u00e5lade p\u00e5 en v\u00e4gg p\u00e5 Kronobergsgatan i Stockholm 2018 och som skapade rabalder och fick m\u00e5las \u00f6ver bara efter n\u00e5gra dagar. Samma sak med den r\u00f6da penisen hon m\u00e5lade i New York, \u00e4ven den fick m\u00e5las \u00f6ver, s\u00e5 uppr\u00f6rdheten verkar vara universellt n\u00e4r det penisar.<\/p>\n<p>\u00c4ven kvinnans k\u00f6nsorgan uppr\u00f6r. 2014 best\u00e4llde Nyk\u00f6pings kommun ett verk av Carolina till en skola. Hon m\u00e5lade d\u00e5 en kvinnokropp med en fitta. Skolan svarade med att t\u00e4cka \u00f6ver verket med en tr\u00e4skiva (numera \u00e4r dock m\u00e5lningen \u00e5ter synlig). Hon kallar sig grafitta, synnerligen passande f\u00f6r en grafittikonstn\u00e4r.<\/p>\n<p>Men \u00e4r det inte lite sorgligt att motiven v\u00e4cker s\u00e5n anst\u00f6t? Debatten har tyv\u00e4rr landat i huruvida det \u00e4r r\u00e4tt eller fel att att avbilda k\u00f6n ist\u00e4llet f\u00f6r att diskutera hennes yrkeskunnande och konstn\u00e4rliga kvalit\u00e9er.<\/p>\n<p><img loading=\"lazy\" decoding=\"async\" class=\"aligncenter size-full wp-image-210697\" src=\"https:\/\/kulturista.se\/test\/wp-content\/uploads\/2021\/08\/falkholt1.jpg\" alt=\"\" width=\"1334\" height=\"885\" srcset=\"https:\/\/kulturista.se\/test\/wp-content\/uploads\/2021\/08\/falkholt1.jpg 1334w, https:\/\/kulturista.se\/test\/wp-content\/uploads\/2021\/08\/falkholt1-1280x849.jpg 1280w, https:\/\/kulturista.se\/test\/wp-content\/uploads\/2021\/08\/falkholt1-980x650.jpg 980w, https:\/\/kulturista.se\/test\/wp-content\/uploads\/2021\/08\/falkholt1-480x318.jpg 480w\" sizes=\"(min-width: 0px) and (max-width: 480px) 480px, (min-width: 481px) and (max-width: 980px) 980px, (min-width: 981px) and (max-width: 1280px) 1280px, (min-width: 1281px) 1334px, 100vw\" \/><\/p>\n<p><em>Ovan: Genom min svarta blick och ut ur min fitta. Foto CFHILL <\/em><\/p>\n<p>I utst\u00e4llningen\u00a0 <em>Du f\u00e5r dansa i min park<\/em> g\u00f6r Caroline sin allra f\u00f6rsta galleriutst\u00e4llning.\u00a0 H\u00e4r har hon bytt ut sina stora muraler mot duk och teckning, hennes omissk\u00e4nnliga stil med kraftiga f\u00e4rger och organiska n\u00e4tm\u00f6nster som ibland liknar fiskfj\u00e4ll och fiskrom finns dock kvar. Jag har undrat lite \u00f6ver hur hon skapar dem, s\u00e5 jag passade p\u00e5 och fr\u00e5gade och svaret blev &#8211; Jag ritar dem ungef\u00e4r som telefonklotter, i cirklar.<\/p>\n<p><img loading=\"lazy\" decoding=\"async\" class=\"aligncenter size-full wp-image-210698\" src=\"https:\/\/kulturista.se\/test\/wp-content\/uploads\/2021\/08\/falkholt3.jpg\" alt=\"\" width=\"1334\" height=\"885\" srcset=\"https:\/\/kulturista.se\/test\/wp-content\/uploads\/2021\/08\/falkholt3.jpg 1334w, https:\/\/kulturista.se\/test\/wp-content\/uploads\/2021\/08\/falkholt3-1280x849.jpg 1280w, https:\/\/kulturista.se\/test\/wp-content\/uploads\/2021\/08\/falkholt3-980x650.jpg 980w, https:\/\/kulturista.se\/test\/wp-content\/uploads\/2021\/08\/falkholt3-480x318.jpg 480w\" sizes=\"(min-width: 0px) and (max-width: 480px) 480px, (min-width: 481px) and (max-width: 980px) 980px, (min-width: 981px) and (max-width: 1280px) 1280px, (min-width: 1281px) 1334px, 100vw\" \/><\/p>\n<p><em>Ovan v\u00e4nster: Lyfta fram det systematiska i det skenbart kaotiska<br \/>\nOvan h\u00f6ger: Ride w me (Foto: CFHILL)<\/em><\/p>\n<p>Carolina\u00a0 Falkholt har f\u00e5tt flera offentliga uppdrag tidigare, hennes magiska vita t\u00e5gvagn med sirligt m\u00f6nster som m\u00f6ter mitt ute i skogen i Wan\u00e5s skulpturpark \u00e4r ett fint exempel, Butterfly, en mural i Ystad\u00a0 en annan, likas\u00e5 muralen\u00a0 Pi i Halmstad.<\/p>\n<p>CFHILL Malmskillnadsgatan ett urbant mindre galleri mitt i city ger en perfekt inramning till Carolines omissk\u00e4nnliga konst med sagov\u00e4sen och m\u00e4rkliga kroppar kl\u00e4dda i snirkliga m\u00f6nster. Jag fascineras \u00f6ver hennes kreativitet och motiv, som sagor, d\u00e4r h\u00e4xor och fantasifigurer bor, b\u00e5de vackra och lite skr\u00e4mmande och inte minst lockande.<\/p>\n<p><img loading=\"lazy\" decoding=\"async\" class=\"aligncenter size-full wp-image-210699\" src=\"https:\/\/kulturista.se\/test\/wp-content\/uploads\/2021\/08\/falkholt2.jpg\" alt=\"\" width=\"1334\" height=\"885\" srcset=\"https:\/\/kulturista.se\/test\/wp-content\/uploads\/2021\/08\/falkholt2.jpg 1334w, https:\/\/kulturista.se\/test\/wp-content\/uploads\/2021\/08\/falkholt2-1280x849.jpg 1280w, https:\/\/kulturista.se\/test\/wp-content\/uploads\/2021\/08\/falkholt2-980x650.jpg 980w, https:\/\/kulturista.se\/test\/wp-content\/uploads\/2021\/08\/falkholt2-480x318.jpg 480w\" sizes=\"(min-width: 0px) and (max-width: 480px) 480px, (min-width: 481px) and (max-width: 980px) 980px, (min-width: 981px) and (max-width: 1280px) 1280px, (min-width: 1281px) 1334px, 100vw\" \/><\/p>\n<p><em>Ovan v\u00e4nster: Eskilstunarosen (Foto: CFHILL)<br \/>\n<\/em><em>Ovan h\u00f6ger: Carolina Falkholt (Foto: Kulturista)<\/em><\/p>\n<p>Utst\u00e4llningen Du f\u00e5r dansa i min park visas till 6\/10 2021<\/p>\n<p>CFHILL, Malmskillnadsgatan 38B<br \/>\nHemsida: <a href=\"https:\/\/www.cfhill.com\/\" target=\"_blank\" rel=\"noopener\"><em><strong>https:\/\/www.cfhill.com\/<\/strong><\/em><\/a><\/p>\n<p>\u00d6ppettider:<br \/>\nTisdag \u2013 Fredag 11.30 -19.00<br \/>\nL\u00f6rdag 12.00 \u2013 16.00<\/p>\n","protected":false},"excerpt":{"rendered":"<p>De flesta f\u00f6rknippar kanske Carolina Falkholt med den stora, bl\u00e5 erigerade penisen hon m\u00e5lade p\u00e5 en v\u00e4gg p\u00e5 Kronobergsgatan i Stockholm 2018 och som skapade rabalder och fick m\u00e5las \u00f6ver bara efter n\u00e5gra dagar. Samma sak med den r\u00f6da penisen hon m\u00e5lade i New York, \u00e4ven den fick m\u00e5las \u00f6ver, s\u00e5 uppr\u00f6rdheten verkar vara universellt [&hellip;]<\/p>\n","protected":false},"author":1,"featured_media":0,"comment_status":"open","ping_status":"open","sticky":false,"template":"","format":"standard","meta":{"_acf_changed":false,"_et_pb_use_builder":"","_et_pb_old_content":"","_et_gb_content_width":"","_jetpack_newsletter_access":"","_jetpack_dont_email_post_to_subs":false,"_jetpack_newsletter_tier_id":0,"_jetpack_memberships_contains_paywalled_content":false,"_jetpack_feature_clip_id":0,"_jetpack_memberships_contains_paid_content":false,"footnotes":"","jetpack_post_was_ever_published":false},"categories":[19],"tags":[],"class_list":["post-210696","post","type-post","status-publish","format-standard","hentry","category-museer-utstallningar"],"acf":[],"jetpack_sharing_enabled":true,"jetpack_featured_media_url":"","_links":{"self":[{"href":"https:\/\/kulturista.se\/test\/wp-json\/wp\/v2\/posts\/210696","targetHints":{"allow":["GET"]}}],"collection":[{"href":"https:\/\/kulturista.se\/test\/wp-json\/wp\/v2\/posts"}],"about":[{"href":"https:\/\/kulturista.se\/test\/wp-json\/wp\/v2\/types\/post"}],"author":[{"embeddable":true,"href":"https:\/\/kulturista.se\/test\/wp-json\/wp\/v2\/users\/1"}],"replies":[{"embeddable":true,"href":"https:\/\/kulturista.se\/test\/wp-json\/wp\/v2\/comments?post=210696"}],"version-history":[{"count":11,"href":"https:\/\/kulturista.se\/test\/wp-json\/wp\/v2\/posts\/210696\/revisions"}],"predecessor-version":[{"id":210710,"href":"https:\/\/kulturista.se\/test\/wp-json\/wp\/v2\/posts\/210696\/revisions\/210710"}],"wp:attachment":[{"href":"https:\/\/kulturista.se\/test\/wp-json\/wp\/v2\/media?parent=210696"}],"wp:term":[{"taxonomy":"category","embeddable":true,"href":"https:\/\/kulturista.se\/test\/wp-json\/wp\/v2\/categories?post=210696"},{"taxonomy":"post_tag","embeddable":true,"href":"https:\/\/kulturista.se\/test\/wp-json\/wp\/v2\/tags?post=210696"}],"curies":[{"name":"wp","href":"https:\/\/api.w.org\/{rel}","templated":true}]}}