{"id":210656,"date":"2021-08-17T14:43:05","date_gmt":"2021-08-17T12:43:05","guid":{"rendered":"https:\/\/kulturista.se\/test\/?p=210656"},"modified":"2026-01-10T23:00:21","modified_gmt":"2026-01-10T22:00:21","slug":"liljevalchs","status":"publish","type":"post","link":"https:\/\/kulturista.se\/test\/liljevalchs\/","title":{"rendered":"Liljevalchs+"},"content":{"rendered":"<p>Jag har l\u00e4nge tyckt att utbyggnaden av Liljevalchs varit en styggelse. En tung klump betong, en sarkofag. Men jag hade fel. Liljevalchs+ \u00e4r ett smyckeskrin! Exteri\u00f6ren till trots, Gert du \u00e4r f\u00f6rl\u00e5ten, men bygg mindre i betong fram\u00f6ver.<\/p>\n<p>Jag har allts\u00e5 bes\u00f6kt den nyinvigda tillbyggnaden av Liljevalchs, den vackra konsthallen byggd i 20-tals klassisism och som nu f\u00e5tt en betongklump f\u00e4st intill sin sm\u00e4ckra kropp. Gert Wing\u00e5rdhs kritiserade tillbyggnad i betong med h\u00e5l. H\u00e5l fyllda med glasbottnar formgivna av Ingegerd R\u00e5man. Och visst finns det anledning att vara en smula kritisk, uttrycket passar mycket illa i omgivningarna och betong som byggmaterial \u00e4r ett mycket kontroversiellt byggmaterial i milj\u00f6sammanhang.<\/p>\n<p><img loading=\"lazy\" decoding=\"async\" src=\"https:\/\/kulturista.se\/test\/wp-content\/uploads\/2021\/08\/liljevalchs2.jpg\" class=\"aligncenter size-full wp-image-210660\" alt=\"\" width=\"1334\" height=\"885\" srcset=\"https:\/\/kulturista.se\/test\/wp-content\/uploads\/2021\/08\/liljevalchs2.jpg 1334w, https:\/\/kulturista.se\/test\/wp-content\/uploads\/2021\/08\/liljevalchs2-1280x849.jpg 1280w, https:\/\/kulturista.se\/test\/wp-content\/uploads\/2021\/08\/liljevalchs2-980x650.jpg 980w, https:\/\/kulturista.se\/test\/wp-content\/uploads\/2021\/08\/liljevalchs2-480x318.jpg 480w\" sizes=\"(min-width: 0px) and (max-width: 480px) 480px, (min-width: 481px) and (max-width: 980px) 980px, (min-width: 981px) and (max-width: 1280px) 1280px, (min-width: 1281px) 1334px, 100vw\" \/><\/p>\n<p>Men den nya konsthallen \u00e4r s\u00e5 snillrikt byggt och de fantastiska ljusinsl\u00e4ppen skapade med 166 glaslanterninerna i taket g\u00f6r ljuset i konsthallarna n\u00e4ra nog magiskt. Huset luktar fortfarande p\u00e5tagligt av fuktig betong n\u00e4r jag bes\u00f6ker Liljevalchs och jag funderar lite p\u00e5 hur betongen kan upplevas s\u00e5 olika. Fr\u00e5n h\u00e5rd och stum till l\u00e4tt och len. H\u00e4r definitivt det senare. Som konsthall betraktat f\u00e5r byggnaden d\u00e4rf\u00f6r ett mycket h\u00f6gt betyg i min bok, det k\u00e4nns n\u00e4stan som att g\u00e5 omkring i en katedral i de sakrala rummen och jag kan se framf\u00f6r mig hur det kommer att visas fantastisk konst h\u00e4r fram\u00f6ver.<\/p>\n<p><img loading=\"lazy\" decoding=\"async\" src=\"https:\/\/kulturista.se\/test\/wp-content\/uploads\/2021\/08\/liljevalchs3.jpg\" class=\"aligncenter size-full wp-image-210664\" alt=\"\" width=\"1334\" height=\"885\" srcset=\"https:\/\/kulturista.se\/test\/wp-content\/uploads\/2021\/08\/liljevalchs3.jpg 1334w, https:\/\/kulturista.se\/test\/wp-content\/uploads\/2021\/08\/liljevalchs3-1280x849.jpg 1280w, https:\/\/kulturista.se\/test\/wp-content\/uploads\/2021\/08\/liljevalchs3-980x650.jpg 980w, https:\/\/kulturista.se\/test\/wp-content\/uploads\/2021\/08\/liljevalchs3-480x318.jpg 480w\" sizes=\"(min-width: 0px) and (max-width: 480px) 480px, (min-width: 481px) and (max-width: 980px) 980px, (min-width: 981px) and (max-width: 1280px) 1280px, (min-width: 1281px) 1334px, 100vw\" \/><\/p>\n<p><img loading=\"lazy\" decoding=\"async\" src=\"https:\/\/kulturista.se\/test\/wp-content\/uploads\/2021\/08\/liljevalchs1.jpg\" class=\"aligncenter size-full wp-image-210659\" alt=\"\" width=\"1334\" height=\"885\" srcset=\"https:\/\/kulturista.se\/test\/wp-content\/uploads\/2021\/08\/liljevalchs1.jpg 1334w, https:\/\/kulturista.se\/test\/wp-content\/uploads\/2021\/08\/liljevalchs1-1280x849.jpg 1280w, https:\/\/kulturista.se\/test\/wp-content\/uploads\/2021\/08\/liljevalchs1-980x650.jpg 980w, https:\/\/kulturista.se\/test\/wp-content\/uploads\/2021\/08\/liljevalchs1-480x318.jpg 480w\" sizes=\"(min-width: 0px) and (max-width: 480px) 480px, (min-width: 481px) and (max-width: 980px) 980px, (min-width: 981px) and (max-width: 1280px) 1280px, (min-width: 1281px) 1334px, 100vw\" \/><\/p>\n<p><em>Ovan, Videoverket Vattenfall samt glas av Ingegerd R\u00e5man Foto: Mattias Lindb\u00e4ck<\/em><\/p>\n<p>Debatten om Stockholms nya museibyggnad Liljevalchs+ har g\u00e5tt h\u00f6g och kritiken har oftast r\u00f6rt det estetiska och n\u00e4r det g\u00e4ller estetik \u00e4r ju det fr\u00e5ga om tycke och smak, och smaken \u00e4r ju som bekant som baken, s\u00e5 det \u00e4r ju inte s\u00e5 konstigt.<\/p>\n<p>Det har d\u00e4remot varit oroande tyst kring betongen. Jag kan inte minnas att jag har l\u00e4st n\u00e5got om h\u00e5llbarhetsaspekten i kritiken mot byggnaden. Jag kan tycka att invigningen som sker samtidigt som IPCCs klimatrapport och Cementas milj\u00f6p\u00e5verkan p\u00e5 Gotland s\u00e4ger en del om hur vi kollektivt sticker huvudet i sanden. Och jag kan ocks\u00e5 tycka att Wing\u00e5rdh har ett ansvar i den fr\u00e5gan.<\/p>\n<p><img loading=\"lazy\" decoding=\"async\" src=\"https:\/\/kulturista.se\/test\/wp-content\/uploads\/2021\/08\/liljevalchs4.jpg\" class=\"aligncenter size-full wp-image-210670\" alt=\"\" width=\"1334\" height=\"885\" srcset=\"https:\/\/kulturista.se\/test\/wp-content\/uploads\/2021\/08\/liljevalchs4.jpg 1334w, https:\/\/kulturista.se\/test\/wp-content\/uploads\/2021\/08\/liljevalchs4-1280x849.jpg 1280w, https:\/\/kulturista.se\/test\/wp-content\/uploads\/2021\/08\/liljevalchs4-980x650.jpg 980w, https:\/\/kulturista.se\/test\/wp-content\/uploads\/2021\/08\/liljevalchs4-480x318.jpg 480w\" sizes=\"(min-width: 0px) and (max-width: 480px) 480px, (min-width: 481px) and (max-width: 980px) 980px, (min-width: 981px) and (max-width: 1280px) 1280px, (min-width: 1281px) 1334px, 100vw\" \/><\/p>\n<p><em>Ovan Bea Szenfelds Bebisar Foto: Mattias Lindb\u00e4ck<\/em><\/p>\n<p>Just nu visas tre stycken utst\u00e4llningar i nybyggnaden. Gert Wing\u00e5rdh, Ingegerd R\u00e5man och Bea Szenfeldt<br \/>\nDe utst\u00e4llningarna \u00e4r lite ljumma kan man tycka, Beas verk \u00e4r visade redan tidigare p\u00e5 Liljevalchs och Ingegerd vackra glas \u00f6vergl\u00e4nses av rummet, \u00e4ven Gerts utst\u00e4llning \u00e4r lite lam, men jag tror att det \u00e4r precis s\u00e5 man vill ha det nu till invigningen. Att l\u00e5ta utst\u00e4llningsrummen spela f\u00f6rstafiolen.<\/p>\n<p><img loading=\"lazy\" decoding=\"async\" src=\"https:\/\/kulturista.se\/test\/wp-content\/uploads\/2021\/08\/liljevalchs5.jpg\" class=\"aligncenter size-full wp-image-210671\" alt=\"\" width=\"1334\" height=\"885\" srcset=\"https:\/\/kulturista.se\/test\/wp-content\/uploads\/2021\/08\/liljevalchs5.jpg 1334w, https:\/\/kulturista.se\/test\/wp-content\/uploads\/2021\/08\/liljevalchs5-1280x849.jpg 1280w, https:\/\/kulturista.se\/test\/wp-content\/uploads\/2021\/08\/liljevalchs5-980x650.jpg 980w, https:\/\/kulturista.se\/test\/wp-content\/uploads\/2021\/08\/liljevalchs5-480x318.jpg 480w\" sizes=\"(min-width: 0px) and (max-width: 480px) 480px, (min-width: 481px) and (max-width: 980px) 980px, (min-width: 981px) and (max-width: 1280px) 1280px, (min-width: 1281px) 1334px, 100vw\" \/><\/p>\n<p><em>Ovan modeller Gert Wing\u00e5rdhs byggnader Foto: Mattias Lindb\u00e4ck<\/em><\/p>\n<p>Fram till den 12\/9 visas \u00e4ven en mycket intressant film om husets bygge. Kajsa Anders\u00f6 och Tomas Boman har f\u00f6ljt arbetet med tillbyggnaden Liljevalchs+ sedan 2013. Det som till synes ser ut att vara en enkel konstruktion visar sig i sj\u00e4lva verket vara mycket sv\u00e5rt och oerh\u00f6rt komplicerat. Missa d\u00e4rf\u00f6r inte filmen om du bes\u00f6ker Liljevalchs+<\/p>\n<p>Liljevalchs, Djurg\u00e5rdsv\u00e4gen 60<br \/>\nTel:08-508 31 330<br \/>\nHemsida: <strong><em><a href=\"https:\/\/liljevalchs.se\/\" target=\"_blank\" rel=\"noopener\">https:\/\/liljevalchs.se\/<\/a><\/em><\/strong><\/p>\n<p>\u00d6ppettider:<br \/>\nM\u00e5ndag 11\u201317, fri entr\u00e9<br \/>\nTisdag och torsdag 11\u201319<br \/>\nOnsdag samt fredag\u2013s\u00f6ndag 11\u201317<\/p>\n<p>&nbsp;<\/p>\n<p>&nbsp;<\/p>\n<p>&nbsp;<\/p>\n<p>&nbsp;<\/p>\n","protected":false},"excerpt":{"rendered":"<p>Jag har l\u00e4nge tyckt att utbyggnaden av Liljevalchs varit en styggelse. En tung klump betong, en sarkofag. Men jag hade fel. Liljevalchs+ \u00e4r ett smyckeskrin! Exteri\u00f6ren till trots, Gert du \u00e4r f\u00f6rl\u00e5ten, men bygg mindre i betong fram\u00f6ver. Jag har allts\u00e5 bes\u00f6kt den nyinvigda tillbyggnaden av Liljevalchs, den vackra konsthallen byggd i 20-tals klassisism och [&hellip;]<\/p>\n","protected":false},"author":1,"featured_media":0,"comment_status":"open","ping_status":"open","sticky":false,"template":"","format":"standard","meta":{"_acf_changed":false,"_et_pb_use_builder":"","_et_pb_old_content":"","_et_gb_content_width":"","_jetpack_newsletter_access":"","_jetpack_dont_email_post_to_subs":false,"_jetpack_newsletter_tier_id":0,"_jetpack_memberships_contains_paywalled_content":false,"_jetpack_feature_clip_id":0,"_jetpack_memberships_contains_paid_content":false,"footnotes":"","jetpack_post_was_ever_published":false},"categories":[19],"tags":[],"class_list":["post-210656","post","type-post","status-publish","format-standard","hentry","category-museer-utstallningar"],"acf":[],"jetpack_sharing_enabled":true,"jetpack_featured_media_url":"","_links":{"self":[{"href":"https:\/\/kulturista.se\/test\/wp-json\/wp\/v2\/posts\/210656","targetHints":{"allow":["GET"]}}],"collection":[{"href":"https:\/\/kulturista.se\/test\/wp-json\/wp\/v2\/posts"}],"about":[{"href":"https:\/\/kulturista.se\/test\/wp-json\/wp\/v2\/types\/post"}],"author":[{"embeddable":true,"href":"https:\/\/kulturista.se\/test\/wp-json\/wp\/v2\/users\/1"}],"replies":[{"embeddable":true,"href":"https:\/\/kulturista.se\/test\/wp-json\/wp\/v2\/comments?post=210656"}],"version-history":[{"count":14,"href":"https:\/\/kulturista.se\/test\/wp-json\/wp\/v2\/posts\/210656\/revisions"}],"predecessor-version":[{"id":210675,"href":"https:\/\/kulturista.se\/test\/wp-json\/wp\/v2\/posts\/210656\/revisions\/210675"}],"wp:attachment":[{"href":"https:\/\/kulturista.se\/test\/wp-json\/wp\/v2\/media?parent=210656"}],"wp:term":[{"taxonomy":"category","embeddable":true,"href":"https:\/\/kulturista.se\/test\/wp-json\/wp\/v2\/categories?post=210656"},{"taxonomy":"post_tag","embeddable":true,"href":"https:\/\/kulturista.se\/test\/wp-json\/wp\/v2\/tags?post=210656"}],"curies":[{"name":"wp","href":"https:\/\/api.w.org\/{rel}","templated":true}]}}