{"id":210615,"date":"2021-08-10T14:30:17","date_gmt":"2021-08-10T12:30:17","guid":{"rendered":"https:\/\/kulturista.se\/test\/?p=210615"},"modified":"2026-08-22T03:20:45","modified_gmt":"2026-08-22T01:20:45","slug":"skulpturon-oja","status":"publish","type":"post","link":"https:\/\/kulturista.se\/test\/skulpturon-oja\/","title":{"rendered":"Skulptur\u00f6n \u00d6ja"},"content":{"rendered":"<p>L\u00e4ngst s\u00f6derut i Stockholms sk\u00e4rg\u00e5rd, p\u00e5 den gamla tull- och lots\u00f6n \u00d6ja, kanske mer k\u00e4nd som Landsort efter sin fyr, Sveriges \u00e4ldsta, p\u00e5g\u00e5r fram till 28 augusti en jubileumsutst\u00e4llning d\u00e4r man firar <em>30 \u00e5r med skulpturer p\u00e5 \u00d6ja<\/em>. En utst\u00e4llning till Arthur Hultings minne.<\/p>\n<p><img loading=\"lazy\" decoding=\"async\" class=\"aligncenter size-full wp-image-210617\" src=\"https:\/\/kulturista.se\/test\/wp-content\/uploads\/2021\/08\/oja1.jpg\" alt=\"\" width=\"1334\" height=\"885\" srcset=\"https:\/\/kulturista.se\/test\/wp-content\/uploads\/2021\/08\/oja1.jpg 1334w, https:\/\/kulturista.se\/test\/wp-content\/uploads\/2021\/08\/oja1-1280x849.jpg 1280w, https:\/\/kulturista.se\/test\/wp-content\/uploads\/2021\/08\/oja1-980x650.jpg 980w, https:\/\/kulturista.se\/test\/wp-content\/uploads\/2021\/08\/oja1-480x318.jpg 480w\" sizes=\"(min-width: 0px) and (max-width: 480px) 480px, (min-width: 481px) and (max-width: 980px) 980px, (min-width: 981px) and (max-width: 1280px) 1280px, (min-width: 1281px) 1334px, 100vw\" \/><\/p>\n<p><em>H\u00f6ger: Stabil, Lars Englund<\/em><\/p>\n<p>1991 startade Arthur projektet med att l\u00e5ta uppf\u00f6ra skulpturer runt om p\u00e5 \u00f6n och 23 skulpturutst\u00e4llningar kring Landsorts fyr hanns med innan han l\u00e4mnade jordelivet 2016. Hans\u00a0 vision var att bygga en utst\u00e4llning med med himlen som tak och horisonten som fond. Under \u00e5rens lopp\u00a0 lockade han ett helt knippe duktiga konstn\u00e4rer och kulturpersonligheter till \u00f6n som blivit ett offentligt rum f\u00f6r skulpturer skapade av flera av Sveriges mest namnkunniga konstn\u00e4rer.<\/p>\n<p><img loading=\"lazy\" decoding=\"async\" class=\"aligncenter size-full wp-image-210620\" src=\"https:\/\/kulturista.se\/test\/wp-content\/uploads\/2021\/08\/oja4.jpg\" alt=\"\" width=\"1334\" height=\"885\" srcset=\"https:\/\/kulturista.se\/test\/wp-content\/uploads\/2021\/08\/oja4.jpg 1334w, https:\/\/kulturista.se\/test\/wp-content\/uploads\/2021\/08\/oja4-1280x849.jpg 1280w, https:\/\/kulturista.se\/test\/wp-content\/uploads\/2021\/08\/oja4-980x650.jpg 980w, https:\/\/kulturista.se\/test\/wp-content\/uploads\/2021\/08\/oja4-480x318.jpg 480w\" sizes=\"(min-width: 0px) and (max-width: 480px) 480px, (min-width: 481px) and (max-width: 980px) 980px, (min-width: 981px) and (max-width: 1280px) 1280px, (min-width: 1281px) 1334px, 100vw\" \/><\/p>\n<p><em>V\u00e4nster: Well (K\u00e4llan) Evert Forsn\u00e4s<\/em><\/p>\n<p>Flera skulpturer st\u00e5r d\u00e4r permanent och nu i \u00e5r 30 \u00e5r senare genomf\u00f6rs en jubileumsutst\u00e4llning, <em>30 \u00e5r med skulpturer p\u00e5 \u00d6ja.\u00a0<\/em>Inte mindre \u00e4n 36 skulpturer finns utplacerade l\u00e4ngs en fin promenadv\u00e4g kring hamnarna och fyren somliga stora, andra mindre.<\/p>\n<p><img loading=\"lazy\" decoding=\"async\" class=\"aligncenter size-full wp-image-210618\" src=\"https:\/\/kulturista.se\/test\/wp-content\/uploads\/2021\/08\/oja2.jpg\" alt=\"\" width=\"1334\" height=\"885\" srcset=\"https:\/\/kulturista.se\/test\/wp-content\/uploads\/2021\/08\/oja2.jpg 1334w, https:\/\/kulturista.se\/test\/wp-content\/uploads\/2021\/08\/oja2-1280x849.jpg 1280w, https:\/\/kulturista.se\/test\/wp-content\/uploads\/2021\/08\/oja2-980x650.jpg 980w, https:\/\/kulturista.se\/test\/wp-content\/uploads\/2021\/08\/oja2-480x318.jpg 480w\" sizes=\"(min-width: 0px) and (max-width: 480px) 480px, (min-width: 481px) and (max-width: 980px) 980px, (min-width: 981px) and (max-width: 1280px) 1280px, (min-width: 1281px) 1334px, 100vw\" \/><\/p>\n<p>V\u00e4nster: Hus 109, Lars \u00c5ke \u00c5berg<\/p>\n<p><img loading=\"lazy\" decoding=\"async\" class=\"aligncenter size-full wp-image-210619\" src=\"https:\/\/kulturista.se\/test\/wp-content\/uploads\/2021\/08\/oja3.jpg\" alt=\"\" width=\"1334\" height=\"885\" srcset=\"https:\/\/kulturista.se\/test\/wp-content\/uploads\/2021\/08\/oja3.jpg 1334w, https:\/\/kulturista.se\/test\/wp-content\/uploads\/2021\/08\/oja3-1280x849.jpg 1280w, https:\/\/kulturista.se\/test\/wp-content\/uploads\/2021\/08\/oja3-980x650.jpg 980w, https:\/\/kulturista.se\/test\/wp-content\/uploads\/2021\/08\/oja3-480x318.jpg 480w\" sizes=\"(min-width: 0px) and (max-width: 480px) 480px, (min-width: 481px) and (max-width: 980px) 980px, (min-width: 981px) and (max-width: 1280px) 1280px, (min-width: 1281px) 1334px, 100vw\" \/><\/p>\n<p>\u00d6ja som ligger l\u00e4gst ute i kustbandet \u00e4r en otroligt vacker \u00f6 med kala klippor och p\u00e5minner inte s\u00e5 lite om Saltkr\u00e5kan och h\u00e4r finns f\u00f6rutom skulpturerna mycket att se och uppt\u00e4cka. Ett bes\u00f6k i fyren Landsort, Sveriges \u00e4ldsta, som uppf\u00f6rdes redan 1670 kanske? Sol och bad fr\u00e5n n\u00e5got av de vackra klipporna? Och om du inte har med dig mats\u00e4ck \u00e4r ett bes\u00f6k p\u00e5 <strong><em>Saltboden K\u00f6k &amp; Proviant<\/em><\/strong> i den v\u00e4stra hamnen trevligt.<\/p>\n<p><img loading=\"lazy\" decoding=\"async\" class=\"aligncenter size-full wp-image-210621\" src=\"https:\/\/kulturista.se\/test\/wp-content\/uploads\/2021\/08\/oja5.jpg\" alt=\"\" width=\"1334\" height=\"885\" srcset=\"https:\/\/kulturista.se\/test\/wp-content\/uploads\/2021\/08\/oja5.jpg 1334w, https:\/\/kulturista.se\/test\/wp-content\/uploads\/2021\/08\/oja5-1280x849.jpg 1280w, https:\/\/kulturista.se\/test\/wp-content\/uploads\/2021\/08\/oja5-980x650.jpg 980w, https:\/\/kulturista.se\/test\/wp-content\/uploads\/2021\/08\/oja5-480x318.jpg 480w\" sizes=\"(min-width: 0px) and (max-width: 480px) 480px, (min-width: 481px) and (max-width: 980px) 980px, (min-width: 981px) and (max-width: 1280px) 1280px, (min-width: 1281px) 1334px, 100vw\" \/><\/p>\n<p>H\u00f6ger: Flyg min v\u00e4n, Joze Strazar<\/p>\n<p>Jag tycker mig f\u00f6r \u00f6vrigt se en trend i intresset av skulptur i natur, vi har sedan tidigare <a href=\"https:\/\/www.pilane.org\/\" target=\"_blank\" rel=\"noopener\"><em><strong>Skulptur i Pilane<\/strong><\/em><\/a> p\u00e5 Tj\u00f6rn, <a href=\"https:\/\/wanaskonst.se\/\" target=\"_blank\" rel=\"noopener\"><em><strong>Wan\u00e5s skulpturpark<\/strong><\/em><\/a>\u00a0 i Sk\u00e5ne, <a href=\"https:\/\/umedalenskulptur.org\/\" target=\"_blank\" rel=\"noopener\"><em><strong>Umedalens skulpturpark<\/strong><\/em><\/a> i Ume\u00e5, samt den nyligen startade <a href=\"https:\/\/www.preks.se\/\" target=\"_blank\" rel=\"noopener\"><em><strong>PREKS<\/strong><\/em><\/a> (Prinsessan Estelles kulturstiftelse) p\u00e5 Djurg\u00e5rden i Stockholm.<\/p>\n<p>&nbsp;<\/p>\n<p>&nbsp;<\/p>\n<p>&nbsp;<\/p>\n<p>&nbsp;<\/p>\n<p>&nbsp;<\/p>\n","protected":false},"excerpt":{"rendered":"<p>L\u00e4ngst s\u00f6derut i Stockholms sk\u00e4rg\u00e5rd, p\u00e5 den gamla tull- och lots\u00f6n \u00d6ja, kanske mer k\u00e4nd som Landsort efter sin fyr, Sveriges \u00e4ldsta, p\u00e5g\u00e5r fram till 28 augusti en jubileumsutst\u00e4llning d\u00e4r man firar 30 \u00e5r med skulpturer p\u00e5 \u00d6ja. En utst\u00e4llning till Arthur Hultings minne. H\u00f6ger: Stabil, Lars Englund 1991 startade Arthur projektet med att l\u00e5ta [&hellip;]<\/p>\n","protected":false},"author":1,"featured_media":0,"comment_status":"open","ping_status":"open","sticky":false,"template":"","format":"standard","meta":{"_acf_changed":false,"_et_pb_use_builder":"","_et_pb_old_content":"","_et_gb_content_width":"","_jetpack_newsletter_access":"","_jetpack_dont_email_post_to_subs":false,"_jetpack_newsletter_tier_id":0,"_jetpack_memberships_contains_paywalled_content":false,"_jetpack_feature_clip_id":0,"_jetpack_memberships_contains_paid_content":false,"footnotes":"","jetpack_post_was_ever_published":false},"categories":[19],"tags":[],"class_list":["post-210615","post","type-post","status-publish","format-standard","hentry","category-museer-utstallningar"],"acf":[],"jetpack_sharing_enabled":true,"jetpack_featured_media_url":"","_links":{"self":[{"href":"https:\/\/kulturista.se\/test\/wp-json\/wp\/v2\/posts\/210615","targetHints":{"allow":["GET"]}}],"collection":[{"href":"https:\/\/kulturista.se\/test\/wp-json\/wp\/v2\/posts"}],"about":[{"href":"https:\/\/kulturista.se\/test\/wp-json\/wp\/v2\/types\/post"}],"author":[{"embeddable":true,"href":"https:\/\/kulturista.se\/test\/wp-json\/wp\/v2\/users\/1"}],"replies":[{"embeddable":true,"href":"https:\/\/kulturista.se\/test\/wp-json\/wp\/v2\/comments?post=210615"}],"version-history":[{"count":9,"href":"https:\/\/kulturista.se\/test\/wp-json\/wp\/v2\/posts\/210615\/revisions"}],"predecessor-version":[{"id":210629,"href":"https:\/\/kulturista.se\/test\/wp-json\/wp\/v2\/posts\/210615\/revisions\/210629"}],"wp:attachment":[{"href":"https:\/\/kulturista.se\/test\/wp-json\/wp\/v2\/media?parent=210615"}],"wp:term":[{"taxonomy":"category","embeddable":true,"href":"https:\/\/kulturista.se\/test\/wp-json\/wp\/v2\/categories?post=210615"},{"taxonomy":"post_tag","embeddable":true,"href":"https:\/\/kulturista.se\/test\/wp-json\/wp\/v2\/tags?post=210615"}],"curies":[{"name":"wp","href":"https:\/\/api.w.org\/{rel}","templated":true}]}}