{"id":210612,"date":"2021-08-13T13:19:37","date_gmt":"2021-08-13T11:19:37","guid":{"rendered":"https:\/\/kulturista.se\/test\/?p=210612"},"modified":"2026-08-22T03:01:35","modified_gmt":"2026-08-22T01:01:35","slug":"hertha-hillfon-pa-fabriken","status":"publish","type":"post","link":"https:\/\/kulturista.se\/test\/hertha-hillfon-pa-fabriken\/","title":{"rendered":"Hertha Hillfon p\u00e5 Fabriken"},"content":{"rendered":"<p>I somras bes\u00f6kte jag <a href=\"http:\/\/fabrikenbastekille.se\/\" target=\"_blank\" rel=\"noopener\"><em><strong>Fabriken i B\u00e4stekille<\/strong><\/em><\/a> som visar en utst\u00e4llning med Hertha Hillfon. Giganten inom keramisk konst. Keramikern som skalade upp fr\u00e5n bruksf\u00f6rem\u00e5l f\u00f6r att n\u00e4rma sig konsten med sina stora abstrakta skulpturer. Till en b\u00f6rjan chockades konstsverige, s\u00e5d\u00e4r f\u00e5r man v\u00e4l inte g\u00f6ra? Men Hertha blev med tiden en mycket uppskattad och folkk\u00e4r konstn\u00e4r. Mycket tack vare uppdraget hon fick att g\u00f6ra en skulptur av Astrid Lindgren, ocks\u00e5 hon en mycket folkk\u00e4r person.<\/p>\n<p><img loading=\"lazy\" decoding=\"async\" class=\"aligncenter size-full wp-image-210639\" src=\"https:\/\/kulturista.se\/test\/wp-content\/uploads\/2021\/08\/hertha1.jpg\" alt=\"\" width=\"1334\" height=\"885\" srcset=\"https:\/\/kulturista.se\/test\/wp-content\/uploads\/2021\/08\/hertha1.jpg 1334w, https:\/\/kulturista.se\/test\/wp-content\/uploads\/2021\/08\/hertha1-1280x849.jpg 1280w, https:\/\/kulturista.se\/test\/wp-content\/uploads\/2021\/08\/hertha1-980x650.jpg 980w, https:\/\/kulturista.se\/test\/wp-content\/uploads\/2021\/08\/hertha1-480x318.jpg 480w\" sizes=\"(min-width: 0px) and (max-width: 480px) 480px, (min-width: 481px) and (max-width: 980px) 980px, (min-width: 981px) and (max-width: 1280px) 1280px, (min-width: 1281px) 1334px, 100vw\" \/><\/p>\n<p><em>Foto: Claes Hall\/DN<\/em><\/p>\n<p>Om Hertha hade levt i dag hade hon fyllt 100 \u00e5r. Det firas s\u00e5 fint p\u00e5 konsthallen Fabriken p\u00e5 \u00d6sterlen i Sk\u00e5ne d\u00e4r Herthas barn och barnbarn bor. Konsthallen st\u00e4ller ut \u00f6ver 150 verk, de flesta utl\u00e5nade av Hertha Hillfons v\u00e4nner, en ideell f\u00f6rening som syftar till att v\u00e5rda minnet av Hertha Hillfon.<\/p>\n<p><img loading=\"lazy\" decoding=\"async\" class=\"aligncenter size-full wp-image-210638\" src=\"https:\/\/kulturista.se\/test\/wp-content\/uploads\/2021\/08\/hertha3.jpg\" alt=\"\" width=\"1334\" height=\"885\" srcset=\"https:\/\/kulturista.se\/test\/wp-content\/uploads\/2021\/08\/hertha3.jpg 1334w, https:\/\/kulturista.se\/test\/wp-content\/uploads\/2021\/08\/hertha3-1280x849.jpg 1280w, https:\/\/kulturista.se\/test\/wp-content\/uploads\/2021\/08\/hertha3-980x650.jpg 980w, https:\/\/kulturista.se\/test\/wp-content\/uploads\/2021\/08\/hertha3-480x318.jpg 480w\" sizes=\"(min-width: 0px) and (max-width: 480px) 480px, (min-width: 481px) and (max-width: 980px) 980px, (min-width: 981px) and (max-width: 1280px) 1280px, (min-width: 1281px) 1334px, 100vw\" \/><\/p>\n<p>Hertha gick bort 2013 och jag s\u00f6rjer fortfarande att hennes fantastiska atelj\u00e9 och konstn\u00e4rshem inte fick bli ett museum. Hertha och maken G\u00f6sta hade sedan tidigt 70-tal levt och verkat i M\u00e4larh\u00f6jden och genom \u00e5ren byggt upp ett helt fantastiskt konstn\u00e4rshem och n\u00e4r Hertha dog var planerna att l\u00e5ta hemmet bli ett konstn\u00e4rsmuseum. Det f\u00f6rsta i Stockholm \u00f6ver en kvinnlig konstn\u00e4r (vi har ju sedan tidigare ett flertal \u00f6ver m\u00e4n, Carl Eldh, Olle Nyman, Carl Milles mfl) men Stockholms stad svek sitt l\u00f6fte om att l\u00e5ta hennes hem bli museum. Villan och hennes atelj\u00e9 s\u00e5ldes ist\u00e4llet till ett byggf\u00f6retag som byggde bostadsr\u00e4tter p\u00e5 tomten. \u2063<\/p>\n<p><img loading=\"lazy\" decoding=\"async\" class=\"aligncenter size-full wp-image-210643\" src=\"https:\/\/kulturista.se\/test\/wp-content\/uploads\/2021\/08\/hertha2.jpg\" alt=\"\" width=\"1334\" height=\"885\" srcset=\"https:\/\/kulturista.se\/test\/wp-content\/uploads\/2021\/08\/hertha2.jpg 1334w, https:\/\/kulturista.se\/test\/wp-content\/uploads\/2021\/08\/hertha2-1280x849.jpg 1280w, https:\/\/kulturista.se\/test\/wp-content\/uploads\/2021\/08\/hertha2-980x650.jpg 980w, https:\/\/kulturista.se\/test\/wp-content\/uploads\/2021\/08\/hertha2-480x318.jpg 480w\" sizes=\"(min-width: 0px) and (max-width: 480px) 480px, (min-width: 481px) and (max-width: 980px) 980px, (min-width: 981px) and (max-width: 1280px) 1280px, (min-width: 1281px) 1334px, 100vw\" \/><\/p>\n<p>Hertha var oerh\u00f6rt produktiv och l\u00e4r ha gjort av med tv\u00e5 ton lera per \u00e5r. Arbetsdagen b\u00f6rjade med att dreja en sk\u00e5l. &#8221;Jag \u00e5terv\u00e4nder alltid till sk\u00e5len, den \u00e4r mitt mantra\u201d var hennes ledord. Hertha fick under sin levnad m\u00e5nga offentliga uppdrag och vi kan se hennes keramiska skulpturer p\u00e5 m\u00e5nga platser.\u2063 P\u00e5 Danderyds sjukhus finns exempelvis flera verk, Garnisonen och Berwaldhallen har ocks\u00e5 verk av Hertha. Hon fick ocks\u00e5 uppdraget att portr\u00e4ttera Astrid Lindgren f\u00f6r barnsjukhuset i Solna. Det blev ytterligare varianter av Astrid varav en st\u00e5r utanf\u00f6r Junibacken p\u00e5 Djurg\u00e5rden.<\/p>\n<p><img loading=\"lazy\" decoding=\"async\" class=\"aligncenter size-full wp-image-210644\" src=\"https:\/\/kulturista.se\/test\/wp-content\/uploads\/2021\/08\/hertha4.jpg\" alt=\"\" width=\"1334\" height=\"885\" srcset=\"https:\/\/kulturista.se\/test\/wp-content\/uploads\/2021\/08\/hertha4.jpg 1334w, https:\/\/kulturista.se\/test\/wp-content\/uploads\/2021\/08\/hertha4-1280x849.jpg 1280w, https:\/\/kulturista.se\/test\/wp-content\/uploads\/2021\/08\/hertha4-980x650.jpg 980w, https:\/\/kulturista.se\/test\/wp-content\/uploads\/2021\/08\/hertha4-480x318.jpg 480w\" sizes=\"(min-width: 0px) and (max-width: 480px) 480px, (min-width: 481px) and (max-width: 980px) 980px, (min-width: 981px) and (max-width: 1280px) 1280px, (min-width: 1281px) 1334px, 100vw\" \/><\/p>\n<p>2015 visade Liljevalchs en stor och fin utst\u00e4llning med Herthas verk och 2017 \u00f6ppnade Hertha Hillfon c\/o Skeppsholmen. Ett litet museum med en fin samling skapat av Hertha Hillfons v\u00e4nf\u00f6rening, museet tvingades dock st\u00e4nga d\u00e5 hyrorna blev f\u00f6r h\u00f6ga och bidragen till verksamheten l\u00e4gre.\u2063<\/p>\n<p>Jag \u00e4r glad \u00f6ver att Herthas livsverk \u00e5ter f\u00e5r visas i ett st\u00f6rre sammanhang och jag tycker mycket om utst\u00e4llningen Fabriken gjort. Om du har v\u00e4garna f\u00f6rbi Kivik p\u00e5 \u00d6sterlen tycker jag absolut du ska bes\u00f6ka Fabriken.<\/p>\n<p>Utst\u00e4llningen med Hertha Hillfon visas till 31\/10-2021<br \/>\nFabriken B\u00e4stekille, Kivik<br \/>\nTel: +46 0722 016668<br \/>\nE-post: <a href=\"mailto:fabriken@fabrikenbastekille.se\" target=\"_blank\" rel=\"noopener\"><em><strong>fabriken@fabrikenbastekille.se<\/strong><\/em><\/a><br \/>\nHemsida: <a href=\"http:\/\/fabrikenbastekille.se\/\" target=\"_blank\" rel=\"noopener\"><em><strong>http:\/\/fabrikenbastekille.se\/<\/strong><\/em><\/a><\/p>\n<p>&nbsp;<\/p>\n<p>&nbsp;<\/p>\n<p>&nbsp;<\/p>\n<p>&nbsp;<\/p>\n","protected":false},"excerpt":{"rendered":"<p>I somras bes\u00f6kte jag Fabriken i B\u00e4stekille som visar en utst\u00e4llning med Hertha Hillfon. Giganten inom keramisk konst. Keramikern som skalade upp fr\u00e5n bruksf\u00f6rem\u00e5l f\u00f6r att n\u00e4rma sig konsten med sina stora abstrakta skulpturer. Till en b\u00f6rjan chockades konstsverige, s\u00e5d\u00e4r f\u00e5r man v\u00e4l inte g\u00f6ra? Men Hertha blev med tiden en mycket uppskattad och folkk\u00e4r [&hellip;]<\/p>\n","protected":false},"author":1,"featured_media":0,"comment_status":"open","ping_status":"open","sticky":false,"template":"","format":"standard","meta":{"_acf_changed":false,"_et_pb_use_builder":"","_et_pb_old_content":"","_et_gb_content_width":"","_jetpack_newsletter_access":"","_jetpack_dont_email_post_to_subs":false,"_jetpack_newsletter_tier_id":0,"_jetpack_memberships_contains_paywalled_content":false,"_jetpack_feature_clip_id":0,"_jetpack_memberships_contains_paid_content":false,"footnotes":"","jetpack_post_was_ever_published":false},"categories":[74],"tags":[],"class_list":["post-210612","post","type-post","status-publish","format-standard","hentry","category-kulturistas-sverige"],"acf":[],"jetpack_sharing_enabled":true,"jetpack_featured_media_url":"","_links":{"self":[{"href":"https:\/\/kulturista.se\/test\/wp-json\/wp\/v2\/posts\/210612","targetHints":{"allow":["GET"]}}],"collection":[{"href":"https:\/\/kulturista.se\/test\/wp-json\/wp\/v2\/posts"}],"about":[{"href":"https:\/\/kulturista.se\/test\/wp-json\/wp\/v2\/types\/post"}],"author":[{"embeddable":true,"href":"https:\/\/kulturista.se\/test\/wp-json\/wp\/v2\/users\/1"}],"replies":[{"embeddable":true,"href":"https:\/\/kulturista.se\/test\/wp-json\/wp\/v2\/comments?post=210612"}],"version-history":[{"count":13,"href":"https:\/\/kulturista.se\/test\/wp-json\/wp\/v2\/posts\/210612\/revisions"}],"predecessor-version":[{"id":210652,"href":"https:\/\/kulturista.se\/test\/wp-json\/wp\/v2\/posts\/210612\/revisions\/210652"}],"wp:attachment":[{"href":"https:\/\/kulturista.se\/test\/wp-json\/wp\/v2\/media?parent=210612"}],"wp:term":[{"taxonomy":"category","embeddable":true,"href":"https:\/\/kulturista.se\/test\/wp-json\/wp\/v2\/categories?post=210612"},{"taxonomy":"post_tag","embeddable":true,"href":"https:\/\/kulturista.se\/test\/wp-json\/wp\/v2\/tags?post=210612"}],"curies":[{"name":"wp","href":"https:\/\/api.w.org\/{rel}","templated":true}]}}