{"id":210540,"date":"2021-07-01T08:00:07","date_gmt":"2021-07-01T07:00:07","guid":{"rendered":"https:\/\/kulturista.se\/test\/?p=210540"},"modified":"2025-12-03T12:59:53","modified_gmt":"2025-12-03T11:59:53","slug":"frank-ockenfels-3-pa-fotografiska","status":"publish","type":"post","link":"https:\/\/kulturista.se\/test\/frank-ockenfels-3-pa-fotografiska\/","title":{"rendered":"Frank Ockenfels 3 p\u00e5 Fotografiska"},"content":{"rendered":"<p>Introspection heter Frank Ockenfels 3 utst\u00e4llning p\u00e5 Fotografiska. Det \u00e4r hans st\u00f6rsta soloutst\u00e4llning n\u00e5gonsin och fr\u00e5gan \u00e4r om det inte ocks\u00e5 \u00e4r den b\u00e4sta Fotografiska gjort.<\/p>\n<p>Utst\u00e4llningen som \u00e4r ett retrospektiv sp\u00e4nner \u00f6ver hans flera decennier l\u00e5nga karri\u00e4r och omfattar \u00f6ver 700 fotografier, m\u00e5lningar och dagboksanteckningar.<\/p>\n<p>\u00c4ven om m\u00e5nga av verken tar avstamp i fotografiet s\u00e5 \u00e4r det inte l\u00e4ngre regelr\u00e4tta fotografier n\u00e4r han \u00e4r klar med dem. Ganska h\u00e5rdh\u00e4nt arbetar han med sax, bl\u00e4ck och kol.<\/p>\n<p>Han klipper, ristar och m\u00e5lar p\u00e5 bilderna. Han experimenterar med ljus, m\u00e5leri och collage och t\u00e4njer p\u00e5 gr\u00e4nserna f\u00f6r vad ett foto eller konstverk kan vara.<\/p>\n<p><img loading=\"lazy\" decoding=\"async\" src=\"https:\/\/kulturista.se\/test\/wp-content\/uploads\/2021\/06\/frank1.jpg\" class=\"aligncenter size-full wp-image-210542\" alt=\"\" width=\"1334\" height=\"885\" srcset=\"https:\/\/kulturista.se\/test\/wp-content\/uploads\/2021\/06\/frank1.jpg 1334w, https:\/\/kulturista.se\/test\/wp-content\/uploads\/2021\/06\/frank1-1280x849.jpg 1280w, https:\/\/kulturista.se\/test\/wp-content\/uploads\/2021\/06\/frank1-980x650.jpg 980w, https:\/\/kulturista.se\/test\/wp-content\/uploads\/2021\/06\/frank1-480x318.jpg 480w\" sizes=\"(min-width: 0px) and (max-width: 480px) 480px, (min-width: 481px) and (max-width: 980px) 980px, (min-width: 981px) and (max-width: 1280px) 1280px, (min-width: 1281px) 1334px, 100vw\" \/><\/p>\n<p>F\u00f6rutom ikoniska portr\u00e4tt visas ocks\u00e5 en hel del nyproducerat som aldrig tidigare st\u00e4llts ut. Skateboards, tidningspapper och metallskrot som agerat m\u00e5larduk f\u00f6r konstn\u00e4rens penslar, pennor och f\u00e4rger.<\/p>\n<p>Och \u00e4ven om Ockenfels \u00e4r mest k\u00e4nd f\u00f6r sina portr\u00e4tt av hyllade sk\u00e5despelare, musiker och modeller s\u00e5 tycker jag att det \u00e4r att f\u00f6rminska hans konstn\u00e4rskap genom att enbart kalla honom fotograf.<\/p>\n<p>Han g\u00f6r ocks\u00e5 en hel del annat, <strong><em><a href=\"https:\/\/fwo3.com\/Motion\/1\/thumbs\" target=\"_blank\" rel=\"noopener\">film bland annat. &nbsp;<\/a><\/em><\/strong>Kika in p\u00e5 hans fantastiska <strong><em><a href=\"https:\/\/fwo3.com\/\" target=\"_blank\" rel=\"noopener\">hemsida<\/a><\/em><\/strong> s\u00e5 ser du vidden av hans enorma produktion.<\/p>\n<p><img loading=\"lazy\" decoding=\"async\" src=\"https:\/\/kulturista.se\/test\/wp-content\/uploads\/2021\/06\/frank3.jpg\" class=\"aligncenter size-full wp-image-210546\" alt=\"\" width=\"1334\" height=\"885\" srcset=\"https:\/\/kulturista.se\/test\/wp-content\/uploads\/2021\/06\/frank3.jpg 1334w, https:\/\/kulturista.se\/test\/wp-content\/uploads\/2021\/06\/frank3-1280x849.jpg 1280w, https:\/\/kulturista.se\/test\/wp-content\/uploads\/2021\/06\/frank3-980x650.jpg 980w, https:\/\/kulturista.se\/test\/wp-content\/uploads\/2021\/06\/frank3-480x318.jpg 480w\" sizes=\"(min-width: 0px) and (max-width: 480px) 480px, (min-width: 481px) and (max-width: 980px) 980px, (min-width: 981px) and (max-width: 1280px) 1280px, (min-width: 1281px) 1334px, 100vw\" \/><\/p>\n<p>I utst\u00e4llningen finns en massa k\u00e4ndisportr\u00e4tt &#8211; men om du som jag \u00e4r rysligt tr\u00f6tt p\u00e5 just k\u00e4ndisportr\u00e4tt, kan jag lugna dig. Ockenfels portr\u00e4tt \u00e4r n\u00e5got helt annat.<\/p>\n<p>Jag undrar om det \u00f6verhuvudtaget finns n\u00e5got ord f\u00f6r att beskriva dem. Utg\u00e5ngspunkten kanske \u00e4r ett fotografi, men han n\u00f6jer sig inte d\u00e4r. I lager kan han m\u00e5la, rista, eller g\u00f6ra collage p\u00e5 sina fotografier.<\/p>\n<p><img loading=\"lazy\" decoding=\"async\" src=\"https:\/\/kulturista.se\/test\/wp-content\/uploads\/2021\/06\/frank4.jpg\" class=\"aligncenter size-full wp-image-210547\" alt=\"\" width=\"1334\" height=\"885\" srcset=\"https:\/\/kulturista.se\/test\/wp-content\/uploads\/2021\/06\/frank4.jpg 1334w, https:\/\/kulturista.se\/test\/wp-content\/uploads\/2021\/06\/frank4-1280x849.jpg 1280w, https:\/\/kulturista.se\/test\/wp-content\/uploads\/2021\/06\/frank4-980x650.jpg 980w, https:\/\/kulturista.se\/test\/wp-content\/uploads\/2021\/06\/frank4-480x318.jpg 480w\" sizes=\"(min-width: 0px) and (max-width: 480px) 480px, (min-width: 481px) and (max-width: 980px) 980px, (min-width: 981px) and (max-width: 1280px) 1280px, (min-width: 1281px) 1334px, 100vw\" \/><\/p>\n<p>David Bowie som var en stor beundrare av av Ockenfels bad uttryckligen att \u00e5ter f\u00e5 arbeta med Ockenefels. Detta efter att han fotograferat Bowies band Tin Machine p\u00e5 1980-talet.<\/p>\n<p>Ockenfels och Bowie arbetade tillsammans i 9 \u00e5r innan Bowie gick bort 2016.&nbsp; Sj\u00e4lv \u00e4r jag en stor beundrare av Bowie och det k\u00e4nns b\u00e5de lite fint och vemodigt att se portr\u00e4tten. I utst\u00e4llningen spelas ocks\u00e5 Bowies sista album Blackstar.<\/p>\n<p>En reflektion jag g\u00f6r betr\u00e4ffande Ockenfels teckningar av d\u00f6dskallar och streckgubbar \u00e4r att jag ser ett tydligt sl\u00e4ktskap med <strong><em><a href=\"https:\/\/www.waldersten.com\/\" target=\"_blank\" rel=\"noopener\">Jesper Waldersten<\/a><\/em><\/strong><b><i>. <\/i><\/b><\/p>\n<p>Han st\u00e4llde ut med en liknande utst\u00e4llning p\u00e5 Fotografiska f\u00f6r n\u00e5got \u00e5r sedan. \u00c4ven i den utst\u00e4llningen var gr\u00e4nsen mellan foto och konst flytande. Ett riktigt intressant grepp d\u00e4r&nbsp; Fotografiska lyckats str\u00e5lande med att curera.<\/p>\n<p><img loading=\"lazy\" decoding=\"async\" src=\"https:\/\/kulturista.se\/test\/wp-content\/uploads\/2021\/06\/frank2-1.jpg\" class=\"aligncenter size-full wp-image-210552\" alt=\"\" width=\"1334\" height=\"885\" srcset=\"https:\/\/kulturista.se\/test\/wp-content\/uploads\/2021\/06\/frank2-1.jpg 1334w, https:\/\/kulturista.se\/test\/wp-content\/uploads\/2021\/06\/frank2-1-1280x849.jpg 1280w, https:\/\/kulturista.se\/test\/wp-content\/uploads\/2021\/06\/frank2-1-980x650.jpg 980w, https:\/\/kulturista.se\/test\/wp-content\/uploads\/2021\/06\/frank2-1-480x318.jpg 480w\" sizes=\"(min-width: 0px) and (max-width: 480px) 480px, (min-width: 481px) and (max-width: 980px) 980px, (min-width: 981px) and (max-width: 1280px) 1280px, (min-width: 1281px) 1334px, 100vw\" \/><\/p>\n<p>Utst\u00e4llningen &#8221;Introspection&#8221; p\u00e5 Fotografiska p\u00e5g\u00e5r fram till den 17 oktober 2021.<\/p>\n<p>Observera att f\u00f6rk\u00f6psbiljett kr\u00e4vs p\u00e5 grund av pandemin.<br \/>\nBiljetter k\u00f6per du <strong><em><a href=\"https:\/\/www.fotografiska.com\/sto\/besok\/biljetter\/#biljettmodul\" target=\"_blank\" rel=\"noopener\">h\u00e4r<\/a><\/em><\/strong><\/p>\n<p>Tips!<br \/>\nUnder juli m\u00e5nad kan du ta b\u00e5t mellan Nybroviken och Fotografiska, tur och retur. B\u00e5ten som \u00e4r helt eldriven, kommer g\u00e5 till och fr\u00e5n Nybroviken varje halvtimme, alla dagar mellan kl 12-20. En b\u00e5tbiljett kostar 50 kr och betalas p\u00e5 b\u00e5ten.<\/p>\n<p>Fotografiska, Stadsg\u00e5rdshamnen 22<br \/>\nTel:08-50 900 500<br \/>\nE-post: <strong><em><a href=\"mailto:info@fotografiska.se\" target=\"_blank\" rel=\"noopener\">info@fotografiska.se<\/a><\/em><\/strong><br \/>\nHemsida: <strong><em><a href=\"https:\/\/www.fotografiska.com\/sto\" target=\"_blank\" rel=\"noopener\">https:\/\/www.fotografiska.com\/sto<\/a><\/em><\/strong><\/p>\n<p>\u00d6ppettider:<br \/>\nAlla dagar 10.00-22-00<\/p>\n<p>&nbsp;<\/p>\n<p>&nbsp;<\/p>\n","protected":false},"excerpt":{"rendered":"<p>Introspection heter Frank Ockenfels 3 utst\u00e4llning p\u00e5 Fotografiska. Det \u00e4r hans st\u00f6rsta soloutst\u00e4llning n\u00e5gonsin och fr\u00e5gan \u00e4r om det inte ocks\u00e5 \u00e4r den b\u00e4sta Fotografiska gjort. Utst\u00e4llningen som \u00e4r ett retrospektiv sp\u00e4nner \u00f6ver hans flera decennier l\u00e5nga karri\u00e4r och omfattar \u00f6ver 700 fotografier, m\u00e5lningar och dagboksanteckningar. \u00c4ven om m\u00e5nga av verken tar avstamp i fotografiet [&hellip;]<\/p>\n","protected":false},"author":1,"featured_media":0,"comment_status":"open","ping_status":"open","sticky":false,"template":"","format":"standard","meta":{"_acf_changed":false,"_et_pb_use_builder":"","_et_pb_old_content":"","_et_gb_content_width":"","_jetpack_newsletter_access":"","_jetpack_dont_email_post_to_subs":false,"_jetpack_newsletter_tier_id":0,"_jetpack_memberships_contains_paywalled_content":false,"_jetpack_feature_clip_id":0,"_jetpack_memberships_contains_paid_content":false,"footnotes":"","jetpack_post_was_ever_published":false},"categories":[19],"tags":[],"class_list":["post-210540","post","type-post","status-publish","format-standard","hentry","category-museer-utstallningar"],"acf":[],"jetpack_sharing_enabled":true,"jetpack_featured_media_url":"","_links":{"self":[{"href":"https:\/\/kulturista.se\/test\/wp-json\/wp\/v2\/posts\/210540","targetHints":{"allow":["GET"]}}],"collection":[{"href":"https:\/\/kulturista.se\/test\/wp-json\/wp\/v2\/posts"}],"about":[{"href":"https:\/\/kulturista.se\/test\/wp-json\/wp\/v2\/types\/post"}],"author":[{"embeddable":true,"href":"https:\/\/kulturista.se\/test\/wp-json\/wp\/v2\/users\/1"}],"replies":[{"embeddable":true,"href":"https:\/\/kulturista.se\/test\/wp-json\/wp\/v2\/comments?post=210540"}],"version-history":[{"count":23,"href":"https:\/\/kulturista.se\/test\/wp-json\/wp\/v2\/posts\/210540\/revisions"}],"predecessor-version":[{"id":211625,"href":"https:\/\/kulturista.se\/test\/wp-json\/wp\/v2\/posts\/210540\/revisions\/211625"}],"wp:attachment":[{"href":"https:\/\/kulturista.se\/test\/wp-json\/wp\/v2\/media?parent=210540"}],"wp:term":[{"taxonomy":"category","embeddable":true,"href":"https:\/\/kulturista.se\/test\/wp-json\/wp\/v2\/categories?post=210540"},{"taxonomy":"post_tag","embeddable":true,"href":"https:\/\/kulturista.se\/test\/wp-json\/wp\/v2\/tags?post=210540"}],"curies":[{"name":"wp","href":"https:\/\/api.w.org\/{rel}","templated":true}]}}