{"id":210459,"date":"2021-07-03T09:52:53","date_gmt":"2021-07-03T07:52:53","guid":{"rendered":"https:\/\/kulturista.se\/test\/?p=210459"},"modified":"2025-12-03T12:59:36","modified_gmt":"2025-12-03T11:59:36","slug":"rosendals-skulpturpark","status":"publish","type":"post","link":"https:\/\/kulturista.se\/test\/rosendals-skulpturpark\/","title":{"rendered":"Rosendals skulpturpark"},"content":{"rendered":"<p>Rosendals skulpturpark \u2013 nytt kungligt initiativ p\u00e5 Kungliga Djurg\u00e5rden<\/p>\n<p>Det var i Ume\u00e5 det hela b\u00f6rjade, n\u00e4rmare best\u00e4mt 2014 n\u00e4r Ume\u00e5 var Kulturhuvudstad och kungaparet bes\u00f6kte Umedalens Skulpturpark. Tanken p\u00e5 att skapa n\u00e5got liknande b\u00f6rjade gro och under \u00e5ren 2016\u20132018 genomf\u00f6rdes tillf\u00e4lliga skulpturutst\u00e4llningar med Tony Cragg, Eva Hild och Jaume Plensa i samarbete med Kungl. Djurg\u00e5rdens f\u00f6rvaltning. Men i fjol, 2020 sattes spaden i jorden f\u00f6r den f\u00f6rsta permanenta skulpturen i den nybildade skulpturparken vid Rosendal p\u00e5 Djurg\u00e5rden.<\/p>\n<p>\u00c5rets skulptur heter Life Rings och \u00e4r den skandinaviska konstn\u00e4rsduon Michael Elmgreen och Ingar Dragsets verk. Livbojen som vi alla k\u00e4nner igen, som finns p\u00e5 i stort sett varje brygga i Sverige och som symboliserar trygghet i krissituationer. Men h\u00e4r har duon satt ihop en m\u00e4ngd livbojar ihopkopplade med varandra i en kedjeformation som str\u00e4cker sig upp mot himlen. Ringarna \u00e4r inte l\u00e4ngre brukbara, utan symboliserar n\u00e5got st\u00f6rre.\u2063<\/p>\n<p><img loading=\"lazy\" decoding=\"async\" class=\"aligncenter size-full wp-image-210463\" src=\"https:\/\/kulturista.se\/test\/wp-content\/uploads\/2021\/06\/preks3.jpg\" alt=\"\" width=\"1334\" height=\"885\" srcset=\"https:\/\/kulturista.se\/test\/wp-content\/uploads\/2021\/06\/preks3.jpg 1334w, https:\/\/kulturista.se\/test\/wp-content\/uploads\/2021\/06\/preks3-1280x849.jpg 1280w, https:\/\/kulturista.se\/test\/wp-content\/uploads\/2021\/06\/preks3-980x650.jpg 980w, https:\/\/kulturista.se\/test\/wp-content\/uploads\/2021\/06\/preks3-480x318.jpg 480w\" sizes=\"(min-width: 0px) and (max-width: 480px) 480px, (min-width: 481px) and (max-width: 980px) 980px, (min-width: 981px) and (max-width: 1280px) 1280px, (min-width: 1281px) 1334px, 100vw\" \/><\/p>\n<p><em>\u00a0Foto: Ruth Anna Eriksson<\/em><\/p>\n<p>&#8221;Tanken \u00e4r att belysa att vi alla \u00e4r beroende av, och m\u00e5ste ta hand om varandra. Det finns en underliggande oro f\u00f6r en avtagande gemenskap hos m\u00e4nniskor i en v\u00e4rld som uppmuntrar det individuella. Str\u00e4van efter gr\u00e4ns\u00f6verskridande samarbeten och solidaritet \u00e4r en global angel\u00e4genhet och n\u00e5got som gestaltas via skulpturen Life Rings. Elmgreen &amp; Dragset uppmanar oss till eftertanke och f\u00e5r oss att reflektera \u00f6ver livets sk\u00f6rhet och m\u00e4nniskans samh\u00f6righet&#8221;\u00a0 \/Preks Kulturstiftelse<\/p>\n<p><img loading=\"lazy\" decoding=\"async\" class=\"aligncenter size-full wp-image-210460\" src=\"https:\/\/kulturista.se\/test\/wp-content\/uploads\/2021\/06\/preks1.jpg\" alt=\"\" width=\"1334\" height=\"885\" srcset=\"https:\/\/kulturista.se\/test\/wp-content\/uploads\/2021\/06\/preks1.jpg 1334w, https:\/\/kulturista.se\/test\/wp-content\/uploads\/2021\/06\/preks1-1280x849.jpg 1280w, https:\/\/kulturista.se\/test\/wp-content\/uploads\/2021\/06\/preks1-980x650.jpg 980w, https:\/\/kulturista.se\/test\/wp-content\/uploads\/2021\/06\/preks1-480x318.jpg 480w\" sizes=\"(min-width: 0px) and (max-width: 480px) 480px, (min-width: 481px) and (max-width: 980px) 980px, (min-width: 981px) and (max-width: 1280px) 1280px, (min-width: 1281px) 1334px, 100vw\" \/><\/p>\n<p><em>V\u00e4nster foto: Ruth Anna Eriksson H\u00f6ger foto: Elmar Vestner<\/em><\/p>\n<p>Alice Aycocks skulptur Hoop-La var den f\u00f6rsta i att f\u00e5 en plats i skulpturparken 2020.\u00a0 Hon \u00e4r amerikan, bosatt och verksam i New York och har sagt om skulpturen att de visualiserar vind, luftr\u00f6relser och energi.<\/p>\n<p><img loading=\"lazy\" decoding=\"async\" class=\"aligncenter size-full wp-image-210466\" src=\"https:\/\/kulturista.se\/test\/wp-content\/uploads\/2021\/06\/preks5.jpg\" alt=\"\" width=\"1334\" height=\"885\" srcset=\"https:\/\/kulturista.se\/test\/wp-content\/uploads\/2021\/06\/preks5.jpg 1334w, https:\/\/kulturista.se\/test\/wp-content\/uploads\/2021\/06\/preks5-1280x849.jpg 1280w, https:\/\/kulturista.se\/test\/wp-content\/uploads\/2021\/06\/preks5-980x650.jpg 980w, https:\/\/kulturista.se\/test\/wp-content\/uploads\/2021\/06\/preks5-480x318.jpg 480w\" sizes=\"(min-width: 0px) and (max-width: 480px) 480px, (min-width: 481px) and (max-width: 980px) 980px, (min-width: 981px) and (max-width: 1280px) 1280px, (min-width: 1281px) 1334px, 100vw\" \/><\/p>\n<p><em>Foto: Johan Lindskog<\/em><\/p>\n<p><img loading=\"lazy\" decoding=\"async\" class=\"aligncenter size-full wp-image-210465\" src=\"https:\/\/kulturista.se\/test\/wp-content\/uploads\/2021\/06\/preks4.jpg\" alt=\"\" width=\"1334\" height=\"885\" srcset=\"https:\/\/kulturista.se\/test\/wp-content\/uploads\/2021\/06\/preks4.jpg 1334w, https:\/\/kulturista.se\/test\/wp-content\/uploads\/2021\/06\/preks4-1280x849.jpg 1280w, https:\/\/kulturista.se\/test\/wp-content\/uploads\/2021\/06\/preks4-980x650.jpg 980w, https:\/\/kulturista.se\/test\/wp-content\/uploads\/2021\/06\/preks4-480x318.jpg 480w\" sizes=\"(min-width: 0px) and (max-width: 480px) 480px, (min-width: 481px) and (max-width: 980px) 980px, (min-width: 981px) and (max-width: 1280px) 1280px, (min-width: 1281px) 1334px, 100vw\" \/><\/p>\n<p><em>Foto: Johan Lindskog<\/em><\/p>\n<p>&nbsp;<\/p>\n<p>Skulpturparken ligger l\u00e4ngs med Djurg\u00e5rdskanalen i omr\u00e5det kring Rosendal. Ta sikte p\u00e5 Folke Bernadottes bro s\u00e5 hittar du. Karta finns annars <strong><em><a href=\"https:\/\/www.preks.se\/2021-life-rings\/\" target=\"_blank\" rel=\"noopener\">h\u00e4r<\/a><\/em><\/strong>.<\/p>\n<p><strong><em><a href=\"https:\/\/www.preks.se\/\" target=\"_blank\" rel=\"noopener\">PREKS<\/a><\/em><\/strong>\u00a0 Prinsessan Estelles Kulturstiftelse \u00e4r en av m\u00e5nga kungliga stiftelser. PREKS verkar f\u00f6r att fr\u00e4mja kulturverksamheten i Sverige.<br \/>\nHemsida: <strong><em><a href=\"https:\/\/www.preks.se\/\" target=\"_blank\" rel=\"noopener\">https:\/\/www.preks.se\/<\/a><\/em><\/strong><\/p>\n","protected":false},"excerpt":{"rendered":"<p>Rosendals skulpturpark \u2013 nytt kungligt initiativ p\u00e5 Kungliga Djurg\u00e5rden Det var i Ume\u00e5 det hela b\u00f6rjade, n\u00e4rmare best\u00e4mt 2014 n\u00e4r Ume\u00e5 var Kulturhuvudstad och kungaparet bes\u00f6kte Umedalens Skulpturpark. Tanken p\u00e5 att skapa n\u00e5got liknande b\u00f6rjade gro och under \u00e5ren 2016\u20132018 genomf\u00f6rdes tillf\u00e4lliga skulpturutst\u00e4llningar med Tony Cragg, Eva Hild och Jaume Plensa i samarbete med Kungl. [&hellip;]<\/p>\n","protected":false},"author":1,"featured_media":0,"comment_status":"open","ping_status":"open","sticky":false,"template":"","format":"standard","meta":{"_acf_changed":false,"_et_pb_use_builder":"","_et_pb_old_content":"","_et_gb_content_width":"","_jetpack_newsletter_access":"","_jetpack_dont_email_post_to_subs":false,"_jetpack_newsletter_tier_id":0,"_jetpack_memberships_contains_paywalled_content":false,"_jetpack_feature_clip_id":0,"_jetpack_memberships_contains_paid_content":false,"footnotes":"","jetpack_post_was_ever_published":false},"categories":[36],"tags":[],"class_list":["post-210459","post","type-post","status-publish","format-standard","hentry","category-utflyktsmal"],"acf":[],"jetpack_sharing_enabled":true,"jetpack_featured_media_url":"","_links":{"self":[{"href":"https:\/\/kulturista.se\/test\/wp-json\/wp\/v2\/posts\/210459","targetHints":{"allow":["GET"]}}],"collection":[{"href":"https:\/\/kulturista.se\/test\/wp-json\/wp\/v2\/posts"}],"about":[{"href":"https:\/\/kulturista.se\/test\/wp-json\/wp\/v2\/types\/post"}],"author":[{"embeddable":true,"href":"https:\/\/kulturista.se\/test\/wp-json\/wp\/v2\/users\/1"}],"replies":[{"embeddable":true,"href":"https:\/\/kulturista.se\/test\/wp-json\/wp\/v2\/comments?post=210459"}],"version-history":[{"count":15,"href":"https:\/\/kulturista.se\/test\/wp-json\/wp\/v2\/posts\/210459\/revisions"}],"predecessor-version":[{"id":210492,"href":"https:\/\/kulturista.se\/test\/wp-json\/wp\/v2\/posts\/210459\/revisions\/210492"}],"wp:attachment":[{"href":"https:\/\/kulturista.se\/test\/wp-json\/wp\/v2\/media?parent=210459"}],"wp:term":[{"taxonomy":"category","embeddable":true,"href":"https:\/\/kulturista.se\/test\/wp-json\/wp\/v2\/categories?post=210459"},{"taxonomy":"post_tag","embeddable":true,"href":"https:\/\/kulturista.se\/test\/wp-json\/wp\/v2\/tags?post=210459"}],"curies":[{"name":"wp","href":"https:\/\/api.w.org\/{rel}","templated":true}]}}