{"id":210417,"date":"2021-06-15T09:34:49","date_gmt":"2021-06-15T07:34:49","guid":{"rendered":"https:\/\/kulturista.se\/test\/?p=210417"},"modified":"2025-12-03T14:20:52","modified_gmt":"2025-12-03T13:20:52","slug":"olle-nymans-i-saltsjo-duvnas","status":"publish","type":"post","link":"https:\/\/kulturista.se\/test\/olle-nymans-i-saltsjo-duvnas\/","title":{"rendered":"Olle Nymans i Saltsj\u00f6 Duvn\u00e4s"},"content":{"rendered":"<p>N\u00e4stan overkligt vackert p\u00e5 Strandpromenaden i Saltsj\u00f6 Duvn\u00e4s ligger Olle Nymans atelj\u00e9er och konstn\u00e4rshem. Ett ganska ok\u00e4nt men fint konstn\u00e4rsmuseum och galleri, samt en vacker tr\u00e4dg\u00e5rd och en riktigt fin <strong><em><a href=\"https:\/\/www.kerstinochbritt.se\/saltsjo-duvnas\" target=\"_blank\" rel=\"noopener\">restaurang<\/a><\/em><\/strong>.<\/p>\n<p>Under sommaren \u00e4r det en liten oas, d\u00e5 man kan strosa runt i tr\u00e4dg\u00e5rden, sl\u00e5 sig ner och ta n\u00e5gon att \u00e4ta och dricka hos <strong><em><a href=\"https:\/\/www.kerstinochbritt.se\/saltsjo-duvnas\" target=\"_blank\" rel=\"noopener\">Kerstin &amp; Britt<\/a><\/em><\/strong>.&nbsp; Och om v\u00e4dret till\u00e5ter kan man ta ett dopp p\u00e5 Saltsj\u00f6 Dufn\u00e4s Marina som har en liten strand och en brygga, Marinan ligger bara ett stenkast fr\u00e5n Olle Nyman. Ett utflyktsm\u00e5l som har n\u00e5got f\u00f6r alla. Natur, bad, tr\u00e4dg\u00e5rd, mat och sist men inte minst konst.<\/p>\n<p><img loading=\"lazy\" decoding=\"async\" src=\"https:\/\/kulturista.se\/test\/wp-content\/uploads\/2021\/06\/ollec3.jpg\" class=\"aligncenter size-full wp-image-210482\" alt=\"\" width=\"1334\" height=\"885\" srcset=\"https:\/\/kulturista.se\/test\/wp-content\/uploads\/2021\/06\/ollec3.jpg 1334w, https:\/\/kulturista.se\/test\/wp-content\/uploads\/2021\/06\/ollec3-1280x849.jpg 1280w, https:\/\/kulturista.se\/test\/wp-content\/uploads\/2021\/06\/ollec3-980x650.jpg 980w, https:\/\/kulturista.se\/test\/wp-content\/uploads\/2021\/06\/ollec3-480x318.jpg 480w\" sizes=\"(min-width: 0px) and (max-width: 480px) 480px, (min-width: 481px) and (max-width: 980px) 980px, (min-width: 981px) and (max-width: 1280px) 1280px, (min-width: 1281px) 1334px, 100vw\" \/><\/p>\n<p><img loading=\"lazy\" decoding=\"async\" src=\"https:\/\/kulturista.se\/test\/wp-content\/uploads\/2021\/06\/ollec2.jpg\" class=\"aligncenter size-full wp-image-210484\" alt=\"\" width=\"1334\" height=\"885\" srcset=\"https:\/\/kulturista.se\/test\/wp-content\/uploads\/2021\/06\/ollec2.jpg 1334w, https:\/\/kulturista.se\/test\/wp-content\/uploads\/2021\/06\/ollec2-1280x849.jpg 1280w, https:\/\/kulturista.se\/test\/wp-content\/uploads\/2021\/06\/ollec2-980x650.jpg 980w, https:\/\/kulturista.se\/test\/wp-content\/uploads\/2021\/06\/ollec2-480x318.jpg 480w\" sizes=\"(min-width: 0px) and (max-width: 480px) 480px, (min-width: 481px) and (max-width: 980px) 980px, (min-width: 981px) and (max-width: 1280px) 1280px, (min-width: 1281px) 1334px, 100vw\" \/><em>Foto: Kerstin &amp; Britt<\/em><\/p>\n<p>I b\u00f6rjan av juni gjorde jag ett bes\u00f6k och passade s\u00e5klart ocks\u00e5 p\u00e5 att titta p\u00e5 utst\u00e4llningen i galleriet. Och utst\u00e4llningss\u00e4songen&nbsp;p\u00e5 Olle Nymans sommaren 2021 startar med en riktigt vitamininjektion.<\/p>\n<p>En ny inriktning d\u00e4r utst\u00e4llningarna ska spegla syskonen Kajsa och Olle Nymans respektive yrken \u00f6ppnar f\u00f6r m\u00f6ten mellan olika konstinriktningar. Och s\u00e4songens f\u00f6rsta utst\u00e4llning med Susan Gillh\u00f6g, bildkonstn\u00e4r och Jonas Roth glaskonstn\u00e4r \u00e4r en fulltr\u00e4ff!<\/p>\n<p><img loading=\"lazy\" decoding=\"async\" src=\"https:\/\/kulturista.se\/test\/wp-content\/uploads\/2021\/06\/olle1.jpg\" class=\"aligncenter size-full wp-image-210438\" alt=\"\" width=\"1334\" height=\"885\" srcset=\"https:\/\/kulturista.se\/test\/wp-content\/uploads\/2021\/06\/olle1.jpg 1334w, https:\/\/kulturista.se\/test\/wp-content\/uploads\/2021\/06\/olle1-1280x849.jpg 1280w, https:\/\/kulturista.se\/test\/wp-content\/uploads\/2021\/06\/olle1-980x650.jpg 980w, https:\/\/kulturista.se\/test\/wp-content\/uploads\/2021\/06\/olle1-480x318.jpg 480w\" sizes=\"(min-width: 0px) and (max-width: 480px) 480px, (min-width: 481px) and (max-width: 980px) 980px, (min-width: 981px) and (max-width: 1280px) 1280px, (min-width: 1281px) 1334px, 100vw\" \/><\/p>\n<p>Jonas Roth \u00e4r och har varit verksam som glaskonstn\u00e4r i n\u00e4rmare 30 \u00e5r. Jonas \u00e4r bosatt i Kivik d\u00e4r han har sin atelj\u00e9 och hytta. Med en f\u00f6rk\u00e4rlek f\u00f6r \u00f6verd\u00e5d av f\u00e4rg efterstr\u00e4var Jonas symmetri, balans och en stram grundform som kan till\u00e5ta sig att utsmyckas. \u201dArbetet \u00e4r inte en medveten reaktion p\u00e5 modernismen men jag tycker nog att den \u00e4r lite ospirituell\u201d s\u00e4ger Jonas om sitt arbete.<\/p>\n<p><img loading=\"lazy\" decoding=\"async\" src=\"https:\/\/kulturista.se\/test\/wp-content\/uploads\/2021\/06\/olle2.jpg\" class=\"aligncenter size-full wp-image-210439\" alt=\"\" width=\"1334\" height=\"885\" srcset=\"https:\/\/kulturista.se\/test\/wp-content\/uploads\/2021\/06\/olle2.jpg 1334w, https:\/\/kulturista.se\/test\/wp-content\/uploads\/2021\/06\/olle2-1280x849.jpg 1280w, https:\/\/kulturista.se\/test\/wp-content\/uploads\/2021\/06\/olle2-980x650.jpg 980w, https:\/\/kulturista.se\/test\/wp-content\/uploads\/2021\/06\/olle2-480x318.jpg 480w\" sizes=\"(min-width: 0px) and (max-width: 480px) 480px, (min-width: 481px) and (max-width: 980px) 980px, (min-width: 981px) and (max-width: 1280px) 1280px, (min-width: 1281px) 1334px, 100vw\" \/><\/p>\n<p><strong><em><a href=\"http:\/\/www.susangillhog.se\/\" target=\"_blank\" rel=\"noopener\">Susan Gillh\u00f6g<\/a><\/em><\/strong> \u00e4r verksam i Stockholm som konstn\u00e4r, m\u00e5lare och grafiker. Hon tillbringade l\u00e5ng tid i<br \/>\nColombia och Mexiko. Dessa intensiva \u00e5r danade henne som m\u00e5lare. Ur upplevelsen av det starka ljuset och de knivskarpa skuggorna v\u00e4xte ett praktfullt f\u00e4rgm\u00e4ttat m\u00e5leri fram.<\/p>\n<p>De b\u00e4gge konstn\u00e4rernas arbeten gifter sig otroligt bra och det \u00e4r verkligen en sev\u00e4rd utst\u00e4llning.<\/p>\n<p>Utst\u00e4llningen med Jonas Roth och Susanne Gillh\u00f6g visas till 4 juli 2021<br \/>\n<strong><em><a href=\"https:\/\/www.ollenyman.se\/\" target=\"_blank\" rel=\"noopener\">Olle Nyman atelj\u00e9er och konstn\u00e4rshem<\/a><\/em><\/strong>, Strandpromenaden 61 Saltsj\u00f6 Duvn\u00e4s<br \/>\nTel: 076-044 08 83<br \/>\nE-post: <strong><em><a href=\"mailto:info@ollenyman.se\" target=\"_blank\" rel=\"noopener\">info@ollenyman.se<\/a><\/em><\/strong><br \/>\nHemsida: <strong><em><a href=\"https:\/\/www.ollenyman.se\/\" target=\"_blank\" rel=\"noopener\">https:\/\/www.ollenyman.se\/<\/a><\/em><\/strong><\/p>\n<p>F\u00f6r att g\u00e5 p\u00e5 visning i konstn\u00e4rshemmet, l\u00e4s mer p\u00e5 <strong><em><a href=\"https:\/\/www.ollenyman.se\/konstnaershemmet\" target=\"_blank\" rel=\"noopener\">hemsidan<\/a><\/em><\/strong><\/p>\n<p>\u00d6ppettider: torsdag-s\u00f6ndag 12-18<\/p>\n<p>&nbsp;<\/p>\n<p>&nbsp;<\/p>\n","protected":false},"excerpt":{"rendered":"<p>N\u00e4stan overkligt vackert p\u00e5 Strandpromenaden i Saltsj\u00f6 Duvn\u00e4s ligger Olle Nymans atelj\u00e9er och konstn\u00e4rshem. Ett ganska ok\u00e4nt men fint konstn\u00e4rsmuseum och galleri, samt en vacker tr\u00e4dg\u00e5rd och en riktigt fin restaurang. Under sommaren \u00e4r det en liten oas, d\u00e5 man kan strosa runt i tr\u00e4dg\u00e5rden, sl\u00e5 sig ner och ta n\u00e5gon att \u00e4ta och dricka [&hellip;]<\/p>\n","protected":false},"author":1,"featured_media":0,"comment_status":"open","ping_status":"open","sticky":false,"template":"","format":"standard","meta":{"_acf_changed":false,"_et_pb_use_builder":"","_et_pb_old_content":"","_et_gb_content_width":"","_jetpack_newsletter_access":"","_jetpack_dont_email_post_to_subs":false,"_jetpack_newsletter_tier_id":0,"_jetpack_memberships_contains_paywalled_content":false,"_jetpack_feature_clip_id":0,"_jetpack_memberships_contains_paid_content":false,"footnotes":"","jetpack_post_was_ever_published":false},"categories":[19,36],"tags":[],"class_list":["post-210417","post","type-post","status-publish","format-standard","hentry","category-museer-utstallningar","category-utflyktsmal"],"acf":[],"jetpack_sharing_enabled":true,"jetpack_featured_media_url":"","_links":{"self":[{"href":"https:\/\/kulturista.se\/test\/wp-json\/wp\/v2\/posts\/210417","targetHints":{"allow":["GET"]}}],"collection":[{"href":"https:\/\/kulturista.se\/test\/wp-json\/wp\/v2\/posts"}],"about":[{"href":"https:\/\/kulturista.se\/test\/wp-json\/wp\/v2\/types\/post"}],"author":[{"embeddable":true,"href":"https:\/\/kulturista.se\/test\/wp-json\/wp\/v2\/users\/1"}],"replies":[{"embeddable":true,"href":"https:\/\/kulturista.se\/test\/wp-json\/wp\/v2\/comments?post=210417"}],"version-history":[{"count":12,"href":"https:\/\/kulturista.se\/test\/wp-json\/wp\/v2\/posts\/210417\/revisions"}],"predecessor-version":[{"id":210493,"href":"https:\/\/kulturista.se\/test\/wp-json\/wp\/v2\/posts\/210417\/revisions\/210493"}],"wp:attachment":[{"href":"https:\/\/kulturista.se\/test\/wp-json\/wp\/v2\/media?parent=210417"}],"wp:term":[{"taxonomy":"category","embeddable":true,"href":"https:\/\/kulturista.se\/test\/wp-json\/wp\/v2\/categories?post=210417"},{"taxonomy":"post_tag","embeddable":true,"href":"https:\/\/kulturista.se\/test\/wp-json\/wp\/v2\/tags?post=210417"}],"curies":[{"name":"wp","href":"https:\/\/api.w.org\/{rel}","templated":true}]}}