{"id":210365,"date":"2021-06-04T14:38:41","date_gmt":"2021-06-04T12:38:41","guid":{"rendered":"https:\/\/kulturista.se\/test\/?p=210365"},"modified":"2025-12-03T13:01:26","modified_gmt":"2025-12-03T12:01:26","slug":"rolf-hanson-retroactive-pa-artipelag","status":"publish","type":"post","link":"https:\/\/kulturista.se\/test\/rolf-hanson-retroactive-pa-artipelag\/","title":{"rendered":"Rolf Hanson &#8211; Retroactive p\u00e5 Artipelag"},"content":{"rendered":"<p>Jag b\u00f6rjar med att erk\u00e4nna att jag faktiskt inte k\u00e4nde till Rolf Hanson innan Artipelag gjorde mig uppm\u00e4rksam p\u00e5 att de skulle ha en stor utst\u00e4llning med honom.<\/p>\n<p>Jag fick helt enkelt l\u00e4sa p\u00e5 och jag sk\u00e4ms lite \u00f6ver min okunskap f\u00f6r Rolf har ett gediget CV.<br \/>\nF\u00f6dd i Malm\u00f6 1953, utbildad vid Kungliga konsth\u00f6gskolan i Stockholm 1974-79 och debuterade 1981 p\u00e5 anrika numera nedlagda Galleri Blanche i Stockholm. Sedan dess har han bland annat visats p\u00e5 Moderna Museet i Stockholm 1985, ROSC 88 i Dublin, Rooseum i Malm\u00f6 1995, Kunsthalle D\u00fcsseldorf 1998 och p\u00e5 Dunkers kulturhus, Helsingborg 2006.<\/p>\n<p>Han representerade Sverige p\u00e5 Venedigbiennalen 1988 i den f\u00f6rsta nordiska paviljongen och 1999 vann han f\u00f6rsta pris p\u00e5 Carnegie Art Award.<\/p>\n<p><img loading=\"lazy\" decoding=\"async\" class=\"aligncenter size-full wp-image-210406\" src=\"https:\/\/kulturista.se\/test\/wp-content\/uploads\/2021\/06\/hanson2.jpg\" alt=\"\" width=\"1334\" height=\"885\" srcset=\"https:\/\/kulturista.se\/test\/wp-content\/uploads\/2021\/06\/hanson2.jpg 1334w, https:\/\/kulturista.se\/test\/wp-content\/uploads\/2021\/06\/hanson2-1280x849.jpg 1280w, https:\/\/kulturista.se\/test\/wp-content\/uploads\/2021\/06\/hanson2-980x650.jpg 980w, https:\/\/kulturista.se\/test\/wp-content\/uploads\/2021\/06\/hanson2-480x318.jpg 480w\" sizes=\"(min-width: 0px) and (max-width: 480px) 480px, (min-width: 481px) and (max-width: 980px) 980px, (min-width: 981px) and (max-width: 1280px) 1280px, (min-width: 1281px) 1334px, 100vw\" \/><\/p>\n<p><em>Foto: Jean-Baptiste B\u00e9ranger<\/em><\/p>\n<p>Men bilderna av hans konst gjorde ingenting med mig, jag fattade \u00f6verhuvudtaget inte vari hans storhet l\u00e5g &#8211; f\u00f6rr\u00e4n jag s\u00e5g utst\u00e4llningen Retroactive p\u00e5 Artipelag. Hans konst ska helt enkelt upplevas IRL.<\/p>\n<p>Han m\u00e5lar abstrakt &#8211; f\u00f6r det mesta. Ett undantag \u00e4r den svit av trappor han m\u00e5lat och vars tillblivelse har en liten fin historia.\u00a0 &#8221;Dottern och hustrun tyckte jag skulle m\u00e5la n\u00e5got f\u00f6rest\u00e4llande och d\u00e5 blev det trappan, sedan blev det ju flera varianter av trappan&#8221; ber\u00e4ttar Rolf. Det var under en stipendievistelse i Frankrike som han bes\u00f6kte\u00a0 Montigny-sur-Loing f\u00f6r att titta p\u00e5 trapporna som Carl Fredrik Hill m\u00e5lat tidigare (Trappgata i Montigny-sur-Loing, som finns p\u00e5 Nationalmuseum) som id\u00e9n med\u00a0 att m\u00e5la trappor kom till honom.<\/p>\n<p><img loading=\"lazy\" decoding=\"async\" class=\"aligncenter size-full wp-image-210407\" src=\"https:\/\/kulturista.se\/test\/wp-content\/uploads\/2021\/06\/hanson4.jpg\" alt=\"\" width=\"1334\" height=\"885\" srcset=\"https:\/\/kulturista.se\/test\/wp-content\/uploads\/2021\/06\/hanson4.jpg 1334w, https:\/\/kulturista.se\/test\/wp-content\/uploads\/2021\/06\/hanson4-1280x849.jpg 1280w, https:\/\/kulturista.se\/test\/wp-content\/uploads\/2021\/06\/hanson4-980x650.jpg 980w, https:\/\/kulturista.se\/test\/wp-content\/uploads\/2021\/06\/hanson4-480x318.jpg 480w\" sizes=\"(min-width: 0px) and (max-width: 480px) 480px, (min-width: 481px) and (max-width: 980px) 980px, (min-width: 981px) and (max-width: 1280px) 1280px, (min-width: 1281px) 1334px, 100vw\" \/><\/p>\n<p><em>Foto: Jean-Baptiste B\u00e9ranger<\/em><\/p>\n<p>Hans m\u00e5lningar \u00e4r stora, vissa enorma och fr\u00e5gan uppstod om han inte t\u00e4nkte att det skulle vara sv\u00e5rt att s\u00e4lja dem, men \u00a0&#8221;att f\u00f6rs\u00f6rja sig p\u00e5 sin konst var inte ens en tanke p\u00e5 den tiden&#8221;, h\u00e4vdar Rolf. &#8221;Sen var det ju en och annan som k\u00f6pte \u00e4nd\u00e5&#8221;.<\/p>\n<p>Annars \u00e4r hans konst lite som att ligga p\u00e5 rygg och titta upp p\u00e5 molnen p\u00e5 himlen och l\u00e5ta sin egen fantasi skapa bilderna. Moln som vid f\u00f6rsta anblicken bara \u00e4r moln, men med den egna fantasin kan bli n\u00e4stan vad som helst.\u00a0 Och det \u00e4r fantastiska bilder han l\u00e5ter min fantasi skapa. Rolfs m\u00e5lningar \u00e4r upprepningar och repetitioner och omtolkningar.\u00a0 Lars Nittve beskriver det ganska fint &#8221;Rolf har h\u00e5llit p\u00e5 med samma hela tiden, kn\u00e5dar sig igenom sina m\u00e5lningar och ut kommer n\u00e5got helt fantastiskt&#8221;.<\/p>\n<p>Till utst\u00e4llningen h\u00f6r ocks\u00e5 en vackert soundtrack, musik av Jonas Lindgren tidigare medlem av Fl\u00e4skkvartetten. Han har inspirerats av Hansons m\u00e5leri och skapat ett\u00a0 soundtrack Music for a Painter I Know, som ocks\u00e5 finns att k\u00f6pa i Artipelags musieshop.<span style=\"caret-color: #000000; color: #000000; font-family: Georgia, Times, serif; font-size: 14px; font-style: normal; font-variant-caps: normal; font-weight: normal; letter-spacing: normal; orphans: auto; text-align: left; text-indent: 0px; text-transform: none; white-space: normal; widows: auto; word-spacing: 0px; -webkit-tap-highlight-color: rgba(26, 26, 26, 0.3); -webkit-text-size-adjust: 100%; -webkit-text-stroke-width: 0px; background-color: #ffffff; text-decoration: none; display: inline !important; float: none;\">\u00a0<\/span><\/p>\n<p>Och musiken \u00e4r viktig, Rolf l\u00e4r ha sagt att &#8221;om jag inte hade blivit konstn\u00e4r hade jag blivit musiker&#8221;.<\/p>\n<p><img loading=\"lazy\" decoding=\"async\" class=\"aligncenter size-full wp-image-210408\" src=\"https:\/\/kulturista.se\/test\/wp-content\/uploads\/2021\/06\/hanson3.jpg\" alt=\"\" width=\"1334\" height=\"885\" srcset=\"https:\/\/kulturista.se\/test\/wp-content\/uploads\/2021\/06\/hanson3.jpg 1334w, https:\/\/kulturista.se\/test\/wp-content\/uploads\/2021\/06\/hanson3-1280x849.jpg 1280w, https:\/\/kulturista.se\/test\/wp-content\/uploads\/2021\/06\/hanson3-980x650.jpg 980w, https:\/\/kulturista.se\/test\/wp-content\/uploads\/2021\/06\/hanson3-480x318.jpg 480w\" sizes=\"(min-width: 0px) and (max-width: 480px) 480px, (min-width: 481px) and (max-width: 980px) 980px, (min-width: 981px) and (max-width: 1280px) 1280px, (min-width: 1281px) 1334px, 100vw\" \/><\/p>\n<p><em>Foto: Jean-Baptiste B\u00e9ranger<\/em><\/p>\n<p>Utst\u00e4llningen Rolf Hanson \u2013 Retroactive \u00e4r den st\u00f6rsta utst\u00e4llningen som har gjorts med Rolf Hansons verk. Den omfattar hela hans karri\u00e4r, som har p\u00e5g\u00e5tt i 40 \u00e5rs tid. Men ist\u00e4llet f\u00f6r att kalla det f\u00f6r en retrospektiv utst\u00e4llning har Artipelag valt att kalla utst\u00e4llningen f\u00f6r en retroaktiv, en hint om Rolf Hanson\u00a0 inte befinner sig vid en slutpunkt, utan att hans konstn\u00e4rskap fortfarande befinner sig i en utvecklingsfas som st\u00e4ndigt resulterar i nya konstellationer och omtolkningar och kn\u00e5dande av tidigare verk.<\/p>\n<p>Utst\u00e4llningen Rolf Hanson \u2013 Retroactive visas 5 juni 2021 \u2013 28 november 2021<\/p>\n<p>Artipelag, Artipelagstigen 1 Gustavsberg<br \/>\nTelefon: 08-570 130 00<br \/>\nE-post: <a href=\"mailto:info@artipelag.se\">info@artipelag.se <\/a><\/p>\n<p>Hemsida: <strong><em><a href=\"https:\/\/artipelag.se\/\" target=\"_blank\" rel=\"noopener\">https:\/\/artipelag.se\/<\/a><\/em><\/strong><\/p>\n<p>\u00d6ppettider: Tisdag\u2013s\u00f6ndag kl 11\u201317<\/p>\n<p>&nbsp;<\/p>\n","protected":false},"excerpt":{"rendered":"<p>Jag b\u00f6rjar med att erk\u00e4nna att jag faktiskt inte k\u00e4nde till Rolf Hanson innan Artipelag gjorde mig uppm\u00e4rksam p\u00e5 att de skulle ha en stor utst\u00e4llning med honom. Jag fick helt enkelt l\u00e4sa p\u00e5 och jag sk\u00e4ms lite \u00f6ver min okunskap f\u00f6r Rolf har ett gediget CV. F\u00f6dd i Malm\u00f6 1953, utbildad vid Kungliga konsth\u00f6gskolan [&hellip;]<\/p>\n","protected":false},"author":1,"featured_media":0,"comment_status":"open","ping_status":"open","sticky":false,"template":"","format":"standard","meta":{"_acf_changed":false,"_et_pb_use_builder":"","_et_pb_old_content":"","_et_gb_content_width":"","_jetpack_newsletter_access":"","_jetpack_dont_email_post_to_subs":false,"_jetpack_newsletter_tier_id":0,"_jetpack_memberships_contains_paywalled_content":false,"_jetpack_feature_clip_id":0,"_jetpack_memberships_contains_paid_content":false,"footnotes":"","jetpack_post_was_ever_published":false},"categories":[19],"tags":[],"class_list":["post-210365","post","type-post","status-publish","format-standard","hentry","category-museer-utstallningar"],"acf":[],"jetpack_sharing_enabled":true,"jetpack_featured_media_url":"","_links":{"self":[{"href":"https:\/\/kulturista.se\/test\/wp-json\/wp\/v2\/posts\/210365","targetHints":{"allow":["GET"]}}],"collection":[{"href":"https:\/\/kulturista.se\/test\/wp-json\/wp\/v2\/posts"}],"about":[{"href":"https:\/\/kulturista.se\/test\/wp-json\/wp\/v2\/types\/post"}],"author":[{"embeddable":true,"href":"https:\/\/kulturista.se\/test\/wp-json\/wp\/v2\/users\/1"}],"replies":[{"embeddable":true,"href":"https:\/\/kulturista.se\/test\/wp-json\/wp\/v2\/comments?post=210365"}],"version-history":[{"count":16,"href":"https:\/\/kulturista.se\/test\/wp-json\/wp\/v2\/posts\/210365\/revisions"}],"predecessor-version":[{"id":210416,"href":"https:\/\/kulturista.se\/test\/wp-json\/wp\/v2\/posts\/210365\/revisions\/210416"}],"wp:attachment":[{"href":"https:\/\/kulturista.se\/test\/wp-json\/wp\/v2\/media?parent=210365"}],"wp:term":[{"taxonomy":"category","embeddable":true,"href":"https:\/\/kulturista.se\/test\/wp-json\/wp\/v2\/categories?post=210365"},{"taxonomy":"post_tag","embeddable":true,"href":"https:\/\/kulturista.se\/test\/wp-json\/wp\/v2\/tags?post=210365"}],"curies":[{"name":"wp","href":"https:\/\/api.w.org\/{rel}","templated":true}]}}