{"id":210353,"date":"2021-06-02T21:42:04","date_gmt":"2021-06-02T19:42:04","guid":{"rendered":"https:\/\/kulturista.se\/test\/?p=210353"},"modified":"2025-12-03T13:01:53","modified_gmt":"2025-12-03T12:01:53","slug":"roy-andersson-pa-kulturhuset","status":"publish","type":"post","link":"https:\/\/kulturista.se\/test\/roy-andersson-pa-kulturhuset\/","title":{"rendered":"Roy Andersson p\u00e5 Kulturhuset"},"content":{"rendered":"<p>Nu visas utst\u00e4llningen <em>Om detta att vara m\u00e4nniska<\/em> om filmskaparen &#8211; och i min bok geniet Roy Andersson och hans scenografiska filmv\u00e4rld. Hans egensinniga bildspr\u00e5k i tabl\u00e5form, d\u00e4r varje scen \u00e4r ett konstverk och en dikt. Utst\u00e4llningen \u00e4r ett retrospektiv om Roy Anderssons filmer och konstn\u00e4rskap under hela 50 \u00e5r. Vi f\u00e5r f\u00f6lja hans filmer fr\u00e5n En k\u00e4rlekshistoria fr\u00e5n 1970, alla hans reklamfilmer (som f\u00f6r \u00f6vrigt ocks\u00e5 visas p\u00e5 en sk\u00e4rm i utst\u00e4llningen) till hans hyllade och prisvinnande <em>En duva satt p\u00e5 en gren och funderade p\u00e5 tillvaron<\/em>, fram till idag.<\/p>\n<p>Vi f\u00e5r ocks\u00e5 ta del av den arbetsprocess han utarbetat som ocks\u00e5 g\u00f6r hans filmer unika och ger dem en omissk\u00e4nnlig Roy Anderssonk\u00e4nsla.<\/p>\n<p><img loading=\"lazy\" decoding=\"async\" src=\"https:\/\/kulturista.se\/test\/wp-content\/uploads\/2021\/06\/roy2.jpg\" class=\"aligncenter size-full wp-image-210383\" alt=\"\" width=\"960\" height=\"640\" srcset=\"https:\/\/kulturista.se\/test\/wp-content\/uploads\/2021\/06\/roy2.jpg 960w, https:\/\/kulturista.se\/test\/wp-content\/uploads\/2021\/06\/roy2-480x320.jpg 480w\" sizes=\"(min-width: 0px) and (max-width: 480px) 480px, (min-width: 481px) 960px, 100vw\" \/><\/p>\n<p>Roy Anderssons perfektion och noggrannhet f\u00f6r att n\u00e5 ett resultat som \u00e4r exakt i relation till den ursprungliga visionen \u00e4r vida k\u00e4nt och varje scen, oberoende l\u00e4ngd, \u00e4r filmad i en enda tagning. En scen kan d\u00e4rf\u00f6r kr\u00e4va ett 30-tal testtagningar och upp till 100 omtagningar. D\u00e4r finns svaret p\u00e5 varf\u00f6r filmerna tar s\u00e5 l\u00e5ng tid att g\u00f6ra.<\/p>\n<p>Till alla som funderat \u00f6ver hur milj\u00f6erna d\u00e4r inspelningarna gjorts f\u00e5r svar i utst\u00e4llningen.&nbsp; Vi f\u00e5r f\u00f6lja in bakom de (handm\u00e5lade) kulisserna och ta del av hur han arbetat. H\u00e4r m\u00e5ste jag ocks\u00e5 sk\u00e4nka en eloge till Kulturhuset Stadsteaterns dekorverkst\u00e4der f\u00f6r en fantastisk insats.<\/p>\n<p>Roy Andersson och hans medarbetare arbetar ofta med att skapa en &#8221;trompe l&#8217;oeil&#8221;-effekt, en teknik som ger optiska illusioner och som anv\u00e4ndes i filmens ungdom. Med den kan man skapa djup och f\u00e5 ett rum eller en scen att verka mycket st\u00f6rre.&nbsp; En rolig detalj i utst\u00e4llningen \u00e4r d\u00e4rf\u00f6r att man byggt upp en liten rigg med&nbsp; trompe l&#8217;oeil och kamera och d\u00e4r man p\u00e5 en sk\u00e4rm kan se hur man skulle se ut i en Roy Anderssonfilm om man st\u00e4ller sig framf\u00f6r dekoren.<\/p>\n<p><img loading=\"lazy\" decoding=\"async\" src=\"https:\/\/kulturista.se\/test\/wp-content\/uploads\/2021\/06\/royc1.jpg\" class=\"aligncenter size-full wp-image-210384\" alt=\"\" width=\"1334\" height=\"885\" srcset=\"https:\/\/kulturista.se\/test\/wp-content\/uploads\/2021\/06\/royc1.jpg 1334w, https:\/\/kulturista.se\/test\/wp-content\/uploads\/2021\/06\/royc1-1280x849.jpg 1280w, https:\/\/kulturista.se\/test\/wp-content\/uploads\/2021\/06\/royc1-980x650.jpg 980w, https:\/\/kulturista.se\/test\/wp-content\/uploads\/2021\/06\/royc1-480x318.jpg 480w\" sizes=\"(min-width: 0px) and (max-width: 480px) 480px, (min-width: 481px) and (max-width: 980px) 980px, (min-width: 981px) and (max-width: 1280px) 1280px, (min-width: 1281px) 1334px, 100vw\" \/><\/p>\n<p>Hans filmer \u00e5terkommer till temat om att vara m\u00e4nniska, om vardagen, livet, skuld, d\u00f6den, klassamh\u00e4llet och k\u00e4rleken och m\u00e4nniskorna portr\u00e4tteras utan glamour ofta i en trist och gr\u00e5 milj\u00f6. Scenerna \u00e4r ofta vardagliga men ocks\u00e5 absurda och inte s\u00e4llan sm\u00e4rtsamt n\u00e4rg\u00e5ngna och nakna. Ofta i en kombination av tragik och komik.<\/p>\n<p><img loading=\"lazy\" decoding=\"async\" src=\"https:\/\/kulturista.se\/test\/wp-content\/uploads\/2021\/06\/royc5.jpg\" class=\"aligncenter size-full wp-image-210385\" alt=\"\" width=\"1334\" height=\"885\" srcset=\"https:\/\/kulturista.se\/test\/wp-content\/uploads\/2021\/06\/royc5.jpg 1334w, https:\/\/kulturista.se\/test\/wp-content\/uploads\/2021\/06\/royc5-1280x849.jpg 1280w, https:\/\/kulturista.se\/test\/wp-content\/uploads\/2021\/06\/royc5-980x650.jpg 980w, https:\/\/kulturista.se\/test\/wp-content\/uploads\/2021\/06\/royc5-480x318.jpg 480w\" sizes=\"(min-width: 0px) and (max-width: 480px) 480px, (min-width: 481px) and (max-width: 980px) 980px, (min-width: 981px) and (max-width: 1280px) 1280px, (min-width: 1281px) 1334px, 100vw\" \/><\/p>\n<p><em>Foto: Matilda Rahm&nbsp;<\/em><\/p>\n<p>I min ungdom extrakn\u00e4ckte jag som statist och pluggade ocks\u00e5 produktionsdesign p\u00e5 d\u00e5varande DI, nuvarande filmh\u00f6gskolan, jag jobbade ocks\u00e5&nbsp; d\u00e4refter under flera \u00e5r med scenografi och produktionsdesign.<\/p>\n<p>Flera \u00e5r senare d\u00e5 jag l\u00e4mnat statistkn\u00e4cken bakom mig och \u00e4ven filmbranschen f\u00f6r den delen blev jag uppringd av en person p\u00e5 Studio 24 som fr\u00e5gade om jag var intresserad av att statera i en film av Roy Andersson.<br \/>\nJag hade som sagt lagt det d\u00e4r bakom mig &#8211; och tyckte det k\u00e4ndes n\u00e4stan lite genant att ta ett statistjobb, och tackade d\u00e4rf\u00f6r nej.<\/p>\n<p>N\u00e5gra \u00e5r senare gick det upp f\u00f6r mig att det var filmen S\u00e5nger fr\u00e5n andra v\u00e5ningen jag tackat nej till. Detta tillh\u00f6r ett av de beslut jag fattat som jag \u00e5ngrar djupt. Fatta att ha f\u00e5tt vara med i den filmen och att p\u00e5 plats f\u00e5tt ta del av den unika arbetsprocess som Roy utvecklat. S\u00e5 Roy, om du r\u00e5kar l\u00e4sa detta please ge mig en ny chans.<\/p>\n<p><img loading=\"lazy\" decoding=\"async\" src=\"https:\/\/kulturista.se\/test\/wp-content\/uploads\/2021\/06\/royc3.jpg\" class=\"aligncenter size-full wp-image-210386\" alt=\"\" width=\"1334\" height=\"885\" srcset=\"https:\/\/kulturista.se\/test\/wp-content\/uploads\/2021\/06\/royc3.jpg 1334w, https:\/\/kulturista.se\/test\/wp-content\/uploads\/2021\/06\/royc3-1280x849.jpg 1280w, https:\/\/kulturista.se\/test\/wp-content\/uploads\/2021\/06\/royc3-980x650.jpg 980w, https:\/\/kulturista.se\/test\/wp-content\/uploads\/2021\/06\/royc3-480x318.jpg 480w\" sizes=\"(min-width: 0px) and (max-width: 480px) 480px, (min-width: 481px) and (max-width: 980px) 980px, (min-width: 981px) and (max-width: 1280px) 1280px, (min-width: 1281px) 1334px, 100vw\" \/><\/p>\n<p><em>Foto: Matilda Rahm<\/em><\/p>\n<p>Om du \u00e4r intresserad av film i allm\u00e4nhet och Roys filmer i synnerhet \u00e4r det h\u00e4r en utst\u00e4llning du m\u00e5ste se. Jag kan ocks\u00e5 varmt rekommendera <em>&#8221;<a href=\"https:\/\/www.svtplay.se\/video\/31248378\/roy-andersson-being-a-human-person\" target=\"_blank\" rel=\"noopener\"><strong>Being a human person<\/strong><\/a>&#8221; <\/em>&nbsp;en dokument\u00e4r om Roy Andersson som ligger p\u00e5 SVT Play (kan ses till 29\/6-2021)<\/p>\n<p>Kulturhuset Sergels torg, Galleri 5<br \/>\nTel: 08-506 20 200<br \/>\nE-post: <a href=\"mailto:kundtjanst@kulturhusetstadsteatern.se\" target=\"_blank\" rel=\"noopener\">kundtjanst@kulturhusetstadsteatern.se<\/a><br \/>\nHemsida: <strong><em><a href=\"https:\/\/kulturhusetstadsteatern.se\/\" target=\"_blank\" rel=\"noopener\">https:\/\/kulturhusetstadsteatern.se\/<\/a><\/em><\/strong><br \/>\nUtst\u00e4llningen \u00f6ppnar 28 maj 2021 och visas till 9 januari 2022<br \/>\nBiljetter m\u00e5ste f\u00f6rhandsbokas, detta g\u00f6r du <strong><em><a href=\"https:\/\/kulturhusetstadsteatern.se\/utstallningar\/roy-andersson-om-detta-att-vara-manniska#EventTicketsBlock\" target=\"_blank\" rel=\"noopener\">h\u00e4r.<\/a><\/em><\/strong><\/p>\n<p>&nbsp;<\/p>\n<p>&nbsp;<\/p>\n<p>&nbsp;<\/p>\n<p>&nbsp;<\/p>\n<p>&nbsp;<\/p>\n<p>&nbsp;<\/p>\n<p>&nbsp;<\/p>\n","protected":false},"excerpt":{"rendered":"<p>Nu visas utst\u00e4llningen Om detta att vara m\u00e4nniska om filmskaparen &#8211; och i min bok geniet Roy Andersson och hans scenografiska filmv\u00e4rld. Hans egensinniga bildspr\u00e5k i tabl\u00e5form, d\u00e4r varje scen \u00e4r ett konstverk och en dikt. Utst\u00e4llningen \u00e4r ett retrospektiv om Roy Anderssons filmer och konstn\u00e4rskap under hela 50 \u00e5r. Vi f\u00e5r f\u00f6lja hans filmer [&hellip;]<\/p>\n","protected":false},"author":1,"featured_media":0,"comment_status":"open","ping_status":"open","sticky":false,"template":"","format":"standard","meta":{"_acf_changed":false,"_et_pb_use_builder":"","_et_pb_old_content":"","_et_gb_content_width":"","_jetpack_newsletter_access":"","_jetpack_dont_email_post_to_subs":false,"_jetpack_newsletter_tier_id":0,"_jetpack_memberships_contains_paywalled_content":false,"_jetpack_feature_clip_id":0,"_jetpack_memberships_contains_paid_content":false,"footnotes":"","jetpack_post_was_ever_published":false},"categories":[19],"tags":[],"class_list":["post-210353","post","type-post","status-publish","format-standard","hentry","category-museer-utstallningar"],"acf":[],"jetpack_sharing_enabled":true,"jetpack_featured_media_url":"","_links":{"self":[{"href":"https:\/\/kulturista.se\/test\/wp-json\/wp\/v2\/posts\/210353","targetHints":{"allow":["GET"]}}],"collection":[{"href":"https:\/\/kulturista.se\/test\/wp-json\/wp\/v2\/posts"}],"about":[{"href":"https:\/\/kulturista.se\/test\/wp-json\/wp\/v2\/types\/post"}],"author":[{"embeddable":true,"href":"https:\/\/kulturista.se\/test\/wp-json\/wp\/v2\/users\/1"}],"replies":[{"embeddable":true,"href":"https:\/\/kulturista.se\/test\/wp-json\/wp\/v2\/comments?post=210353"}],"version-history":[{"count":20,"href":"https:\/\/kulturista.se\/test\/wp-json\/wp\/v2\/posts\/210353\/revisions"}],"predecessor-version":[{"id":210397,"href":"https:\/\/kulturista.se\/test\/wp-json\/wp\/v2\/posts\/210353\/revisions\/210397"}],"wp:attachment":[{"href":"https:\/\/kulturista.se\/test\/wp-json\/wp\/v2\/media?parent=210353"}],"wp:term":[{"taxonomy":"category","embeddable":true,"href":"https:\/\/kulturista.se\/test\/wp-json\/wp\/v2\/categories?post=210353"},{"taxonomy":"post_tag","embeddable":true,"href":"https:\/\/kulturista.se\/test\/wp-json\/wp\/v2\/tags?post=210353"}],"curies":[{"name":"wp","href":"https:\/\/api.w.org\/{rel}","templated":true}]}}