{"id":210345,"date":"2021-05-29T13:16:12","date_gmt":"2021-05-29T11:16:12","guid":{"rendered":"https:\/\/kulturista.se\/test\/?p=210345"},"modified":"2025-12-03T13:02:07","modified_gmt":"2025-12-03T12:02:07","slug":"transmission-pa-konstakademien","status":"publish","type":"post","link":"https:\/\/kulturista.se\/test\/transmission-pa-konstakademien\/","title":{"rendered":"Transmission p\u00e5 Konstakademien"},"content":{"rendered":"<p>Det \u00e4r lite k\u00f6rigt nu, V\u00e5rsalongen p\u00e5 Liljevalchs och konsth\u00f6gskolornas examensutst\u00e4llningar \u00f6ppnade samtidigt i \u00e5r s\u00e5 jag har skuttat runt som en liten iller f\u00f6r att inte missa allt.<\/p>\n<p>V\u00e5rsalongen \u00e4r avhandlad <a href=\"https:\/\/kulturista.se\/test\/varsalongen-2021\/\" target=\"_blank\" rel=\"noopener\"><em><strong>(l\u00e4s h\u00e4r<\/strong><\/em><\/a>) och nu har jag bes\u00f6kt Konstakademien som visar utst\u00e4llningen <em>Transmission<\/em> som \u00e4r Kungliga Konsth\u00f6gskolans masterstudenters utst\u00e4llning.<\/p>\n<p>Redan i den vackra Nikehallen m\u00f6ts man av ett lite fr\u00e4mmande element. Alla som v\u00e4nt kakel i simbass\u00e4nger k\u00e4nner genast igen linorna som delar simbanorna p\u00e5 badhusen, det n\u00e4sta jag noterar \u00e4r ett sublimt undervattensljud. Sedan handdukar och bj\u00f6rkris och luktar det inte lite klor ocks\u00e5? En trappa upp finns en &#8221;bastu&#8221; d\u00e4r en film om konstn\u00e4rens tankar kring sauna visas (d\u00e4r jag f\u00f6r \u00f6vrigt lite svettigt blev kvar efter st\u00e4ngning och fick lite bestyr med f\u00f6r att ta mig ut).<\/p>\n<p>Installationen av Cristian Quinteros Soto heter <em>Sauna session<\/em> &#8211; och hos mig som \u00e4r en simmare knyter det sig i magen av l\u00e4ngtan till n\u00e4rmaste badhus efter att de varit st\u00e4ngda en l\u00e5ng tid.<\/p>\n<p><img loading=\"lazy\" decoding=\"async\" class=\"aligncenter size-full wp-image-210370\" src=\"https:\/\/kulturista.se\/test\/wp-content\/uploads\/2021\/05\/mfa1.jpg\" alt=\"\" width=\"1334\" height=\"885\" srcset=\"https:\/\/kulturista.se\/test\/wp-content\/uploads\/2021\/05\/mfa1.jpg 1334w, https:\/\/kulturista.se\/test\/wp-content\/uploads\/2021\/05\/mfa1-1280x849.jpg 1280w, https:\/\/kulturista.se\/test\/wp-content\/uploads\/2021\/05\/mfa1-980x650.jpg 980w, https:\/\/kulturista.se\/test\/wp-content\/uploads\/2021\/05\/mfa1-480x318.jpg 480w\" sizes=\"(min-width: 0px) and (max-width: 480px) 480px, (min-width: 481px) and (max-width: 980px) 980px, (min-width: 981px) and (max-width: 1280px) 1280px, (min-width: 1281px) 1334px, 100vw\" \/><\/p>\n<p>Malin Molin har jag f\u00f6ljt lite, hon st\u00e4llde ut p\u00e5 Mejan h\u00f6sten 2020 med utst\u00e4llningen \u201dMagen\u201d. Sviten nedan till v\u00e4nster kallar hon Gonzo. Gonzo painting (har jag l\u00e4rt mig) &#8221;favoriserar stil f\u00f6re korrekthet och s\u00f6ker att beskriva personliga erfarenheter eller sj\u00e4lva k\u00e4rnan i k\u00e4nslan f\u00f6r saker snarare \u00e4n fakta. Den \u00e5sidos\u00e4tter den &#8221;polerade&#8221; massmediala produkten och str\u00e4var efter en mer k\u00e4nsloladdad framst\u00e4llning&#8221; (K\u00e4lla Wikipedia)<\/p>\n<p>I sina m\u00e5lningar av havets l\u00e4ckerheter, ostronen, i godiset och de erotiska t\u00e5rtljusen finns en inbyggd konflikt, de \u00e4r h\u00e4rliga och inbjudande men ocks\u00e5 lite \u00e4ckliga och motbjudande. Jag f\u00e5r helt klart en Gonzok\u00e4nsla.<\/p>\n<p>I sin dagbok skriver hon:<br \/>\n<em>&#8221;Mina m\u00e5lningar \u00e4r en infantil fl\u00f6rt med det banala. Visst finns det inneh\u00e5ll i det dekorativa och det \u00e4r inte s\u00e5 oskyldigt som man skulle kunna tro. Sedan jag var liten har jag k\u00e4nt en stark \u00e5tr\u00e5 till en s\u00e4rskild sorts estetik. Mycket rosa, mycket glitter, saftigt p\u00e5 n\u00e5got vis. Numera f\u00f6rknippar jag estetiken med ord som Hyperconsumerism, Deepfake, Post Truth. Bilden lurar oss att tro att den \u00e4r sann, d\u00e4rf\u00f6r m\u00e5ste vi misstro den&#8221;<\/em><\/p>\n<p><img loading=\"lazy\" decoding=\"async\" class=\"aligncenter size-full wp-image-210371\" src=\"https:\/\/kulturista.se\/test\/wp-content\/uploads\/2021\/05\/mfa2.jpg\" alt=\"\" width=\"1334\" height=\"885\" srcset=\"https:\/\/kulturista.se\/test\/wp-content\/uploads\/2021\/05\/mfa2.jpg 1334w, https:\/\/kulturista.se\/test\/wp-content\/uploads\/2021\/05\/mfa2-1280x849.jpg 1280w, https:\/\/kulturista.se\/test\/wp-content\/uploads\/2021\/05\/mfa2-980x650.jpg 980w, https:\/\/kulturista.se\/test\/wp-content\/uploads\/2021\/05\/mfa2-480x318.jpg 480w\" sizes=\"(min-width: 0px) and (max-width: 480px) 480px, (min-width: 481px) and (max-width: 980px) 980px, (min-width: 981px) and (max-width: 1280px) 1280px, (min-width: 1281px) 1334px, 100vw\" \/><\/p>\n<p><em>Ovan v\u00e4nster: Tim H\u00f8ibjerg Ovan h\u00f6ger: Malin Molin<\/em><\/p>\n<p>Madeleine Jacobssons verk g\u00f6r mig p\u00e5 gott hum\u00f6r, hon har gjort en serie monster som \u00e4r allt annat \u00e4n skr\u00e4mmande, snarare verkar de lite ledsna \u00f6ver att de inte skr\u00e4ms. Hon verkar ha haft v\u00e4ldigt roligt i skapandeprocessen.<\/p>\n<p><img loading=\"lazy\" decoding=\"async\" class=\"aligncenter size-full wp-image-210372\" src=\"https:\/\/kulturista.se\/test\/wp-content\/uploads\/2021\/05\/mfa3.jpg\" alt=\"\" width=\"1334\" height=\"885\" srcset=\"https:\/\/kulturista.se\/test\/wp-content\/uploads\/2021\/05\/mfa3.jpg 1334w, https:\/\/kulturista.se\/test\/wp-content\/uploads\/2021\/05\/mfa3-1280x849.jpg 1280w, https:\/\/kulturista.se\/test\/wp-content\/uploads\/2021\/05\/mfa3-980x650.jpg 980w, https:\/\/kulturista.se\/test\/wp-content\/uploads\/2021\/05\/mfa3-480x318.jpg 480w\" sizes=\"(min-width: 0px) and (max-width: 480px) 480px, (min-width: 481px) and (max-width: 980px) 980px, (min-width: 981px) and (max-width: 1280px) 1280px, (min-width: 1281px) 1334px, 100vw\" \/><\/p>\n<p>&nbsp;<\/p>\n<p><img loading=\"lazy\" decoding=\"async\" class=\"aligncenter size-full wp-image-210377\" src=\"https:\/\/kulturista.se\/test\/wp-content\/uploads\/2021\/05\/mfa4.jpg\" alt=\"\" width=\"1334\" height=\"885\" srcset=\"https:\/\/kulturista.se\/test\/wp-content\/uploads\/2021\/05\/mfa4.jpg 1334w, https:\/\/kulturista.se\/test\/wp-content\/uploads\/2021\/05\/mfa4-1280x849.jpg 1280w, https:\/\/kulturista.se\/test\/wp-content\/uploads\/2021\/05\/mfa4-980x650.jpg 980w, https:\/\/kulturista.se\/test\/wp-content\/uploads\/2021\/05\/mfa4-480x318.jpg 480w\" sizes=\"(min-width: 0px) and (max-width: 480px) 480px, (min-width: 481px) and (max-width: 980px) 980px, (min-width: 981px) and (max-width: 1280px) 1280px, (min-width: 1281px) 1334px, 100vw\" \/><\/p>\n<p><em>Ovan v\u00e4nster: Madeleine Jacobsson, ovan h\u00f6ger sals\u00f6versikt med bland annat Vinicius Jayme Vallorani<\/em><\/p>\n<p>Det \u00e4r en fin utst\u00e4llning, snyggt curerad med vad det verkar tanke p\u00e5 rummen och verken i samklang. De flesta konstn\u00e4rer har ocks\u00e5 sina verk samlade vilket g\u00f6r det l\u00e4ttare att att skapa en helhetsbild.<\/p>\n<p>\u00d6vriga medverkande: \u00a0Nada Ali, Johan Eriksson, Kasper Nordenstr\u00f6m Jung, Siiri J\u00fcris, Ida Lindgren, Karin Lindsten, Emelie Markgren,\u00a0 Georg Nordmark, Andr\u00e9 Nordstr\u00f6m, Hampus Wernemyr.<\/p>\n<p>Utst\u00e4llningen Transmission visas till 12\/6.<\/p>\n<p>Konstakademien, Fredsgatan 12<br \/>\nTelefon: 08-23 29 45<br \/>\nHemsida: <a href=\"https:\/\/konstakademien.se\/\" target=\"_blank\" rel=\"noopener\"><em><strong>https:\/\/konstakademien.se\/<\/strong><\/em><\/a><\/p>\n<p>\u00d6ppettider:<br \/>\ntis &#8211; fre: 11-16<br \/>\nl\u00f6r: 12-16<\/p>\n<p>&nbsp;<\/p>\n<p>&nbsp;<\/p>\n<p>&nbsp;<\/p>\n<p>&nbsp;<\/p>\n","protected":false},"excerpt":{"rendered":"<p>Det \u00e4r lite k\u00f6rigt nu, V\u00e5rsalongen p\u00e5 Liljevalchs och konsth\u00f6gskolornas examensutst\u00e4llningar \u00f6ppnade samtidigt i \u00e5r s\u00e5 jag har skuttat runt som en liten iller f\u00f6r att inte missa allt. V\u00e5rsalongen \u00e4r avhandlad (l\u00e4s h\u00e4r) och nu har jag bes\u00f6kt Konstakademien som visar utst\u00e4llningen Transmission som \u00e4r Kungliga Konsth\u00f6gskolans masterstudenters utst\u00e4llning. Redan i den vackra Nikehallen [&hellip;]<\/p>\n","protected":false},"author":1,"featured_media":0,"comment_status":"open","ping_status":"open","sticky":false,"template":"","format":"standard","meta":{"_acf_changed":false,"_et_pb_use_builder":"","_et_pb_old_content":"","_et_gb_content_width":"","_jetpack_newsletter_access":"","_jetpack_dont_email_post_to_subs":false,"_jetpack_newsletter_tier_id":0,"_jetpack_memberships_contains_paywalled_content":false,"_jetpack_feature_clip_id":0,"_jetpack_memberships_contains_paid_content":false,"footnotes":"","jetpack_post_was_ever_published":false},"categories":[19],"tags":[],"class_list":["post-210345","post","type-post","status-publish","format-standard","hentry","category-museer-utstallningar"],"acf":[],"jetpack_sharing_enabled":true,"jetpack_featured_media_url":"","_links":{"self":[{"href":"https:\/\/kulturista.se\/test\/wp-json\/wp\/v2\/posts\/210345","targetHints":{"allow":["GET"]}}],"collection":[{"href":"https:\/\/kulturista.se\/test\/wp-json\/wp\/v2\/posts"}],"about":[{"href":"https:\/\/kulturista.se\/test\/wp-json\/wp\/v2\/types\/post"}],"author":[{"embeddable":true,"href":"https:\/\/kulturista.se\/test\/wp-json\/wp\/v2\/users\/1"}],"replies":[{"embeddable":true,"href":"https:\/\/kulturista.se\/test\/wp-json\/wp\/v2\/comments?post=210345"}],"version-history":[{"count":15,"href":"https:\/\/kulturista.se\/test\/wp-json\/wp\/v2\/posts\/210345\/revisions"}],"predecessor-version":[{"id":210382,"href":"https:\/\/kulturista.se\/test\/wp-json\/wp\/v2\/posts\/210345\/revisions\/210382"}],"wp:attachment":[{"href":"https:\/\/kulturista.se\/test\/wp-json\/wp\/v2\/media?parent=210345"}],"wp:term":[{"taxonomy":"category","embeddable":true,"href":"https:\/\/kulturista.se\/test\/wp-json\/wp\/v2\/categories?post=210345"},{"taxonomy":"post_tag","embeddable":true,"href":"https:\/\/kulturista.se\/test\/wp-json\/wp\/v2\/tags?post=210345"}],"curies":[{"name":"wp","href":"https:\/\/api.w.org\/{rel}","templated":true}]}}