{"id":210317,"date":"2021-05-25T14:59:50","date_gmt":"2021-05-25T12:59:50","guid":{"rendered":"https:\/\/kulturista.se\/test\/?p=210317"},"modified":"2025-12-03T13:02:22","modified_gmt":"2025-12-03T12:02:22","slug":"varsalongen-2021","status":"publish","type":"post","link":"https:\/\/kulturista.se\/test\/varsalongen-2021\/","title":{"rendered":"V\u00e5rsalongen 2021"},"content":{"rendered":"<p>Jag har bes\u00f6kt Liljevalchs och sett V\u00e5rsalongen 2021 som likt allt annat i samh\u00e4llet ocks\u00e5 p\u00e5verkats av pandemin. M\u00e5nga av verken skildrar den tid vi levt i det senaste \u00e5ret med\u00a0 ensamhet, avst\u00e5nd, tv\u00e5l, l\u00e4ngtan &#8211; men ocks\u00e5 skapargl\u00e4dje.<\/p>\n<p><img loading=\"lazy\" decoding=\"async\" class=\"aligncenter size-full wp-image-210338\" src=\"https:\/\/kulturista.se\/test\/wp-content\/uploads\/2021\/05\/kafe.jpg\" alt=\"\" width=\"1334\" height=\"885\" srcset=\"https:\/\/kulturista.se\/test\/wp-content\/uploads\/2021\/05\/kafe.jpg 1334w, https:\/\/kulturista.se\/test\/wp-content\/uploads\/2021\/05\/kafe-1280x849.jpg 1280w, https:\/\/kulturista.se\/test\/wp-content\/uploads\/2021\/05\/kafe-980x650.jpg 980w, https:\/\/kulturista.se\/test\/wp-content\/uploads\/2021\/05\/kafe-480x318.jpg 480w\" sizes=\"(min-width: 0px) and (max-width: 480px) 480px, (min-width: 481px) and (max-width: 980px) 980px, (min-width: 981px) and (max-width: 1280px) 1280px, (min-width: 1281px) 1334px, 100vw\" \/><\/p>\n<p>I kaf\u00e9delen h\u00e4nger till v\u00e4nster Helena Johansson Andas, och till h\u00f6ger Peter Zacsko som st\u00e4ller ut inte mindre \u00e4n 12 verk under namnet &#8221;S\u00e4ger ni v\u00e4gg eller v\u00e4g?&#8221;<br \/>\nStaffan Anderssons skulptur Pennst\u00f6d.<\/p>\n<p><img loading=\"lazy\" decoding=\"async\" class=\"aligncenter size-full wp-image-210337\" src=\"https:\/\/kulturista.se\/test\/wp-content\/uploads\/2021\/05\/varc6.jpg\" alt=\"\" width=\"1334\" height=\"885\" srcset=\"https:\/\/kulturista.se\/test\/wp-content\/uploads\/2021\/05\/varc6.jpg 1334w, https:\/\/kulturista.se\/test\/wp-content\/uploads\/2021\/05\/varc6-1280x849.jpg 1280w, https:\/\/kulturista.se\/test\/wp-content\/uploads\/2021\/05\/varc6-980x650.jpg 980w, https:\/\/kulturista.se\/test\/wp-content\/uploads\/2021\/05\/varc6-480x318.jpg 480w\" sizes=\"(min-width: 0px) and (max-width: 480px) 480px, (min-width: 481px) and (max-width: 980px) 980px, (min-width: 981px) and (max-width: 1280px) 1280px, (min-width: 1281px) 1334px, 100vw\" \/><\/p>\n<p><em>Ovan v\u00e4nster: Svetlana H\u00e4llsten,Totem, tandem &amp; tabu<\/em><br \/>\n<em>Ovan h\u00f6ger: Ilona-Estelle Westman Sonko, \u00d6dmjukheten inf\u00f6r det som \u00e4r st\u00f6rre \u00e4n oss sj\u00e4lva.<\/em><\/p>\n<p>Trots att det \u00e4r m\u00e5leriet som dominerar utst\u00e4llningen och att m\u00e5nga av m\u00e5lningarna tilltalar mig mycket m\u00e5lningarna ovan bland andra, \u00e4r det andra typer av verk som fastnar hos mig.\u00a0 I \u00e5r tycker jag att b\u00e5de de skulpturala och videoverken \u00e4r bra.<\/p>\n<p>Det verk som jag blir mest imponerad av \u00e4r <em>Bibliotek<\/em> av Berit Sepp.<br \/>\nBibliotek \u00e4r en installation med bokkort sammanfogade med glasfibertejp.<br \/>\nBokkort anv\u00e4ndes f\u00f6rr som system f\u00f6r utl\u00e5n. De satt l\u00e4ngst bak i bokfickan och var f\u00e4rgkodade. L\u00e5ntagaren skrev namn och bibliotekarien st\u00e4mplade tiden f\u00f6r utl\u00e5net p\u00e5 kortet. Berit Sepp har gjort 3 st vepliknande sjok av sammanfogade bokkort. Jag st\u00e5r l\u00e4nge och tittar p\u00e5 vilka b\u00f6cker som l\u00e5nats ut och av vem. Jag konstaterar att Astrid Lindgrens Mio min Mio var v\u00e4ldigt popul\u00e4r medan Baron M\u00fcnchhausens underbara \u00e4ventyr tydligen inte l\u00e4mnade bokhyllan s\u00e4rskilt ofta. Jag hoppas innerligt att det h\u00e4r verket k\u00f6ps in av n\u00e5got bibliotek och f\u00e5r en fin plats s\u00e5 fler f\u00e5r m\u00f6jlighet att njuta av det.<\/p>\n<p><img loading=\"lazy\" decoding=\"async\" class=\"aligncenter size-full wp-image-210322\" src=\"https:\/\/kulturista.se\/test\/wp-content\/uploads\/2021\/05\/varc1-1.jpg\" alt=\"\" width=\"1334\" height=\"885\" srcset=\"https:\/\/kulturista.se\/test\/wp-content\/uploads\/2021\/05\/varc1-1.jpg 1334w, https:\/\/kulturista.se\/test\/wp-content\/uploads\/2021\/05\/varc1-1-1280x849.jpg 1280w, https:\/\/kulturista.se\/test\/wp-content\/uploads\/2021\/05\/varc1-1-980x650.jpg 980w, https:\/\/kulturista.se\/test\/wp-content\/uploads\/2021\/05\/varc1-1-480x318.jpg 480w\" sizes=\"(min-width: 0px) and (max-width: 480px) 480px, (min-width: 481px) and (max-width: 980px) 980px, (min-width: 981px) and (max-width: 1280px) 1280px, (min-width: 1281px) 1334px, 100vw\" \/><\/p>\n<p><img loading=\"lazy\" decoding=\"async\" class=\"aligncenter size-full wp-image-210321\" src=\"https:\/\/kulturista.se\/test\/wp-content\/uploads\/2021\/05\/varc2.jpg\" alt=\"\" width=\"1334\" height=\"885\" srcset=\"https:\/\/kulturista.se\/test\/wp-content\/uploads\/2021\/05\/varc2.jpg 1334w, https:\/\/kulturista.se\/test\/wp-content\/uploads\/2021\/05\/varc2-1280x849.jpg 1280w, https:\/\/kulturista.se\/test\/wp-content\/uploads\/2021\/05\/varc2-980x650.jpg 980w, https:\/\/kulturista.se\/test\/wp-content\/uploads\/2021\/05\/varc2-480x318.jpg 480w\" sizes=\"(min-width: 0px) and (max-width: 480px) 480px, (min-width: 481px) and (max-width: 980px) 980px, (min-width: 981px) and (max-width: 1280px) 1280px, (min-width: 1281px) 1334px, 100vw\" \/><\/p>\n<p>&nbsp;<\/p>\n<p>Katharina Stenbeck har gjort en fantastiskt fin kortfilm om \u00e5ngest och om r\u00e4dslan f\u00f6r att missa m\u00e5let, inte g\u00f6ra r\u00e4tt f\u00f6r sig och\u00a0 f\u00f6rlora kontrollen. Hon visar s\u00e5 tr\u00e4ffs\u00e4kert och beskriver p\u00e5 ett humoristiskt s\u00e4tt de k\u00e4nslor vi nog alla lite till mans kan k\u00e4nna. I korta sekvenser ser vi Katharina sj\u00e4lv gestalta den \u00e5ngest hon b\u00e4r p\u00e5.<\/p>\n<p>Katharina har till min stora gl\u00e4dje lagt ut filmen p\u00e5 sin <a href=\"https:\/\/www.katharinastenbeck.com\/\" target=\"_blank\" rel=\"noopener\"><em><strong>hemsida<\/strong><\/em><\/a> som f\u00f6r \u00f6vrigt \u00e4r v\u00e4ldigt fin och rolig, du kan se filmen\u00a0 <a href=\"https:\/\/www.katharinastenbeck.com\/video-animation\" target=\"_blank\" rel=\"noopener\"><em><strong>h\u00e4r<\/strong><\/em><\/a>.<\/p>\n<p><img loading=\"lazy\" decoding=\"async\" class=\"aligncenter size-full wp-image-210325\" src=\"https:\/\/kulturista.se\/test\/wp-content\/uploads\/2021\/05\/varc3.jpg\" alt=\"\" width=\"1334\" height=\"885\" srcset=\"https:\/\/kulturista.se\/test\/wp-content\/uploads\/2021\/05\/varc3.jpg 1334w, https:\/\/kulturista.se\/test\/wp-content\/uploads\/2021\/05\/varc3-1280x849.jpg 1280w, https:\/\/kulturista.se\/test\/wp-content\/uploads\/2021\/05\/varc3-980x650.jpg 980w, https:\/\/kulturista.se\/test\/wp-content\/uploads\/2021\/05\/varc3-480x318.jpg 480w\" sizes=\"(min-width: 0px) and (max-width: 480px) 480px, (min-width: 481px) and (max-width: 980px) 980px, (min-width: 981px) and (max-width: 1280px) 1280px, (min-width: 1281px) 1334px, 100vw\" \/><\/p>\n<p><em>Foto: Liljevalchs<\/em><\/p>\n<p>Ett annat verk som jag tycker mycket om \u00e4r <em>Arkitektonisk sl\u00f6jd<\/em> , en skulptur av Klara Isling, Chrisse Kuisma Karlsson, Espen Hansen. Jag som \u00e4r r\u00e4tt f\u00f6rtjust i konsthantverk och sl\u00f6jd blir s\u00e5 glad \u00f6ver den h\u00e4r skulpturen. Bakgrunden \u00e4r ett projekt som finansierats av N\u00e4mnden f\u00f6r hemsl\u00f6jdsfr\u00e5gor. Projektet ville unders\u00f6ka hur arkitektur, sl\u00f6jd, hantverk, tr\u00e4 och konstruktion kan f\u00f6rh\u00e5lla sig till varandra &#8211; och jag tycker att det funkar finfint! Det \u00e4r verkligen roligt att se hur sl\u00f6jden \u00e5ter \u00e4r p\u00e5 v\u00e4g tillbaka och att traditionella material och disipliner testas p\u00e5 nya s\u00e4tt.<\/p>\n<p><img loading=\"lazy\" decoding=\"async\" class=\"aligncenter size-full wp-image-210335\" src=\"https:\/\/kulturista.se\/test\/wp-content\/uploads\/2021\/05\/varc4.jpg\" alt=\"\" width=\"1334\" height=\"885\" srcset=\"https:\/\/kulturista.se\/test\/wp-content\/uploads\/2021\/05\/varc4.jpg 1334w, https:\/\/kulturista.se\/test\/wp-content\/uploads\/2021\/05\/varc4-1280x849.jpg 1280w, https:\/\/kulturista.se\/test\/wp-content\/uploads\/2021\/05\/varc4-980x650.jpg 980w, https:\/\/kulturista.se\/test\/wp-content\/uploads\/2021\/05\/varc4-480x318.jpg 480w\" sizes=\"(min-width: 0px) and (max-width: 480px) 480px, (min-width: 481px) and (max-width: 980px) 980px, (min-width: 981px) and (max-width: 1280px) 1280px, (min-width: 1281px) 1334px, 100vw\" \/><\/p>\n<p>V\u00e5rsalongen 2021 visas fram till 22 augusti 2021 och i \u00e5r m\u00e5ste du f\u00f6rhandsboka ditt bes\u00f6k. Detta g\u00f6r du <a href=\"https:\/\/billetto.se\/e\/varsalongen-2021-maj-juni-biljetter-521735\" target=\"_blank\" rel=\"noopener\"><em><strong>h\u00e4r<\/strong><\/em><\/a><\/p>\n<p>Liljevalchs, Djurg\u00e5rdsv\u00e4gen 60<br \/>\nTel: 08-508 31 330<br \/>\ne-post: <a href=\"mailto:info.liljevalchs@stockholm.se\" target=\"_blank\" rel=\"noopener\">info.liljevalchs@stockholm.se<\/a><br \/>\nHemsida: <a href=\"https:\/\/www.liljevalchs.se\/\" target=\"_blank\" rel=\"noopener\"><em><strong>https:\/\/www.liljevalchs.se\/<\/strong><\/em><\/a><\/p>\n<p>&nbsp;<\/p>\n","protected":false},"excerpt":{"rendered":"<p>Jag har bes\u00f6kt Liljevalchs och sett V\u00e5rsalongen 2021 som likt allt annat i samh\u00e4llet ocks\u00e5 p\u00e5verkats av pandemin. M\u00e5nga av verken skildrar den tid vi levt i det senaste \u00e5ret med\u00a0 ensamhet, avst\u00e5nd, tv\u00e5l, l\u00e4ngtan &#8211; men ocks\u00e5 skapargl\u00e4dje. I kaf\u00e9delen h\u00e4nger till v\u00e4nster Helena Johansson Andas, och till h\u00f6ger Peter Zacsko som st\u00e4ller ut [&hellip;]<\/p>\n","protected":false},"author":1,"featured_media":0,"comment_status":"open","ping_status":"open","sticky":false,"template":"","format":"standard","meta":{"_acf_changed":false,"_et_pb_use_builder":"","_et_pb_old_content":"","_et_gb_content_width":"","_jetpack_newsletter_access":"","_jetpack_dont_email_post_to_subs":false,"_jetpack_newsletter_tier_id":0,"_jetpack_memberships_contains_paywalled_content":false,"_jetpack_feature_clip_id":0,"_jetpack_memberships_contains_paid_content":false,"footnotes":"","jetpack_post_was_ever_published":false},"categories":[19],"tags":[],"class_list":["post-210317","post","type-post","status-publish","format-standard","hentry","category-museer-utstallningar"],"acf":[],"jetpack_sharing_enabled":true,"jetpack_featured_media_url":"","_links":{"self":[{"href":"https:\/\/kulturista.se\/test\/wp-json\/wp\/v2\/posts\/210317","targetHints":{"allow":["GET"]}}],"collection":[{"href":"https:\/\/kulturista.se\/test\/wp-json\/wp\/v2\/posts"}],"about":[{"href":"https:\/\/kulturista.se\/test\/wp-json\/wp\/v2\/types\/post"}],"author":[{"embeddable":true,"href":"https:\/\/kulturista.se\/test\/wp-json\/wp\/v2\/users\/1"}],"replies":[{"embeddable":true,"href":"https:\/\/kulturista.se\/test\/wp-json\/wp\/v2\/comments?post=210317"}],"version-history":[{"count":20,"href":"https:\/\/kulturista.se\/test\/wp-json\/wp\/v2\/posts\/210317\/revisions"}],"predecessor-version":[{"id":210344,"href":"https:\/\/kulturista.se\/test\/wp-json\/wp\/v2\/posts\/210317\/revisions\/210344"}],"wp:attachment":[{"href":"https:\/\/kulturista.se\/test\/wp-json\/wp\/v2\/media?parent=210317"}],"wp:term":[{"taxonomy":"category","embeddable":true,"href":"https:\/\/kulturista.se\/test\/wp-json\/wp\/v2\/categories?post=210317"},{"taxonomy":"post_tag","embeddable":true,"href":"https:\/\/kulturista.se\/test\/wp-json\/wp\/v2\/tags?post=210317"}],"curies":[{"name":"wp","href":"https:\/\/api.w.org\/{rel}","templated":true}]}}