{"id":210284,"date":"2021-05-14T17:59:11","date_gmt":"2021-05-14T15:59:11","guid":{"rendered":"https:\/\/kulturista.se\/test\/?p=210284"},"modified":"2025-12-03T13:02:50","modified_gmt":"2025-12-03T12:02:50","slug":"hospitalet-stockholm","status":"publish","type":"post","link":"https:\/\/kulturista.se\/test\/hospitalet-stockholm\/","title":{"rendered":"Hospitalet Stockholm"},"content":{"rendered":"<p>P\u00e5 Hospitalet Stockholm visas fram till 30 maj utst\u00e4llningen <em>Stockholm Sessions<\/em>. Det \u00e4r den vackra 1700-talsbyggnaden Danvikens hospital som fr\u00e5n och med nu kommer rymma konst i ett samarbete mellan <em><a href=\"https:\/\/www.kostyal.com\/\" target=\"_blank\" rel=\"noopener\"><strong>Carl Kosty\u00e1l Gallery<\/strong> <\/a><\/em>och <strong><em><a href=\"https:\/\/www.instagram.com\/gullringsbokonstsamling\/\" target=\"_blank\" rel=\"noopener\">Gullringsbo Konstsamling<\/a><\/em><\/strong>.<\/p>\n<p>Stockholms Sessions \u00e4r en vild och brokig utst\u00e4llning och inramningen i den gamla sjukhusbyggnaden p\u00e5minner konstutst\u00e4llningar i Berlin eller kanske London f\u00f6r ett par decennier sedan. Namnet Stockholm Session f\u00e5r mig att t\u00e4nka p\u00e5 jazz och p\u00e5 samma lite okuvliga och spontana s\u00e4tt som en jazz jamsession l\u00e5ter tycker jag att den h\u00e4r utst\u00e4llningen \u00e4r visuellt. Man vet liksom inte riktigt vad man ska f\u00f6rv\u00e4nta sig, men man \u00e4r trygg i att det blir bra &#8211; och att det h\u00e5ller ihop.<\/p>\n<p><img loading=\"lazy\" decoding=\"async\" src=\"https:\/\/kulturista.se\/test\/wp-content\/uploads\/2021\/05\/collagesession1.jpg\" class=\"aligncenter size-full wp-image-210289\" alt=\"\" width=\"1334\" height=\"885\" srcset=\"https:\/\/kulturista.se\/test\/wp-content\/uploads\/2021\/05\/collagesession1.jpg 1334w, https:\/\/kulturista.se\/test\/wp-content\/uploads\/2021\/05\/collagesession1-1280x849.jpg 1280w, https:\/\/kulturista.se\/test\/wp-content\/uploads\/2021\/05\/collagesession1-980x650.jpg 980w, https:\/\/kulturista.se\/test\/wp-content\/uploads\/2021\/05\/collagesession1-480x318.jpg 480w\" sizes=\"(min-width: 0px) and (max-width: 480px) 480px, (min-width: 481px) and (max-width: 980px) 980px, (min-width: 981px) and (max-width: 1280px) 1280px, (min-width: 1281px) 1334px, 100vw\" \/><\/p>\n<p><em>M\u00e5lning ovan till h\u00f6ger Alfonso Gonzales, El Pato Market<br \/>\nSkulptur Diana Yesenia Alvarado, Amorcito Coraz\u00f3n<\/em><\/p>\n<p>Inte mindre \u00e4n 58 samtida unga konstn\u00e4rer fr\u00e5n i stort sett hela v\u00e4rlden samlas h\u00e4r.<br \/>\nJag noterar att Nigeria verkligen \u00e4r ett intressant land p\u00e5 konstkartan, jag imponeras lika mycket av verken h\u00e4r som jag gjorde p\u00e5 CFHills utst\u00e4llning <strong><em><a href=\"https:\/\/kulturista.se\/test\/cfhill-visar-nigeriansk-konst\/\" target=\"_blank\" rel=\"noopener\">&#8221;Stop! listen&#8221;<\/a><\/em><\/strong> tidigare i \u00e5r.<\/p>\n<p><img loading=\"lazy\" decoding=\"async\" src=\"https:\/\/kulturista.se\/test\/wp-content\/uploads\/2021\/05\/collagesession5.jpg\" class=\"aligncenter size-full wp-image-210299\" alt=\"\" width=\"1334\" height=\"885\" srcset=\"https:\/\/kulturista.se\/test\/wp-content\/uploads\/2021\/05\/collagesession5.jpg 1334w, https:\/\/kulturista.se\/test\/wp-content\/uploads\/2021\/05\/collagesession5-1280x849.jpg 1280w, https:\/\/kulturista.se\/test\/wp-content\/uploads\/2021\/05\/collagesession5-980x650.jpg 980w, https:\/\/kulturista.se\/test\/wp-content\/uploads\/2021\/05\/collagesession5-480x318.jpg 480w\" sizes=\"(min-width: 0px) and (max-width: 480px) 480px, (min-width: 481px) and (max-width: 980px) 980px, (min-width: 981px) and (max-width: 1280px) 1280px, (min-width: 1281px) 1334px, 100vw\" \/><\/p>\n<p><em>M\u00e5lning v\u00e4nster, Wahab Saheed, Pink Outing<\/em><br \/>\n<em>Verk h\u00f6ger Gina Beavers, Pink Ombre<\/em><\/p>\n<p>Det \u00e4r ocks\u00e5 en helt fantastisk lokal, eller faktiskt en byggarbetsplats just nu, f\u00f6r huset genomg\u00e5r en stor renovering, d\u00e5 det st\u00e5tt tomt l\u00e4nge och \u00e4r i stort behov av lite TLC. Jag hoppas och tror dock att man kommer att m\u00e5na om att beh\u00e5lla s\u00e5 mycket som m\u00f6jligt av den vackra om \u00e4n lite slitna originalinredningen.<\/p>\n<p><img loading=\"lazy\" decoding=\"async\" src=\"https:\/\/kulturista.se\/test\/wp-content\/uploads\/2021\/05\/collagesession3.jpg\" class=\"aligncenter size-full wp-image-210293\" alt=\"\" width=\"1334\" height=\"885\" srcset=\"https:\/\/kulturista.se\/test\/wp-content\/uploads\/2021\/05\/collagesession3.jpg 1334w, https:\/\/kulturista.se\/test\/wp-content\/uploads\/2021\/05\/collagesession3-1280x849.jpg 1280w, https:\/\/kulturista.se\/test\/wp-content\/uploads\/2021\/05\/collagesession3-980x650.jpg 980w, https:\/\/kulturista.se\/test\/wp-content\/uploads\/2021\/05\/collagesession3-480x318.jpg 480w\" sizes=\"(min-width: 0px) and (max-width: 480px) 480px, (min-width: 481px) and (max-width: 980px) 980px, (min-width: 981px) and (max-width: 1280px) 1280px, (min-width: 1281px) 1334px, 100vw\" \/><\/p>\n<p><em>M\u00e5lning ovan h\u00f6ger Rebecca Ness, Commute&nbsp;<\/em><\/p>\n<p><img loading=\"lazy\" decoding=\"async\" src=\"https:\/\/kulturista.se\/test\/wp-content\/uploads\/2021\/05\/collagesession4.jpg\" class=\"aligncenter size-full wp-image-210295\" alt=\"\" width=\"1334\" height=\"885\" srcset=\"https:\/\/kulturista.se\/test\/wp-content\/uploads\/2021\/05\/collagesession4.jpg 1334w, https:\/\/kulturista.se\/test\/wp-content\/uploads\/2021\/05\/collagesession4-1280x849.jpg 1280w, https:\/\/kulturista.se\/test\/wp-content\/uploads\/2021\/05\/collagesession4-980x650.jpg 980w, https:\/\/kulturista.se\/test\/wp-content\/uploads\/2021\/05\/collagesession4-480x318.jpg 480w\" sizes=\"(min-width: 0px) and (max-width: 480px) 480px, (min-width: 481px) and (max-width: 980px) 980px, (min-width: 981px) and (max-width: 1280px) 1280px, (min-width: 1281px) 1334px, 100vw\" \/><\/p>\n<p><em>M\u00e5lning mitten ovan Marcus Brutus, The Trial<\/em><\/p>\n<p>Hospitalet ligger vackert vid Danvikskanalen omgiven av en fin park, i omgivningarna finns ocks\u00e5 restauranger och kaf\u00e9er. Hospitalet har ocks\u00e5 en l\u00e5ng och sp\u00e4nnande historia, om den kan du l\u00e4sa mer <strong><em><a href=\"https:\/\/sv.wikipedia.org\/wiki\/Danvikens_hospital\" target=\"_blank\" rel=\"noopener\">h\u00e4r.<\/a><\/em><\/strong><\/p>\n<p><img loading=\"lazy\" decoding=\"async\" src=\"https:\/\/kulturista.se\/test\/wp-content\/uploads\/2021\/05\/hospitalet.jpg\" class=\"aligncenter size-full wp-image-210309\" alt=\"\" width=\"1334\" height=\"885\" srcset=\"https:\/\/kulturista.se\/test\/wp-content\/uploads\/2021\/05\/hospitalet.jpg 1334w, https:\/\/kulturista.se\/test\/wp-content\/uploads\/2021\/05\/hospitalet-1280x849.jpg 1280w, https:\/\/kulturista.se\/test\/wp-content\/uploads\/2021\/05\/hospitalet-980x650.jpg 980w, https:\/\/kulturista.se\/test\/wp-content\/uploads\/2021\/05\/hospitalet-480x318.jpg 480w\" sizes=\"(min-width: 0px) and (max-width: 480px) 480px, (min-width: 481px) and (max-width: 980px) 980px, (min-width: 981px) and (max-width: 1280px) 1280px, (min-width: 1281px) 1334px, 100vw\" \/><em>Foto: Nacka kommun<\/em><\/p>\n<p>Hospitalet Stockholm<br \/>\nSaltsj\u00f6qvarns kaj 15<br \/>\n131 71 Nacka<br \/>\nStockholm<\/p>\n<p>\u00d6ppettider:<br \/>\nTorsdag \u2013 fredag 12.00-18.00<br \/>\nL\u00f6rdag \u2013 s\u00f6ndag 12.00-16.00<\/p>\n<p>Observera pga pandemin m\u00e5ste bes\u00f6k bokas: <a href=\"mailto:stockholm@kostyal.com\" target=\"_blank\" rel=\"noopener\">stockholm@kostyal.com<\/a><\/p>\n<p>D\u00e5 det saknas bilv\u00e4g \u00e4r det absolut mysigaste s\u00e4ttet att ta sig till Hospitalet pendelb\u00e5t nr 80 fr\u00e5n Nybroplan mot Ropsten, g\u00e5 av vid Saltsj\u00f6qvarn. Hospitalet ligger just nu inb\u00e4ddad i byggst\u00e4llningar i slutet av kajen till h\u00f6ger n\u00e4r du kliver av b\u00e5ten.<br \/>\nMan kan ocks\u00e5 ta buss till Henriksdal.<\/p>\n","protected":false},"excerpt":{"rendered":"<p>P\u00e5 Hospitalet Stockholm visas fram till 30 maj utst\u00e4llningen Stockholm Sessions. Det \u00e4r den vackra 1700-talsbyggnaden Danvikens hospital som fr\u00e5n och med nu kommer rymma konst i ett samarbete mellan Carl Kosty\u00e1l Gallery och Gullringsbo Konstsamling. Stockholms Sessions \u00e4r en vild och brokig utst\u00e4llning och inramningen i den gamla sjukhusbyggnaden p\u00e5minner konstutst\u00e4llningar i Berlin eller [&hellip;]<\/p>\n","protected":false},"author":1,"featured_media":0,"comment_status":"open","ping_status":"open","sticky":false,"template":"","format":"standard","meta":{"_acf_changed":false,"_et_pb_use_builder":"","_et_pb_old_content":"","_et_gb_content_width":"","_jetpack_newsletter_access":"","_jetpack_dont_email_post_to_subs":false,"_jetpack_newsletter_tier_id":0,"_jetpack_memberships_contains_paywalled_content":false,"_jetpack_feature_clip_id":0,"_jetpack_memberships_contains_paid_content":false,"footnotes":"","jetpack_post_was_ever_published":false},"categories":[19,36],"tags":[],"class_list":["post-210284","post","type-post","status-publish","format-standard","hentry","category-museer-utstallningar","category-utflyktsmal"],"acf":[],"jetpack_sharing_enabled":true,"jetpack_featured_media_url":"","_links":{"self":[{"href":"https:\/\/kulturista.se\/test\/wp-json\/wp\/v2\/posts\/210284","targetHints":{"allow":["GET"]}}],"collection":[{"href":"https:\/\/kulturista.se\/test\/wp-json\/wp\/v2\/posts"}],"about":[{"href":"https:\/\/kulturista.se\/test\/wp-json\/wp\/v2\/types\/post"}],"author":[{"embeddable":true,"href":"https:\/\/kulturista.se\/test\/wp-json\/wp\/v2\/users\/1"}],"replies":[{"embeddable":true,"href":"https:\/\/kulturista.se\/test\/wp-json\/wp\/v2\/comments?post=210284"}],"version-history":[{"count":25,"href":"https:\/\/kulturista.se\/test\/wp-json\/wp\/v2\/posts\/210284\/revisions"}],"predecessor-version":[{"id":210315,"href":"https:\/\/kulturista.se\/test\/wp-json\/wp\/v2\/posts\/210284\/revisions\/210315"}],"wp:attachment":[{"href":"https:\/\/kulturista.se\/test\/wp-json\/wp\/v2\/media?parent=210284"}],"wp:term":[{"taxonomy":"category","embeddable":true,"href":"https:\/\/kulturista.se\/test\/wp-json\/wp\/v2\/categories?post=210284"},{"taxonomy":"post_tag","embeddable":true,"href":"https:\/\/kulturista.se\/test\/wp-json\/wp\/v2\/tags?post=210284"}],"curies":[{"name":"wp","href":"https:\/\/api.w.org\/{rel}","templated":true}]}}