{"id":210249,"date":"2021-05-05T13:26:59","date_gmt":"2021-05-05T11:26:59","guid":{"rendered":"https:\/\/kulturista.se\/test\/?p=210249"},"modified":"2025-12-03T13:03:08","modified_gmt":"2025-12-03T12:03:08","slug":"kristalova-pa-carl-eldhs-ateljemuseum","status":"publish","type":"post","link":"https:\/\/kulturista.se\/test\/kristalova-pa-carl-eldhs-ateljemuseum\/","title":{"rendered":"Kristalova p\u00e5 Carl Eldhs atelj\u00e9museum"},"content":{"rendered":"<p>Den 6\/5 2021 \u00f6ppnar Carl Eldhs Atelj\u00e9museum f\u00f6r s\u00e4songen. I \u00e5r med Klara Kristalova som g\u00e4stutst\u00e4llare.<\/p>\n<p>Museet har sedan 2013 haft g\u00e4stutst\u00e4llare till sina sommarutst\u00e4llningar. Samtliga har varit kvinnor vilket hedrar museet och i \u00e5r g\u00e4star en av mina personliga favoriter Klara Kristalova.<\/p>\n<p>Tidigare g\u00e4stutst\u00e4llare \u00e4r inga mindre \u00e4n<br \/>\n<em><strong><a href=\"http:\/\/www.eldhsatelje.se\/index.php\/se\/utstallning\/tidigare-utstal\/\" target=\"_blank\" rel=\"noopener\">2013 Charlotte Gyllenhammar<\/a><br \/>\n<a href=\"http:\/\/www.eldhsatelje.se\/index.php\/se\/utstallning\/katrine\/\" target=\"_blank\" rel=\"noopener\">2014 Katrine Helmerson<\/a><br \/>\n<a href=\"http:\/\/www.eldhsatelje.se\/index.php\/se\/utstallning\/ebba-matz\/\" target=\"_blank\" rel=\"noopener\">2015 Ebba Matz<\/a><br \/>\n<a href=\"http:\/\/www.eldhsatelje.se\/index.php\/se\/utstallning\/bianca-maria-barmen\/\" target=\"_blank\" rel=\"noopener\">2016 Bianca Maria Barmen<\/a><br \/>\n<a href=\"http:\/\/www.eldhsatelje.se\/index.php\/se\/utstallning\/mar\/\" target=\"_blank\" rel=\"noopener\">2017<\/a><\/strong><\/em><em><strong><a href=\"http:\/\/www.eldhsatelje.se\/index.php\/se\/utstallning\/mar\/\" target=\"_blank\" rel=\"noopener\"> Maria Miesenberger<\/a><br \/>\n<a href=\"http:\/\/www.eldhsatelje.se\/index.php\/se\/utstallning\/carin-ellberg-2018\/\" target=\"_blank\" rel=\"noopener\">2019 Carin Ellberg<\/a><br \/>\n<\/strong><\/em><em><strong><a href=\"http:\/\/www.eldhsatelje.se\/index.php\/se\/utstallning\/rb\/\" target=\"_blank\" rel=\"noopener\">2019 Rachel Belatchew<\/a><\/strong><\/em><\/p>\n<p><img loading=\"lazy\" decoding=\"async\" src=\"https:\/\/kulturista.se\/test\/wp-content\/uploads\/2021\/05\/eldh2.jpg\" alt=\"\" width=\"1334\" height=\"885\" \/><em>Foto: Urban J\u00f6r\u00e9n<\/em><\/p>\n<p>Det blir ett sp\u00e4nstigt m\u00f6te mellan Eldhs klassiska verk och Kristalovas lite skeva skulpturer som ofta \u00e4r en mix mellan m\u00e4nniska, djur och natur. Inte insmickrande eller vackra p\u00e5 det historiskt klassiska viset, men med ett oerh\u00f6rt starkt uttryck. <em>En gammal v\u00e4n<\/em> heter skulpturen ovan och jag anar ett sl\u00e4ktskap med Niki Lindroth von Bahrs animerade figurer. Undrar om det finns n\u00e5gon koppling dem emellan?<\/p>\n<p><img loading=\"lazy\" decoding=\"async\" src=\"https:\/\/kulturista.se\/test\/wp-content\/uploads\/2021\/05\/eldh1.jpg\" alt=\"\" width=\"1334\" height=\"885\" \/><em>Foto: Urban J\u00f6r\u00e9n<\/em><\/p>\n<p>Trots att l\u00e5ng tid f\u00f6rflutit mellan Eldhs och Kristalovas konstn\u00e4rsskap tycker jag att deras verk passar v\u00e4ldigt fint ihop. Det finns trots allt n\u00e5gon sorts ber\u00f6ringspunkt mellan de tv\u00e5 oerh\u00f6rt skilda uttrycken.<\/p>\n<p>I utst\u00e4llningen som f\u00e5tt namnet <em>S\u00e5nger om allt<\/em> visas b\u00e5de nya och \u00e4ldre verk av Kristalova.<br \/>\nVerk i olika material, bland annat glaserat stengods, porslin, akvarell och textil.<\/p>\n<p><img loading=\"lazy\" decoding=\"async\" src=\"https:\/\/kulturista.se\/test\/wp-content\/uploads\/2021\/05\/eldh3.jpg\" alt=\"\" width=\"2478\" height=\"1654\" \/><em>Foto: Urban J\u00f6r\u00e9n, &#8221;Jag ser allt&#8221;<\/em><\/p>\n<p>Mitt f\u00f6rsta m\u00f6te med Klara Kristalova var p\u00e5 Bonniers konsthalls stora utst\u00e4llning 2012. Det var som att komma in i en sagov\u00e4rld d\u00e4r de stora salarna f\u00f6rvandlats till en v\u00e4rld befolkat av Kristalovas m\u00e4rkliga innev\u00e5nare. Jag blev verkligen h\u00e4nf\u00f6rd av hennes underliga och underbara varelser, b\u00e5de skr\u00e4mmande och humoristiska.<\/p>\n<p><img loading=\"lazy\" decoding=\"async\" src=\"https:\/\/kulturista.se\/test\/wp-content\/uploads\/2021\/05\/eldh4.jpg\" alt=\"\" width=\"1334\" height=\"885\" \/><em>Foto: Carl Eldhs atelj\u00e9museum<\/em><\/p>\n<p>Carl Eldh (1873-1954) var en av Sveriges mest anlitade skulpt\u00f6rer under 1900-talets f\u00f6rsta h\u00e4lft. Under flera \u00e5r levde och arbetade han i den atelj\u00e9 som idag \u00e4r museum. Den lite ovanliga byggnaden i tr\u00e4 ritades 1919 av v\u00e4nnen Ragnar \u00d6stberg som ocks\u00e5 ritade Stadshuset i Stockholm. I atelj\u00e9n finns flera hundra verk fr\u00e5n Eldhs l\u00e5nga och verksamma liv. I museet finns verk fr\u00e5n hans studietid \u00a0i Paris, byster och skisser samt f\u00f6rlagor till k\u00e4nda verk som Titanen och Brantingsmonumentet, allt bevarat som n\u00e4r Eldh sj\u00e4lv levde d\u00e4r.<\/p>\n<p>Om du inte bes\u00f6kt museet kan jag verkligen rekommendera ett bes\u00f6k. Vackert inb\u00e4ddad i ett lite hemligt omr\u00e5de p\u00e5 h\u00f6jden i Bellevueparken vid Brunnsviken. Museet har ocks\u00e5 ett enkelt caf\u00e9 i den mysiga tr\u00e4dg\u00e5rden.<\/p>\n<p>Utst\u00e4llningen S\u00e5nger om allt , Klara Kristalova visas 6 maj-26 september 2021<br \/>\n<em><strong><a href=\"http:\/\/www.eldhsatelje.se\/index.php\/se\/\" target=\"_blank\" rel=\"noopener\">Carl Elds atelj\u00e9museum<\/a><\/strong><\/em>, L\u00f6gebodav\u00e4gen 10, Bellevueparken, Vasastan<\/p>\n","protected":false},"excerpt":{"rendered":"<p>Den 6\/5 2021 \u00f6ppnar Carl Eldhs Atelj\u00e9museum f\u00f6r s\u00e4songen. I \u00e5r med Klara Kristalova som g\u00e4stutst\u00e4llare. Museet har sedan 2013 haft g\u00e4stutst\u00e4llare till sina sommarutst\u00e4llningar. Samtliga har varit kvinnor vilket hedrar museet och i \u00e5r g\u00e4star en av mina personliga favoriter Klara Kristalova. Tidigare g\u00e4stutst\u00e4llare \u00e4r inga mindre \u00e4n 2013 Charlotte Gyllenhammar 2014 Katrine Helmerson [&hellip;]<\/p>\n","protected":false},"author":1,"featured_media":0,"comment_status":"open","ping_status":"open","sticky":false,"template":"","format":"standard","meta":{"_acf_changed":false,"_et_pb_use_builder":"","_et_pb_old_content":"","_et_gb_content_width":"","_jetpack_newsletter_access":"","_jetpack_dont_email_post_to_subs":false,"_jetpack_newsletter_tier_id":0,"_jetpack_memberships_contains_paywalled_content":false,"_jetpack_feature_clip_id":0,"_jetpack_memberships_contains_paid_content":false,"footnotes":"","jetpack_post_was_ever_published":false},"categories":[19,36],"tags":[],"class_list":["post-210249","post","type-post","status-publish","format-standard","hentry","category-museer-utstallningar","category-utflyktsmal"],"acf":[],"jetpack_sharing_enabled":true,"jetpack_featured_media_url":"","_links":{"self":[{"href":"https:\/\/kulturista.se\/test\/wp-json\/wp\/v2\/posts\/210249","targetHints":{"allow":["GET"]}}],"collection":[{"href":"https:\/\/kulturista.se\/test\/wp-json\/wp\/v2\/posts"}],"about":[{"href":"https:\/\/kulturista.se\/test\/wp-json\/wp\/v2\/types\/post"}],"author":[{"embeddable":true,"href":"https:\/\/kulturista.se\/test\/wp-json\/wp\/v2\/users\/1"}],"replies":[{"embeddable":true,"href":"https:\/\/kulturista.se\/test\/wp-json\/wp\/v2\/comments?post=210249"}],"version-history":[{"count":30,"href":"https:\/\/kulturista.se\/test\/wp-json\/wp\/v2\/posts\/210249\/revisions"}],"predecessor-version":[{"id":210611,"href":"https:\/\/kulturista.se\/test\/wp-json\/wp\/v2\/posts\/210249\/revisions\/210611"}],"wp:attachment":[{"href":"https:\/\/kulturista.se\/test\/wp-json\/wp\/v2\/media?parent=210249"}],"wp:term":[{"taxonomy":"category","embeddable":true,"href":"https:\/\/kulturista.se\/test\/wp-json\/wp\/v2\/categories?post=210249"},{"taxonomy":"post_tag","embeddable":true,"href":"https:\/\/kulturista.se\/test\/wp-json\/wp\/v2\/tags?post=210249"}],"curies":[{"name":"wp","href":"https:\/\/api.w.org\/{rel}","templated":true}]}}