{"id":210201,"date":"2021-04-17T11:32:38","date_gmt":"2021-04-17T09:32:38","guid":{"rendered":"https:\/\/kulturista.se\/test\/?p=210201"},"modified":"2025-12-03T13:04:29","modified_gmt":"2025-12-03T12:04:29","slug":"are-you-an-artist-no-i-am-zorn","status":"publish","type":"post","link":"https:\/\/kulturista.se\/test\/are-you-an-artist-no-i-am-zorn\/","title":{"rendered":"Are you an artist? &#8211; No, I am Zorn"},"content":{"rendered":"<p>Att Zorn hade en bra sj\u00e4lvf\u00f6rtroende har han sj\u00e4lv vittnat om och visst hade han anledning att ha det. Jag har precis sett utst\u00e4llningen Zorn &#8211; en svensk superstj\u00e4rna p\u00e5 Nationalmuseum och jag \u00e4r faktiskt v\u00e4ldigt imponerad. &#8221;Are you an artist?- No I am Zorn!&#8221; Fr\u00e5gan s\u00e4gs enligt konsthistorikern och Zorns v\u00e4n Carl G Laurin komma fr\u00e5n en ok\u00e4nd engelsk kvinna. Jag \u00e4lskar Zorns svar.<\/p>\n<p>Varf\u00f6r Zorn just nu kan man undra, men tanken var att Nationalmuseum skulle \u00f6ppna den h\u00e4r utst\u00e4llningen ifjol, 100 \u00e5r efter att Anders Zorn dog p\u00e5 Mora lasarett, men p\u00e5 grund av pandemin fick utst\u00e4llningen flyttas fram.<\/p>\n<p>Efter en l\u00e5ng tid d\u00e5 man inte kunnat g\u00e5 p\u00e5 museum skulle jag kunna t\u00e4nka mig att se i princip vad som helst p\u00e5 Nationalmuseum, bara k\u00e4nslan att g\u00e5 in i det m\u00e4ktiga och nyrenoverade huset ger mig g\u00e5shud. Och om jag ska vara \u00e4rligt var jag inte s\u00e5 himlajublande imponerad \u00f6ver att de \u00e5ter\u00f6ppnade med Zorn, men jag m\u00e5ste s\u00e5 h\u00e4r i efterhand faktiskt erk\u00e4nna att jag varit tvungen att ompr\u00f6va min bild av Zorn.<\/p>\n<p>Bilden av en &#8221;kulturman&#8221; som enbart m\u00e5lade nakna kvinnor har delvis f\u00e5tt sig en t\u00f6rn. Faktum \u00e4r att han m\u00e5lade s\u00e5 mycket mer &#8211; och att utst\u00e4llningen har fokuserat mer p\u00e5 det andra, vilket jag \u00e4r tacksam \u00f6ver. I utst\u00e4llningen visas flera av hans fantastiska akvareller, se bara hur han f\u00e5ngat vattnets r\u00f6relser i akvarellm\u00e5lningarna nedan.<\/p>\n<p><img loading=\"lazy\" decoding=\"async\" class=\"aligncenter size-full wp-image-210211\" src=\"https:\/\/kulturista.se\/test\/wp-content\/uploads\/2021\/04\/zornakvarell.jpg\" alt=\"\" width=\"1334\" height=\"885\" srcset=\"https:\/\/kulturista.se\/test\/wp-content\/uploads\/2021\/04\/zornakvarell.jpg 1334w, https:\/\/kulturista.se\/test\/wp-content\/uploads\/2021\/04\/zornakvarell-1280x849.jpg 1280w, https:\/\/kulturista.se\/test\/wp-content\/uploads\/2021\/04\/zornakvarell-980x650.jpg 980w, https:\/\/kulturista.se\/test\/wp-content\/uploads\/2021\/04\/zornakvarell-480x318.jpg 480w\" sizes=\"(min-width: 0px) and (max-width: 480px) 480px, (min-width: 481px) and (max-width: 980px) 980px, (min-width: 981px) and (max-width: 1280px) 1280px, (min-width: 1281px) 1334px, 100vw\" \/><br \/>\n<em>Foto v\u00e4nster: Zornmuseum, h\u00f6ger: Statens Museum for Kunst<\/em><\/p>\n<p>I utst\u00e4llningen visas ocks\u00e5 en del skisser och studier till m\u00e5lningar &#8211; och jag tycker\u00a0 n\u00e4stan alltid att de \u00e4r mer intressanta \u00e4n de f\u00e4rdiga m\u00e5lningarna. Jag tycker om att se hur konstn\u00e4ren provat sig fram. Det finns ofta en omedelbarhet\u00a0 som ofta f\u00f6rsvinner i den f\u00e4rdiga m\u00e5lningen. S\u00e5 \u00e4ven h\u00e4r. M\u00e5lningen nedan \u00e4r en studie till m\u00e5lningen &#8221;Ute&#8221; som \u00e4r betydligt mer k\u00e4nd. I studien har Zorn f\u00e5ngat \u00f6gonblicket d\u00e5 man efter ett dopp sitter och huttrar lite, kanske f\u00f6rsjunken i n\u00e5gon f\u00f6r oss ok\u00e4nd tanke.<\/p>\n<p><img loading=\"lazy\" decoding=\"async\" class=\"aligncenter size-full wp-image-210227\" src=\"https:\/\/kulturista.se\/test\/wp-content\/uploads\/2021\/04\/zornskiss.jpg\" alt=\"\" width=\"1334\" height=\"885\" srcset=\"https:\/\/kulturista.se\/test\/wp-content\/uploads\/2021\/04\/zornskiss.jpg 1334w, https:\/\/kulturista.se\/test\/wp-content\/uploads\/2021\/04\/zornskiss-1280x849.jpg 1280w, https:\/\/kulturista.se\/test\/wp-content\/uploads\/2021\/04\/zornskiss-980x650.jpg 980w, https:\/\/kulturista.se\/test\/wp-content\/uploads\/2021\/04\/zornskiss-480x318.jpg 480w\" sizes=\"(min-width: 0px) and (max-width: 480px) 480px, (min-width: 481px) and (max-width: 980px) 980px, (min-width: 981px) and (max-width: 1280px) 1280px, (min-width: 1281px) 1334px, 100vw\" \/><em>Foto: Malm\u00f6 Konstmuseum<\/em><\/p>\n<p>I den f\u00e4rdiga m\u00e5lningen &#8221;Ute&#8221; nedan \u00e4r det poserat och inte alls lika direkt och naturligt. Jag t\u00e4nker att det \u00e4r just poserandet som ocks\u00e5 g\u00f6r att man i alla fall som kvinna k\u00e4nner sig lite obekv\u00e4m n\u00e4r man tittar p\u00e5 m\u00e5lningarna, det \u00e4r som att mannens blick p\u00e5 kvinnan blir s\u00e5 synlig h\u00e4r. \u00c4ven om m\u00e5lningen \u00e4r skickligt utf\u00f6rd s\u00e5 v\u00e4cker den lite obehagliga k\u00e4nslor hos mig. Av den anledningen \u00e4r jag glad att Nationalmuseum visade \u00e4ven studien till &#8221;Ute.<\/p>\n<p><img loading=\"lazy\" decoding=\"async\" class=\"aligncenter wp-image-210228\" src=\"https:\/\/kulturista.se\/test\/wp-content\/uploads\/2021\/04\/ute.jpg\" alt=\"\" width=\"699\" height=\"464\" \/>Foto: <em>Finlands Nationalgalleri, Konstmuseet Ateneum, Helsingfors<\/em><\/p>\n<p>Sedan \u00e4r jag s\u00e5klart otroligt glad \u00f6ver att ha f\u00e5tt se Zorns m\u00e5lning &#8221;Luta&#8221; d\u00e4r han avbildar en av mina stora idoler Ester Blenda Nordstr\u00f6m. Bara det!<\/p>\n<p><img loading=\"lazy\" decoding=\"async\" class=\"aligncenter size-full wp-image-210206\" src=\"https:\/\/kulturista.se\/test\/wp-content\/uploads\/2021\/04\/esterblenda.jpg\" alt=\"\" width=\"1334\" height=\"885\" srcset=\"https:\/\/kulturista.se\/test\/wp-content\/uploads\/2021\/04\/esterblenda.jpg 1334w, https:\/\/kulturista.se\/test\/wp-content\/uploads\/2021\/04\/esterblenda-1280x849.jpg 1280w, https:\/\/kulturista.se\/test\/wp-content\/uploads\/2021\/04\/esterblenda-980x650.jpg 980w, https:\/\/kulturista.se\/test\/wp-content\/uploads\/2021\/04\/esterblenda-480x318.jpg 480w\" sizes=\"(min-width: 0px) and (max-width: 480px) 480px, (min-width: 481px) and (max-width: 980px) 980px, (min-width: 981px) and (max-width: 1280px) 1280px, (min-width: 1281px) 1334px, 100vw\" \/><em>Foto: Kulturista<\/em><\/p>\n<p>Ester Blenda Nordstr\u00f6m var en journalist och \u00e4ventyrerska under det tidiga 1900-talet. Hon br\u00f6t som kvinna mot de flesta normer, Wallraffade l\u00e5ngt innan Wallraff var f\u00f6dd.\u00a0 Hon reste ocks\u00e5 ut i v\u00e4rlden p\u00e5 farliga expeditioner.<br \/>\nOm du blir nyfiken p\u00e5 Ester Blenda kan jag rekommendera boken &#8221;Ett j\u00e4vla solsken&#8221; av Fatima Bremmer.<br \/>\nDet kanske blir ett s\u00e4rskilt inl\u00e4gg dedikerat Ester Blenda h\u00e4r fram\u00f6ver.<\/p>\n<p>Och till dig som k\u00e4nner dig tveksam om det \u00e4r coronas\u00e4kert att g\u00e5 p\u00e5 Nationalmuseum kan jag s\u00e4ga att, ja det \u00e4r det. De har vidtagit flera \u00e5tg\u00e4rder som g\u00f6r bes\u00f6ket s\u00e5 tryggt som m\u00f6jligt. F\u00f6rk\u00f6psbiljett med tidsbokning bland annat.<\/p>\n<p><a href=\"https:\/\/www.nationalmuseum.se\/\" target=\"_blank\" rel=\"noopener\"><em><strong>Nationalmuseum<\/strong><\/em><\/a>, S\u00f6dra Blasieholmshamnen 2, Stockholm<br \/>\nUtst\u00e4llningen Zorn, en svensk superstj\u00e4rna visas p\u00e5 Nationalmuseum till 29 augusti 2021.<\/p>\n","protected":false},"excerpt":{"rendered":"<p>Att Zorn hade en bra sj\u00e4lvf\u00f6rtroende har han sj\u00e4lv vittnat om och visst hade han anledning att ha det. Jag har precis sett utst\u00e4llningen Zorn &#8211; en svensk superstj\u00e4rna p\u00e5 Nationalmuseum och jag \u00e4r faktiskt v\u00e4ldigt imponerad. &#8221;Are you an artist?- No I am Zorn!&#8221; Fr\u00e5gan s\u00e4gs enligt konsthistorikern och Zorns v\u00e4n Carl G Laurin [&hellip;]<\/p>\n","protected":false},"author":1,"featured_media":0,"comment_status":"open","ping_status":"open","sticky":false,"template":"","format":"standard","meta":{"_acf_changed":false,"_et_pb_use_builder":"","_et_pb_old_content":"","_et_gb_content_width":"","_jetpack_newsletter_access":"","_jetpack_dont_email_post_to_subs":false,"_jetpack_newsletter_tier_id":0,"_jetpack_memberships_contains_paywalled_content":false,"_jetpack_feature_clip_id":0,"_jetpack_memberships_contains_paid_content":false,"footnotes":"","jetpack_post_was_ever_published":false},"categories":[19],"tags":[],"class_list":["post-210201","post","type-post","status-publish","format-standard","hentry","category-museer-utstallningar"],"acf":[],"jetpack_sharing_enabled":true,"jetpack_featured_media_url":"","_links":{"self":[{"href":"https:\/\/kulturista.se\/test\/wp-json\/wp\/v2\/posts\/210201","targetHints":{"allow":["GET"]}}],"collection":[{"href":"https:\/\/kulturista.se\/test\/wp-json\/wp\/v2\/posts"}],"about":[{"href":"https:\/\/kulturista.se\/test\/wp-json\/wp\/v2\/types\/post"}],"author":[{"embeddable":true,"href":"https:\/\/kulturista.se\/test\/wp-json\/wp\/v2\/users\/1"}],"replies":[{"embeddable":true,"href":"https:\/\/kulturista.se\/test\/wp-json\/wp\/v2\/comments?post=210201"}],"version-history":[{"count":11,"href":"https:\/\/kulturista.se\/test\/wp-json\/wp\/v2\/posts\/210201\/revisions"}],"predecessor-version":[{"id":210231,"href":"https:\/\/kulturista.se\/test\/wp-json\/wp\/v2\/posts\/210201\/revisions\/210231"}],"wp:attachment":[{"href":"https:\/\/kulturista.se\/test\/wp-json\/wp\/v2\/media?parent=210201"}],"wp:term":[{"taxonomy":"category","embeddable":true,"href":"https:\/\/kulturista.se\/test\/wp-json\/wp\/v2\/categories?post=210201"},{"taxonomy":"post_tag","embeddable":true,"href":"https:\/\/kulturista.se\/test\/wp-json\/wp\/v2\/tags?post=210201"}],"curies":[{"name":"wp","href":"https:\/\/api.w.org\/{rel}","templated":true}]}}