{"id":210192,"date":"2021-04-30T12:30:03","date_gmt":"2021-04-30T10:30:03","guid":{"rendered":"https:\/\/kulturista.se\/test\/?p=210192"},"modified":"2025-12-03T13:03:42","modified_gmt":"2025-12-03T12:03:42","slug":"konsten-pa-ks","status":"publish","type":"post","link":"https:\/\/kulturista.se\/test\/konsten-pa-ks\/","title":{"rendered":"Konsten p\u00e5 KS"},"content":{"rendered":"<p>Om du inte har bes\u00f6kt Karolinska Universitetssjukhuset i Solna kan jag ber\u00e4tta att man i det skandalomsusade sjukhuset i alla fall kan avnjuta v\u00e4ldigt mycket fin konst. L\u00e4kekonst skulle jag vilja kalla den.<\/p>\n<p>Utsmyckningen av Nya Karolinska sjukhuset \u00e4r den st\u00f6rsta konstsatsningen f\u00f6r en enskild offentlig plats n\u00e5gonsin i Sverige.\u00a0 Konst i v\u00e5rdmilj\u00f6 har en l\u00e5ng tradition i Sverige. Redan 1937 beslutade Sveriges riksdag att en procent av byggkostnaderna vid offentlig byggnation skulle satsas p\u00e5 konstn\u00e4rlig gestaltning. Och eftersom sjukhuset blev oerh\u00f6rt dyrt blev en ynka procent \u00e4nd\u00e5 v\u00e4ldigt mycket pengar som ocks\u00e5 g\u00f6r att Karolinska har en av landets fr\u00e4msta samlingar av modern och samtida konst.<\/p>\n<p>Redan i den enorma entr\u00e9hallen finns den underbara skulpturgruppen &#8221;In fusion &#8211; Contemplation pieces&#8221; i papper skapade av Cecilia Levy. Cecilia \u00e4r bokbindaren som skolade om sig till konsthantverkare &#8211; till min stora gl\u00e4dje, f\u00f6r jag \u00e4r m\u00e4kta imponerad av hennes arbeten.<\/p>\n<p><img loading=\"lazy\" decoding=\"async\" class=\"aligncenter size-full wp-image-210215\" src=\"https:\/\/kulturista.se\/test\/wp-content\/uploads\/2021\/04\/levy1.jpg\" alt=\"\" width=\"1334\" height=\"885\" srcset=\"https:\/\/kulturista.se\/test\/wp-content\/uploads\/2021\/04\/levy1.jpg 1334w, https:\/\/kulturista.se\/test\/wp-content\/uploads\/2021\/04\/levy1-1280x849.jpg 1280w, https:\/\/kulturista.se\/test\/wp-content\/uploads\/2021\/04\/levy1-980x650.jpg 980w, https:\/\/kulturista.se\/test\/wp-content\/uploads\/2021\/04\/levy1-480x318.jpg 480w\" sizes=\"(min-width: 0px) and (max-width: 480px) 480px, (min-width: 481px) and (max-width: 980px) 980px, (min-width: 981px) and (max-width: 1280px) 1280px, (min-width: 1281px) 1334px, 100vw\" \/><em>Foto: v\u00e4nster Kulturista, h\u00f6ger Cecilia Levy<\/em><\/p>\n<p>Till Karolinska har hon arbetat med utg\u00e5ngspunkt fr\u00e5n medicinalv\u00e4xter som humle, johannes\u00f6rt, daggk\u00e5pa och s\u00f6mntuta med flera.\u00a0 Allt som allt femton olika v\u00e4xter. Alla med sin egen form och sitt eget uttryck. H\u00e4r finns ocks\u00e5 tekannor och koppar, vem har inte lindrat magont eller s\u00f6mnsv\u00e5righeter med en kopp te?<br \/>\nOch allt \u00e4r gjort av papper. Papper fr\u00e5n gamla b\u00f6cker som Cecilia tar hand om och f\u00f6rvandlar till konst.<\/p>\n<p><img loading=\"lazy\" decoding=\"async\" class=\"aligncenter size-full wp-image-210217\" src=\"https:\/\/kulturista.se\/test\/wp-content\/uploads\/2021\/04\/levy2.jpg\" alt=\"\" width=\"1334\" height=\"885\" srcset=\"https:\/\/kulturista.se\/test\/wp-content\/uploads\/2021\/04\/levy2.jpg 1334w, https:\/\/kulturista.se\/test\/wp-content\/uploads\/2021\/04\/levy2-1280x849.jpg 1280w, https:\/\/kulturista.se\/test\/wp-content\/uploads\/2021\/04\/levy2-980x650.jpg 980w, https:\/\/kulturista.se\/test\/wp-content\/uploads\/2021\/04\/levy2-480x318.jpg 480w\" sizes=\"(min-width: 0px) and (max-width: 480px) 480px, (min-width: 481px) and (max-width: 980px) 980px, (min-width: 981px) and (max-width: 1280px) 1280px, (min-width: 1281px) 1334px, 100vw\" \/><em>Foto: V\u00e4nster Cecilia Levy, h\u00f6ger Kulturista<\/em><\/p>\n<p>De spr\u00f6da verken har sedan placerats under specialbl\u00e5sta glas, inte helt olika de man sett i \u00e4ldre tiders apotek.<br \/>\nJag kan inte begripa hur det \u00e4r m\u00f6jligt att g\u00f6ra s\u00e5 delikata och spr\u00f6da saker av papper, titta noga p\u00e5 tekannorna, kopparna och tesilen.<\/p>\n<p>Under vissa av podierna finns tittsk\u00e5p med sm\u00e5 \u00f6verraskningar som humlan, som s\u00e4kert pollinerar v\u00e4xterna.<\/p>\n<p><img loading=\"lazy\" decoding=\"async\" class=\"aligncenter size-full wp-image-210219\" src=\"https:\/\/kulturista.se\/test\/wp-content\/uploads\/2021\/04\/levy3.jpg\" alt=\"\" width=\"1334\" height=\"885\" srcset=\"https:\/\/kulturista.se\/test\/wp-content\/uploads\/2021\/04\/levy3.jpg 1334w, https:\/\/kulturista.se\/test\/wp-content\/uploads\/2021\/04\/levy3-1280x849.jpg 1280w, https:\/\/kulturista.se\/test\/wp-content\/uploads\/2021\/04\/levy3-980x650.jpg 980w, https:\/\/kulturista.se\/test\/wp-content\/uploads\/2021\/04\/levy3-480x318.jpg 480w\" sizes=\"(min-width: 0px) and (max-width: 480px) 480px, (min-width: 481px) and (max-width: 980px) 980px, (min-width: 981px) and (max-width: 1280px) 1280px, (min-width: 1281px) 1334px, 100vw\" \/><em>Foto: Cecilia Levy<\/em><\/p>\n<p>L\u00e4s mer om Cecilia p\u00e5 hennes <strong><em><a href=\"https:\/\/www.cecilialevy.com\/\" target=\"_blank\" rel=\"noopener\">hemsida<\/a><\/em><\/strong> eller bes\u00f6k\u00a0 <strong><em><a href=\"https:\/\/konsthantverkarna.se\/\" target=\"_blank\" rel=\"noopener\">Konsthantverkarna<\/a><\/em><\/strong> p\u00e5 S\u00f6dermalmstorg d\u00e4r hon \u00e4r medlem och d\u00e4r mer av hennes arbete finns att beundra.<\/p>\n<p>&nbsp;<\/p>\n<p>I huvudentr\u00e9n stoltserar \u00e4ven Andr\u00e9as Erikssons gigantiska m\u00e5lning <em>Stenbrottet. <\/em>M\u00e5lningen som \u00e4r elva meter h\u00f6g \u00e4r inte bara sjukhusets st\u00f6rsta konstverk, det \u00e4r troligen Sveriges genom tiderna st\u00f6rsta m\u00e5lning. Abstrakt men med naturen som motiv.<\/p>\n<p><img loading=\"lazy\" decoding=\"async\" class=\"aligncenter size-full wp-image-210198\" src=\"https:\/\/kulturista.se\/test\/wp-content\/uploads\/2021\/03\/gronska.jpg\" alt=\"\" width=\"1334\" height=\"885\" srcset=\"https:\/\/kulturista.se\/test\/wp-content\/uploads\/2021\/03\/gronska.jpg 1334w, https:\/\/kulturista.se\/test\/wp-content\/uploads\/2021\/03\/gronska-1280x849.jpg 1280w, https:\/\/kulturista.se\/test\/wp-content\/uploads\/2021\/03\/gronska-980x650.jpg 980w, https:\/\/kulturista.se\/test\/wp-content\/uploads\/2021\/03\/gronska-480x318.jpg 480w\" sizes=\"(min-width: 0px) and (max-width: 480px) 480px, (min-width: 481px) and (max-width: 980px) 980px, (min-width: 981px) and (max-width: 1280px) 1280px, (min-width: 1281px) 1334px, 100vw\" \/><\/p>\n<p><em>Foto: Kulturista<\/em><\/p>\n<p>Ett konstverk som man kanske inte l\u00e4gger m\u00e4rke till \u00e4r &#8221;Tip of an Iceberg&#8221; av konstduon Bigert Bergstr\u00f6m.<br \/>\nDet ligger n\u00e4mligen p\u00e5 baksidan p\u00e5 g\u00e5ngv\u00e4gen mellan Karolinska universitetssjukhuset och forskningsbyggnaden BioClinicum\u00a0 och f\u00f6rest\u00e4ller ett isberg. Kanske en p\u00e5minnelse om all kunskap som finns kvar att finna? S\u00e5 raffinerat snyggt med Aula Medica i bakgrunden ocks\u00e5.<\/p>\n<p>Bigert Bergstr\u00f6m har gjort sig k\u00e4nda f\u00f6r sina konstverk som ofta \u00e4r\u00a0 hybrider mellan forskning och konst. Genom att blanda dessa fokuserar deras installationer och konstverk ofta p\u00e5 aktuella fr\u00e5gor i samtiden d\u00e4r klimatf\u00f6r\u00e4ndringar just nu har st\u00f6rst fokus. De gjorde bland annat en mycket intressant utst\u00e4llning p\u00e5 Artipelag 2018 &#8221;I stormens \u00f6ga&#8221;.<\/p>\n<p><img loading=\"lazy\" decoding=\"async\" class=\"aligncenter size-full wp-image-210197\" src=\"https:\/\/kulturista.se\/test\/wp-content\/uploads\/2021\/03\/bigertbergstrom.jpg\" alt=\"\" width=\"1334\" height=\"885\" srcset=\"https:\/\/kulturista.se\/test\/wp-content\/uploads\/2021\/03\/bigertbergstrom.jpg 1334w, https:\/\/kulturista.se\/test\/wp-content\/uploads\/2021\/03\/bigertbergstrom-1280x849.jpg 1280w, https:\/\/kulturista.se\/test\/wp-content\/uploads\/2021\/03\/bigertbergstrom-980x650.jpg 980w, https:\/\/kulturista.se\/test\/wp-content\/uploads\/2021\/03\/bigertbergstrom-480x318.jpg 480w\" sizes=\"(min-width: 0px) and (max-width: 480px) 480px, (min-width: 481px) and (max-width: 980px) 980px, (min-width: 981px) and (max-width: 1280px) 1280px, (min-width: 1281px) 1334px, 100vw\" \/><em>Foto: Bigert Bergstr\u00f6m<\/em><\/p>\n<p>L\u00e4s mer om duon p\u00e5 <strong><em><a href=\"https:\/\/bigertbergstrom.com\/\" target=\"_blank\" rel=\"noopener\">Bigert Bergstr\u00f6ms hemsida<\/a><\/em><\/strong>.<\/p>\n<p>&nbsp;<\/p>\n","protected":false},"excerpt":{"rendered":"<p>Om du inte har bes\u00f6kt Karolinska Universitetssjukhuset i Solna kan jag ber\u00e4tta att man i det skandalomsusade sjukhuset i alla fall kan avnjuta v\u00e4ldigt mycket fin konst. L\u00e4kekonst skulle jag vilja kalla den. Utsmyckningen av Nya Karolinska sjukhuset \u00e4r den st\u00f6rsta konstsatsningen f\u00f6r en enskild offentlig plats n\u00e5gonsin i Sverige.\u00a0 Konst i v\u00e5rdmilj\u00f6 har en [&hellip;]<\/p>\n","protected":false},"author":1,"featured_media":0,"comment_status":"open","ping_status":"open","sticky":false,"template":"","format":"standard","meta":{"_acf_changed":false,"_et_pb_use_builder":"","_et_pb_old_content":"","_et_gb_content_width":"","_jetpack_newsletter_access":"","_jetpack_dont_email_post_to_subs":false,"_jetpack_newsletter_tier_id":0,"_jetpack_memberships_contains_paywalled_content":false,"_jetpack_feature_clip_id":0,"_jetpack_memberships_contains_paid_content":false,"footnotes":"","jetpack_post_was_ever_published":false},"categories":[19],"tags":[],"class_list":["post-210192","post","type-post","status-publish","format-standard","hentry","category-museer-utstallningar"],"acf":[],"jetpack_sharing_enabled":true,"jetpack_featured_media_url":"","_links":{"self":[{"href":"https:\/\/kulturista.se\/test\/wp-json\/wp\/v2\/posts\/210192","targetHints":{"allow":["GET"]}}],"collection":[{"href":"https:\/\/kulturista.se\/test\/wp-json\/wp\/v2\/posts"}],"about":[{"href":"https:\/\/kulturista.se\/test\/wp-json\/wp\/v2\/types\/post"}],"author":[{"embeddable":true,"href":"https:\/\/kulturista.se\/test\/wp-json\/wp\/v2\/users\/1"}],"replies":[{"embeddable":true,"href":"https:\/\/kulturista.se\/test\/wp-json\/wp\/v2\/comments?post=210192"}],"version-history":[{"count":15,"href":"https:\/\/kulturista.se\/test\/wp-json\/wp\/v2\/posts\/210192\/revisions"}],"predecessor-version":[{"id":210248,"href":"https:\/\/kulturista.se\/test\/wp-json\/wp\/v2\/posts\/210192\/revisions\/210248"}],"wp:attachment":[{"href":"https:\/\/kulturista.se\/test\/wp-json\/wp\/v2\/media?parent=210192"}],"wp:term":[{"taxonomy":"category","embeddable":true,"href":"https:\/\/kulturista.se\/test\/wp-json\/wp\/v2\/categories?post=210192"},{"taxonomy":"post_tag","embeddable":true,"href":"https:\/\/kulturista.se\/test\/wp-json\/wp\/v2\/tags?post=210192"}],"curies":[{"name":"wp","href":"https:\/\/api.w.org\/{rel}","templated":true}]}}