{"id":210150,"date":"2021-03-01T22:02:27","date_gmt":"2021-03-01T21:02:27","guid":{"rendered":"https:\/\/kulturista.se\/test\/?p=210150"},"modified":"2025-12-03T14:48:51","modified_gmt":"2025-12-03T13:48:51","slug":"nyckelviken","status":"publish","type":"post","link":"https:\/\/kulturista.se\/test\/nyckelviken\/","title":{"rendered":"Nyckelviken"},"content":{"rendered":"<div class=\"ujudUb\">\n<p>&#8221;Vintern rasat ut bland v\u00e5ra fj\u00e4llar, drivans blommor sm\u00e4lta ner och d\u00f6, himlen ler i v\u00e5rens ljusa kv\u00e4llar, solen kysser liv i skog och sj\u00f6&#8221;. S\u00e4llan har texten av Otto Lindblad varit s\u00e5 p\u00e5 pricken som den h\u00e4r vinterns rekordsnabba slut.<\/p>\n<p>F\u00f6r mindre \u00e4n 2 veckor sedan hade vi rekordmycket sn\u00f6 och fantastiska skridskoisar, men lagom till sportlovet sm\u00e4lte allt bort till m\u00e5ngas f\u00f6rtret, men ist\u00e4llet har vi f\u00e5tt en fantastisk v\u00e5r.<\/p>\n<p>Jag m\u00f6tte den i Nyckelviken i helgen. Tog en riktigt l\u00e5ng vandring och nj\u00f6t av b\u00e5de fantastiskt v\u00e4der, vacker natur och underbar f\u00e5gels\u00e5ng. S\u00e5 h\u00e4r i pandemitider har det \u00e5tminstone f\u00f6r mig blivit viktigare att komma ut i naturen. Och jag noterade att jag inte var ensam i att k\u00e4nna s\u00e5. Det var otroligt mycket folk ute i Nyckelviken.<\/p>\n<p>&nbsp;<\/p>\n<\/div>\n<div><img loading=\"lazy\" decoding=\"async\" class=\"aligncenter size-full wp-image-210154\" src=\"https:\/\/kulturista.se\/test\/wp-content\/uploads\/2021\/03\/nyckelc5.jpg\" alt=\"\" width=\"1334\" height=\"885\" srcset=\"https:\/\/kulturista.se\/test\/wp-content\/uploads\/2021\/03\/nyckelc5.jpg 1334w, https:\/\/kulturista.se\/test\/wp-content\/uploads\/2021\/03\/nyckelc5-1280x849.jpg 1280w, https:\/\/kulturista.se\/test\/wp-content\/uploads\/2021\/03\/nyckelc5-980x650.jpg 980w, https:\/\/kulturista.se\/test\/wp-content\/uploads\/2021\/03\/nyckelc5-480x318.jpg 480w\" sizes=\"(min-width: 0px) and (max-width: 480px) 480px, (min-width: 481px) and (max-width: 980px) 980px, (min-width: 981px) and (max-width: 1280px) 1280px, (min-width: 1281px) 1334px, 100vw\" \/><\/div>\n<p>&nbsp;<\/p>\n<div>\n<p>Nyckelviken naturreservat i Nacka med sitt stora best\u00e5nd av gamla ekar \u00e4r unikt och mellan de lummiga tr\u00e4ddungarna breder b\u00f6ljande \u00e4ngar ut sig. Landskapet \u00e4r sp\u00e4nnande, vackert och varierande. Reservatet \u00e4r ett popul\u00e4rt kultur- och friluftsomr\u00e5de med m\u00f6jlighet till rekreation av skilda slag. I omr\u00e5det finns f\u00f6rutom den fina naturen flera g\u00e5ng- och cykelv\u00e4gar, motionssp\u00e5r, uteym och m\u00f6jlighet att bada b\u00e5de fr\u00e5n strand och klippa.<\/p>\n<p>I reservatet ligger ocks\u00e5 herrg\u00e5rden som givit sitt namn \u00e5t omr\u00e5det. Nyckelvikens herrg\u00e5rd, eller Stora Nyckelviken som det egentligen heter. De byggnader vi ser idag byggdes under mitten av 1700-talet, men g\u00e5rden har anor fr\u00e5n 1500-talet. Idag inrymmer herrg\u00e5rden ett v\u00e4rdshus d\u00e4r det finns m\u00f6jlighet till b\u00e5de m\u00e5ltid och fika.<\/p>\n<p><img loading=\"lazy\" decoding=\"async\" class=\"aligncenter size-full wp-image-210152\" src=\"https:\/\/kulturista.se\/test\/wp-content\/uploads\/2021\/03\/nyckelc2.jpg\" alt=\"\" width=\"1334\" height=\"885\" srcset=\"https:\/\/kulturista.se\/test\/wp-content\/uploads\/2021\/03\/nyckelc2.jpg 1334w, https:\/\/kulturista.se\/test\/wp-content\/uploads\/2021\/03\/nyckelc2-1280x849.jpg 1280w, https:\/\/kulturista.se\/test\/wp-content\/uploads\/2021\/03\/nyckelc2-980x650.jpg 980w, https:\/\/kulturista.se\/test\/wp-content\/uploads\/2021\/03\/nyckelc2-480x318.jpg 480w\" sizes=\"(min-width: 0px) and (max-width: 480px) 480px, (min-width: 481px) and (max-width: 980px) 980px, (min-width: 981px) and (max-width: 1280px) 1280px, (min-width: 1281px) 1334px, 100vw\" \/><\/p>\n<p>&nbsp;<\/p>\n<p>Fr\u00e5n lusthuset byggt 1712 har man fin utsikt \u00f6ver Nyckelvikens herrg\u00e5rd, Nyckelvikens visningstr\u00e4dg\u00e5rd, ett stycke kulturhistoria planerad efter samma m\u00f6nster som n\u00e4r den skapades p\u00e5 1700-talet. Det \u00e4r ocks\u00e5 i v\u00e4xthusen som ligger intill som Nacka kommun odlar de v\u00e4xter som senare planteras ut i kommunen.<\/p>\n<p>&nbsp;<\/p>\n<\/div>\n<div>\n<p><img loading=\"lazy\" decoding=\"async\" class=\"aligncenter size-full wp-image-210153\" src=\"https:\/\/kulturista.se\/test\/wp-content\/uploads\/2021\/03\/nyckelc1.jpg\" alt=\"\" width=\"1334\" height=\"885\" srcset=\"https:\/\/kulturista.se\/test\/wp-content\/uploads\/2021\/03\/nyckelc1.jpg 1334w, https:\/\/kulturista.se\/test\/wp-content\/uploads\/2021\/03\/nyckelc1-1280x849.jpg 1280w, https:\/\/kulturista.se\/test\/wp-content\/uploads\/2021\/03\/nyckelc1-980x650.jpg 980w, https:\/\/kulturista.se\/test\/wp-content\/uploads\/2021\/03\/nyckelc1-480x318.jpg 480w\" sizes=\"(min-width: 0px) and (max-width: 480px) 480px, (min-width: 481px) and (max-width: 980px) 980px, (min-width: 981px) and (max-width: 1280px) 1280px, (min-width: 1281px) 1334px, 100vw\" \/><\/p>\n<p><img loading=\"lazy\" decoding=\"async\" class=\"aligncenter size-full wp-image-210169\" src=\"https:\/\/kulturista.se\/test\/wp-content\/uploads\/2021\/03\/nyckelc4.jpg\" alt=\"\" width=\"1334\" height=\"885\" srcset=\"https:\/\/kulturista.se\/test\/wp-content\/uploads\/2021\/03\/nyckelc4.jpg 1334w, https:\/\/kulturista.se\/test\/wp-content\/uploads\/2021\/03\/nyckelc4-1280x849.jpg 1280w, https:\/\/kulturista.se\/test\/wp-content\/uploads\/2021\/03\/nyckelc4-980x650.jpg 980w, https:\/\/kulturista.se\/test\/wp-content\/uploads\/2021\/03\/nyckelc4-480x318.jpg 480w\" sizes=\"(min-width: 0px) and (max-width: 480px) 480px, (min-width: 481px) and (max-width: 980px) 980px, (min-width: 981px) and (max-width: 1280px) 1280px, (min-width: 1281px) 1334px, 100vw\" \/><\/p>\n<p><em>Samtliga foton: Kulturista<\/em><\/p>\n<p>Vid Stora Nyckelviken finns ocks\u00e5 bondg\u00e5rden, barnens favorit, d\u00e4r bor n\u00e4mligen h\u00f6nsen, kaninerna, grisarna, f\u00e5ren och de on\u00f6digt <em>s<\/em>\u00f6ta ponnyh\u00e4starna. Vid bondg\u00e5rden finns ocks\u00e5 m\u00f6jlighet att grilla och sittplatser f\u00f6r att \u00e4ta medhavd mats\u00e4ck.<\/p>\n<p>S\u00e5 ni som deppar \u00f6ver att Tant T\u00f6 tog vintern kan jag verkligen tipsa om ett bes\u00f6k p\u00e5 Nyckelviken nu under sportlovet. Det finns massor av aktiviteter b\u00e5de f\u00f6r stora och sm\u00e5.<\/p>\n<p><a href=\"https:\/\/www.nyckelvikensherrgard.se\/\" target=\"_blank\" rel=\"noopener\"><em><strong>Nyckelvikens herrg\u00e5rd<\/strong><\/em><\/a><br \/>\nNyckelviksv\u00e4gen 1, 131 49 Nacka<br \/>\n<a href=\"mailto:info@nyckelviken.com\">info@nyckelviken.com<\/a><br \/>\n<a href=\"Tel:+46 8 718 00 21\">Tel:+46 (0)8 718 00 21<\/a><\/p>\n<p><a href=\"http:\/\/www.nyckelvikensherrgard.se\/index.php\/mer-om-oss\/hitta-hit\" target=\"_blank\" rel=\"noopener\"><em><strong>Hitta dit<\/strong><\/em><\/a><\/p>\n<p>&nbsp;<\/p>\n<\/div>\n","protected":false},"excerpt":{"rendered":"<p>&#8221;Vintern rasat ut bland v\u00e5ra fj\u00e4llar, drivans blommor sm\u00e4lta ner och d\u00f6, himlen ler i v\u00e5rens ljusa kv\u00e4llar, solen kysser liv i skog och sj\u00f6&#8221;. S\u00e4llan har texten av Otto Lindblad varit s\u00e5 p\u00e5 pricken som den h\u00e4r vinterns rekordsnabba slut. F\u00f6r mindre \u00e4n 2 veckor sedan hade vi rekordmycket sn\u00f6 och fantastiska skridskoisar, men [&hellip;]<\/p>\n","protected":false},"author":1,"featured_media":0,"comment_status":"open","ping_status":"open","sticky":false,"template":"","format":"standard","meta":{"_acf_changed":false,"_et_pb_use_builder":"","_et_pb_old_content":"","_et_gb_content_width":"","_jetpack_newsletter_access":"","_jetpack_dont_email_post_to_subs":false,"_jetpack_newsletter_tier_id":0,"_jetpack_memberships_contains_paywalled_content":false,"_jetpack_feature_clip_id":0,"_jetpack_memberships_contains_paid_content":false,"footnotes":"","jetpack_post_was_ever_published":false},"categories":[36],"tags":[],"class_list":["post-210150","post","type-post","status-publish","format-standard","hentry","category-utflyktsmal"],"acf":[],"jetpack_sharing_enabled":true,"jetpack_featured_media_url":"","_links":{"self":[{"href":"https:\/\/kulturista.se\/test\/wp-json\/wp\/v2\/posts\/210150","targetHints":{"allow":["GET"]}}],"collection":[{"href":"https:\/\/kulturista.se\/test\/wp-json\/wp\/v2\/posts"}],"about":[{"href":"https:\/\/kulturista.se\/test\/wp-json\/wp\/v2\/types\/post"}],"author":[{"embeddable":true,"href":"https:\/\/kulturista.se\/test\/wp-json\/wp\/v2\/users\/1"}],"replies":[{"embeddable":true,"href":"https:\/\/kulturista.se\/test\/wp-json\/wp\/v2\/comments?post=210150"}],"version-history":[{"count":31,"href":"https:\/\/kulturista.se\/test\/wp-json\/wp\/v2\/posts\/210150\/revisions"}],"predecessor-version":[{"id":210185,"href":"https:\/\/kulturista.se\/test\/wp-json\/wp\/v2\/posts\/210150\/revisions\/210185"}],"wp:attachment":[{"href":"https:\/\/kulturista.se\/test\/wp-json\/wp\/v2\/media?parent=210150"}],"wp:term":[{"taxonomy":"category","embeddable":true,"href":"https:\/\/kulturista.se\/test\/wp-json\/wp\/v2\/categories?post=210150"},{"taxonomy":"post_tag","embeddable":true,"href":"https:\/\/kulturista.se\/test\/wp-json\/wp\/v2\/tags?post=210150"}],"curies":[{"name":"wp","href":"https:\/\/api.w.org\/{rel}","templated":true}]}}