{"id":209960,"date":"2026-01-09T18:36:01","date_gmt":"2026-01-09T17:36:01","guid":{"rendered":"https:\/\/kulturista.se\/test\/?p=209960"},"modified":"2026-08-16T00:04:45","modified_gmt":"2026-08-15T22:04:45","slug":"haga-i-vinterskrud","status":"publish","type":"post","link":"https:\/\/kulturista.se\/test\/haga-i-vinterskrud\/","title":{"rendered":"Haga i vinterskrud"},"content":{"rendered":"<p>Idag hade vi en magisk vinterdag i Stockholm. Jag valde att bes\u00f6ka Hagaparken som \u00e4r en engelskinspirerad park vid Brunnsviken i Haga i Solna. Parken anlades p\u00e5 initiativ av Gustav III och kallas d\u00e4rf\u00f6r ocks\u00e5 Gustavianska Parken. Hagaparken \u00e4r oerh\u00f6rt vacker \u00e4ven vintertid och \u00e4r v\u00e4l v\u00e4rt ett bes\u00f6k \u00e5ret runt.<\/p>\n<p>I parken finns flera vackra en paviljonger och tempel. Ekotemplet som ligger p\u00e5 en liten kulle strax \u00f6ster om Gustav III:s paviljong \u00e4r en \u00f6ppen oval sommarmatsal som byggdes f\u00f6r Gustav III som \u00e4lskade att \u00e4ta utomhus. Byggnaden hette fr\u00e5n b\u00f6rjan &#8221;Gr\u00f6na salongen&#8221; men kom s\u00e5 sm\u00e5ningom att kallas &#8221;Ekotemplet&#8221; p\u00e5 grund av att ett magiskt eko uppst\u00e5r under byggnadens v\u00e4lvda tak. Fr\u00e5n Ekotemplet har man fin utsikt \u00f6ver Brunnsviken och Pelousen, den stora gr\u00e4sytan som vintertid \u00e4r popul\u00e4rt f\u00f6r pulka\u00e5kning.<\/p>\n<p><em><img loading=\"lazy\" decoding=\"async\" class=\"aligncenter size-full wp-image-209970\" src=\"https:\/\/kulturista.se\/test\/wp-content\/uploads\/2021\/01\/ekotemplet.jpg\" alt=\"\" width=\"1334\" height=\"885\" srcset=\"https:\/\/kulturista.se\/test\/wp-content\/uploads\/2021\/01\/ekotemplet.jpg 1334w, https:\/\/kulturista.se\/test\/wp-content\/uploads\/2021\/01\/ekotemplet-1280x849.jpg 1280w, https:\/\/kulturista.se\/test\/wp-content\/uploads\/2021\/01\/ekotemplet-980x650.jpg 980w, https:\/\/kulturista.se\/test\/wp-content\/uploads\/2021\/01\/ekotemplet-480x318.jpg 480w\" sizes=\"(min-width: 0px) and (max-width: 480px) 480px, (min-width: 481px) and (max-width: 980px) 980px, (min-width: 981px) and (max-width: 1280px) 1280px, (min-width: 1281px) 1334px, 100vw\" \/><\/em><\/p>\n<p><img loading=\"lazy\" decoding=\"async\" class=\"aligncenter size-full wp-image-209972\" src=\"https:\/\/kulturista.se\/test\/wp-content\/uploads\/2021\/01\/pulkahaga.jpg\" alt=\"\" width=\"1334\" height=\"885\" srcset=\"https:\/\/kulturista.se\/test\/wp-content\/uploads\/2021\/01\/pulkahaga.jpg 1334w, https:\/\/kulturista.se\/test\/wp-content\/uploads\/2021\/01\/pulkahaga-1280x849.jpg 1280w, https:\/\/kulturista.se\/test\/wp-content\/uploads\/2021\/01\/pulkahaga-980x650.jpg 980w, https:\/\/kulturista.se\/test\/wp-content\/uploads\/2021\/01\/pulkahaga-480x318.jpg 480w\" sizes=\"(min-width: 0px) and (max-width: 480px) 480px, (min-width: 481px) and (max-width: 980px) 980px, (min-width: 981px) and (max-width: 1280px) 1280px, (min-width: 1281px) 1334px, 100vw\" \/><\/p>\n<p>I parken finns \u00e4ven <a href=\"https:\/\/stiligahem.se\/2017\/march\/lusthus-kinesiska-templet-i-hagaparken-2.html\" target=\"_blank\" rel=\"noopener\"><em><strong>Kinesiska paviljongen<\/strong><\/em><\/a> och <a href=\"https:\/\/stiligahem.se\/2017\/march\/lusthus-turkiska-kiosken-i-hagaparken-2.html\" target=\"_blank\" rel=\"noopener\"><em><strong>Turkiska kiosken<\/strong><\/em><\/a> samt de sagolika Koppart\u00e4lten som egentligen bara en kuliss, p\u00e5 baksidan har byggnaderna vanliga gulf\u00e4rgade puts- respektive tr\u00e4fasader.<\/p>\n<p><img loading=\"lazy\" decoding=\"async\" class=\"aligncenter size-full wp-image-209973\" src=\"https:\/\/kulturista.se\/test\/wp-content\/uploads\/2021\/01\/koppartalten.jpg\" alt=\"\" width=\"1334\" height=\"885\" srcset=\"https:\/\/kulturista.se\/test\/wp-content\/uploads\/2021\/01\/koppartalten.jpg 1334w, https:\/\/kulturista.se\/test\/wp-content\/uploads\/2021\/01\/koppartalten-1280x849.jpg 1280w, https:\/\/kulturista.se\/test\/wp-content\/uploads\/2021\/01\/koppartalten-980x650.jpg 980w, https:\/\/kulturista.se\/test\/wp-content\/uploads\/2021\/01\/koppartalten-480x318.jpg 480w\" sizes=\"(min-width: 0px) and (max-width: 480px) 480px, (min-width: 481px) and (max-width: 980px) 980px, (min-width: 981px) and (max-width: 1280px) 1280px, (min-width: 1281px) 1334px, 100vw\" \/><\/p>\n<p>Byggnaderna var ursprungligen avsedda som logement till den beridna h\u00f6gvakten. T\u00e4lten \u00e4r byggda av kopparpl\u00e5t som m\u00e5lats och skulle likna romerska milit\u00e4rt\u00e4lt. Idag huserar <a href=\"https:\/\/www.koppartalten.se\/\" target=\"_blank\" rel=\"noopener\"><em><strong>V\u00e4rdshuset Koppart\u00e4lten<\/strong><\/em><\/a> med kaf\u00e9 och och festv\u00e5ning i Koppart\u00e4lten. Idag var det m\u00e5nga med mig som valde att ta en fika ute i solen.<\/p>\n<p><img loading=\"lazy\" decoding=\"async\" class=\"aligncenter size-full wp-image-209975\" src=\"https:\/\/kulturista.se\/test\/wp-content\/uploads\/2021\/01\/fika.jpg\" alt=\"\" width=\"1334\" height=\"885\" srcset=\"https:\/\/kulturista.se\/test\/wp-content\/uploads\/2021\/01\/fika.jpg 1334w, https:\/\/kulturista.se\/test\/wp-content\/uploads\/2021\/01\/fika-1280x849.jpg 1280w, https:\/\/kulturista.se\/test\/wp-content\/uploads\/2021\/01\/fika-980x650.jpg 980w, https:\/\/kulturista.se\/test\/wp-content\/uploads\/2021\/01\/fika-480x318.jpg 480w\" sizes=\"(min-width: 0px) and (max-width: 480px) 480px, (min-width: 481px) and (max-width: 980px) 980px, (min-width: 981px) and (max-width: 1280px) 1280px, (min-width: 1281px) 1334px, 100vw\" \/><em>Foto till h\u00f6ger: V\u00e4rdshuset Koppart\u00e4lten<\/em><\/p>\n<p>Gustav den III:s paviljong som ligger n\u00e4rmast vattnet\u00a0 tillh\u00f6r h\u00f6jdpunkterna i den svenska konsthistorien och \u00e4r ett av de fr\u00e4msta verken fr\u00e5n det sena 1700-talet.<br \/>\nJust nu \u00e4r paviljongen st\u00e4ngd, men i vanliga fall kan man g\u00f6ra bes\u00f6ka d\u00e4r, l\u00e4s mer p\u00e5 <a href=\"https:\/\/www.kungligaslotten.se\/\" target=\"_blank\" rel=\"noopener\"><em><strong>Kungliga slotten.<\/strong><\/em><\/a><\/p>\n<p><img loading=\"lazy\" decoding=\"async\" class=\"aligncenter size-full wp-image-209974\" src=\"https:\/\/kulturista.se\/test\/wp-content\/uploads\/2021\/01\/gustav.jpg\" alt=\"\" width=\"1334\" height=\"885\" srcset=\"https:\/\/kulturista.se\/test\/wp-content\/uploads\/2021\/01\/gustav.jpg 1334w, https:\/\/kulturista.se\/test\/wp-content\/uploads\/2021\/01\/gustav-1280x849.jpg 1280w, https:\/\/kulturista.se\/test\/wp-content\/uploads\/2021\/01\/gustav-980x650.jpg 980w, https:\/\/kulturista.se\/test\/wp-content\/uploads\/2021\/01\/gustav-480x318.jpg 480w\" sizes=\"(min-width: 0px) and (max-width: 480px) 480px, (min-width: 481px) and (max-width: 980px) 980px, (min-width: 981px) and (max-width: 1280px) 1280px, (min-width: 1281px) 1334px, 100vw\" \/><\/p>\n<p>I Hagaparken ligger ju ocks\u00e5 <a href=\"https:\/\/www.kungahuset.se\/kungafamiljen\/hkhkronprinsessanvictoria\/hagaslott.4.1a6f639212652d9b15a800016582.html\" target=\"_blank\" rel=\"noopener\"><em><strong>Haga Slott<\/strong><\/em><\/a> d\u00e4r Kronprinsessan Victoria och Prins Daniel bor. Haga slott byggdes s\u00e5 sent som 1802 p\u00e5 Gustav IV Adolfs initiativ. Det nya slottet ligger granne med\u00a0 Gustav III:s paviljong. Hagaparken som ing\u00e5r i\u00a0 i <a href=\"http:\/\/www.nationalstadsparken.se\/\" target=\"_blank\" rel=\"noopener\"><em><strong>Kungliga nationalstadsparken<\/strong><\/em><\/a>\u00a0 \u00e4r en fantastisk oas och jag kan verkligen rekommendera ett bes\u00f6k d\u00e4r, b\u00e5de f\u00f6r parkmilj\u00f6n och f\u00f6r de vackra byggnadernas skull.<\/p>\n<p>I Hagaparken finns \u00e4ven <a href=\"https:\/\/www.fjarilshuset.se\/\" target=\"_blank\" rel=\"noopener\"><em><strong>Fj\u00e4rilshuset<\/strong><\/em><\/a> och Konditori Vasasl\u00e4tten.<\/p>\n","protected":false},"excerpt":{"rendered":"<p>Idag hade vi en magisk vinterdag i Stockholm. Jag valde att bes\u00f6ka Hagaparken som \u00e4r en engelskinspirerad park vid Brunnsviken i Haga i Solna. Parken anlades p\u00e5 initiativ av Gustav III och kallas d\u00e4rf\u00f6r ocks\u00e5 Gustavianska Parken. Hagaparken \u00e4r oerh\u00f6rt vacker \u00e4ven vintertid och \u00e4r v\u00e4l v\u00e4rt ett bes\u00f6k \u00e5ret runt. I parken finns flera [&hellip;]<\/p>\n","protected":false},"author":1,"featured_media":0,"comment_status":"open","ping_status":"open","sticky":false,"template":"","format":"standard","meta":{"_acf_changed":false,"_et_pb_use_builder":"","_et_pb_old_content":"","_et_gb_content_width":"","_jetpack_newsletter_access":"","_jetpack_dont_email_post_to_subs":false,"_jetpack_newsletter_tier_id":0,"_jetpack_memberships_contains_paywalled_content":false,"_jetpack_feature_clip_id":0,"_jetpack_memberships_contains_paid_content":false,"footnotes":"","jetpack_post_was_ever_published":false},"categories":[36],"tags":[],"class_list":["post-209960","post","type-post","status-publish","format-standard","hentry","category-utflyktsmal"],"acf":[],"jetpack_sharing_enabled":true,"jetpack_featured_media_url":"","_links":{"self":[{"href":"https:\/\/kulturista.se\/test\/wp-json\/wp\/v2\/posts\/209960","targetHints":{"allow":["GET"]}}],"collection":[{"href":"https:\/\/kulturista.se\/test\/wp-json\/wp\/v2\/posts"}],"about":[{"href":"https:\/\/kulturista.se\/test\/wp-json\/wp\/v2\/types\/post"}],"author":[{"embeddable":true,"href":"https:\/\/kulturista.se\/test\/wp-json\/wp\/v2\/users\/1"}],"replies":[{"embeddable":true,"href":"https:\/\/kulturista.se\/test\/wp-json\/wp\/v2\/comments?post=209960"}],"version-history":[{"count":14,"href":"https:\/\/kulturista.se\/test\/wp-json\/wp\/v2\/posts\/209960\/revisions"}],"predecessor-version":[{"id":213302,"href":"https:\/\/kulturista.se\/test\/wp-json\/wp\/v2\/posts\/209960\/revisions\/213302"}],"wp:attachment":[{"href":"https:\/\/kulturista.se\/test\/wp-json\/wp\/v2\/media?parent=209960"}],"wp:term":[{"taxonomy":"category","embeddable":true,"href":"https:\/\/kulturista.se\/test\/wp-json\/wp\/v2\/categories?post=209960"},{"taxonomy":"post_tag","embeddable":true,"href":"https:\/\/kulturista.se\/test\/wp-json\/wp\/v2\/tags?post=209960"}],"curies":[{"name":"wp","href":"https:\/\/api.w.org\/{rel}","templated":true}]}}