{"id":209941,"date":"2021-01-24T17:01:05","date_gmt":"2021-01-24T16:01:05","guid":{"rendered":"https:\/\/kulturista.se\/test\/?p=209941"},"modified":"2025-12-03T13:07:36","modified_gmt":"2025-12-03T12:07:36","slug":"cfhill-visar-nigeriansk-konst","status":"publish","type":"post","link":"https:\/\/kulturista.se\/test\/cfhill-visar-nigeriansk-konst\/","title":{"rendered":"CFHILL visar Nigeriansk konst"},"content":{"rendered":"<p><span class=\"\" title=\"Har redigerats\">CFHILL \u00e4r ett lite sma\u030ahemligt och anonymt konstgalleri inrymt i ett urtjusigt 1600-talspalats vid Kungstra\u0308dga\u030arden.\u2063 Under perioden 22\/1-12\/2 visar de samtida konst fr\u00e5n Nigeria i utst\u00e4llningen <\/span><span class=\"\" title=\"Har redigerats\"><em><a href=\"https:\/\/www.cfhill.com\/stop-listen-exhibition\" target=\"_blank\" rel=\"noopener\"><strong>Stop, Listen!<\/strong><\/a><\/em><\/span><\/p>\n<p><img loading=\"lazy\" decoding=\"async\" class=\"aligncenter size-full wp-image-209943\" src=\"https:\/\/kulturista.se\/test\/wp-content\/uploads\/2021\/01\/stoplisten1.jpg\" alt=\"\" width=\"1334\" height=\"885\" srcset=\"https:\/\/kulturista.se\/test\/wp-content\/uploads\/2021\/01\/stoplisten1.jpg 1334w, https:\/\/kulturista.se\/test\/wp-content\/uploads\/2021\/01\/stoplisten1-1280x849.jpg 1280w, https:\/\/kulturista.se\/test\/wp-content\/uploads\/2021\/01\/stoplisten1-980x650.jpg 980w, https:\/\/kulturista.se\/test\/wp-content\/uploads\/2021\/01\/stoplisten1-480x318.jpg 480w\" sizes=\"(min-width: 0px) and (max-width: 480px) 480px, (min-width: 481px) and (max-width: 980px) 980px, (min-width: 981px) and (max-width: 1280px) 1280px, (min-width: 1281px) 1334px, 100vw\" \/><em>Verken Leah och Aisha av Chiderah Bosah<\/em><\/p>\n<p><span class=\"\" title=\"Har redigerats\">Det visas f\u00f6rv\u00e5nansv\u00e4rt lite konst fr\u00e5n Afrika i Sverige s\u00e5 det \u00e4r v\u00e4ldigt gl\u00e4djande att CFHILL f\u00f6r andra g\u00e5ngen satsar p\u00e5 det. <\/span><span class=\"\" title=\"Har redigerats\">Jag kan v\u00e4ldigt lite om afrikansk konst, men tycker det \u00e4r uppfriskande att se nya milj\u00f6er, f\u00e4rger och motiv och i den h\u00e4r utst\u00e4llningen k\u00e4nner jag hur de varma starka f\u00e4rgerna verkligen studsar p\u00e5 min n\u00e4thinna och g\u00f6r mig glad, s\u00e5 mycket l\u00e4ngtan efter f\u00e4rg och v\u00e4rme efter en l\u00e5ng m\u00f6rk vinter.<\/span><\/p>\n<p>Jag t\u00e4nker ocks\u00e5 att Afrika \u00e4r en s\u00e5n stor kontinent och att det idag bor m\u00e5nga i Sverige som har sina r\u00f6tter d\u00e4r att borde vara sj\u00e4lvklart att vi kunde lite mer afrikansk konst.<\/p>\n<p><img loading=\"lazy\" decoding=\"async\" class=\"aligncenter size-full wp-image-209946\" src=\"https:\/\/kulturista.se\/test\/wp-content\/uploads\/2021\/01\/stoplisten3.jpg\" alt=\"\" width=\"1334\" height=\"885\" srcset=\"https:\/\/kulturista.se\/test\/wp-content\/uploads\/2021\/01\/stoplisten3.jpg 1334w, https:\/\/kulturista.se\/test\/wp-content\/uploads\/2021\/01\/stoplisten3-1280x849.jpg 1280w, https:\/\/kulturista.se\/test\/wp-content\/uploads\/2021\/01\/stoplisten3-980x650.jpg 980w, https:\/\/kulturista.se\/test\/wp-content\/uploads\/2021\/01\/stoplisten3-480x318.jpg 480w\" sizes=\"(min-width: 0px) and (max-width: 480px) 480px, (min-width: 481px) and (max-width: 980px) 980px, (min-width: 981px) and (max-width: 1280px) 1280px, (min-width: 1281px) 1334px, 100vw\" \/><em>V\u00e4nster: Brothers from October, Johnson Eziefula H\u00f6ger: Brother&#8217;s keeper, Adeboyega Adesina<\/em><\/p>\n<p>Jag skulle g\u00e4rna se exempelvis <strong><em><a href=\"https:\/\/www.modernamuseet.se\/stockholm\/sv\/\" target=\"_blank\" rel=\"noopener\">Moderna Museet<\/a><\/em><\/strong> g\u00f6ra en utst\u00e4llning f\u00f6r att visa p\u00e5 bredden i afrikansk modern konst och g\u00e4rna l\u00e5na in n\u00e5got fr\u00e5n det fantastiska museet<strong><em><a href=\"https:\/\/zeitzmocaa.museum\/\" target=\"_blank\" rel=\"noopener\"> Zeitz MOCAA<\/a><\/em><\/strong> (Zeitz Museum of Contemporary Art Africa) Kapstaden, Sydafrika. Jag har bara sett filmer fr\u00e5n museet som \u00e4r inrymt i en gammal silo och ligger i hamnen i Kapstaden men vill v\u00e4ldigt g\u00e4rna bes\u00f6ka det n\u00e5gon g\u00e5ng.<\/p>\n<p>Skillnaden mellan en utst\u00e4llning p\u00e5 museum och ett galleri \u00e4r ju att ett museum arbetar med att ge en bakgrund till verken och konstn\u00e4rerna, s\u00e4tta dem i ett sammanhang. Medan ett galleri i f\u00f6rsta hand visar konsten f\u00f6r att den ska s\u00e4ljas. Just n\u00e4r det g\u00e4ller afrikansk konst \u00e4r det verkligen p\u00e5 sin plats med en introduktion eftersom afrikansk konst i det n\u00e4rmaste nonchalerats i institutionella sammanhang. Mig veterligt har ingen utst\u00e4llning gjorts i Sverige sedan 1990 (d\u00e5 p\u00e5 Moderna Museet).<\/p>\n<p><img loading=\"lazy\" decoding=\"async\" class=\"aligncenter size-full wp-image-209945\" src=\"https:\/\/kulturista.se\/test\/wp-content\/uploads\/2021\/01\/stoplisten2.jpg\" alt=\"\" width=\"1334\" height=\"885\" srcset=\"https:\/\/kulturista.se\/test\/wp-content\/uploads\/2021\/01\/stoplisten2.jpg 1334w, https:\/\/kulturista.se\/test\/wp-content\/uploads\/2021\/01\/stoplisten2-1280x849.jpg 1280w, https:\/\/kulturista.se\/test\/wp-content\/uploads\/2021\/01\/stoplisten2-980x650.jpg 980w, https:\/\/kulturista.se\/test\/wp-content\/uploads\/2021\/01\/stoplisten2-480x318.jpg 480w\" sizes=\"(min-width: 0px) and (max-width: 480px) 480px, (min-width: 481px) and (max-width: 980px) 980px, (min-width: 981px) and (max-width: 1280px) 1280px, (min-width: 1281px) 1334px, 100vw\" \/><em>V\u00e4nster: In Pink, John Madu H\u00f6ger: Egunggun Woman, Wole Lagunju<\/em><\/p>\n<p>Jag uppt\u00e4ckte\u00a0 i John Madus m\u00e5lning In Pink ovan n\u00e5got som jag tolkar till en h\u00e4nvisning till Van Gogh, eller vad s\u00e4ger du om himlen bakom den stiliga mannen i rosa? Och om s\u00e5 verkar John Madu ha mer koll p\u00e5 Europeisk konst \u00e4n vad vi har om Afrikansk \ud83d\ude09<\/p>\n<p><em>Samtliga fotografier: Kulturista<\/em><\/p>\n<p>&nbsp;<\/p>\n<p>&nbsp;<\/p>\n<p><strong><em><a href=\"https:\/\/www.cfhill.com\/\" target=\"_blank\" rel=\"noopener\">CFHILL<\/a><\/em><\/strong><br \/>\nV\u00e4stra Tr\u00e4dg\u00e5rdsgatan 9<br \/>\n111 43 Stockholm<br \/>\n<em><a href=\"mailto:info@cfhill.com\" target=\"_blank\" rel=\"noopener\">info@cfhill.com<\/a><\/em><\/p>\n<p>&nbsp;<\/p>\n<p>&nbsp;<\/p>\n<p>&nbsp;<\/p>\n<p>&nbsp;<\/p>\n","protected":false},"excerpt":{"rendered":"<p>CFHILL \u00e4r ett lite sma\u030ahemligt och anonymt konstgalleri inrymt i ett urtjusigt 1600-talspalats vid Kungstra\u0308dga\u030arden.\u2063 Under perioden 22\/1-12\/2 visar de samtida konst fr\u00e5n Nigeria i utst\u00e4llningen Stop, Listen! Verken Leah och Aisha av Chiderah Bosah Det visas f\u00f6rv\u00e5nansv\u00e4rt lite konst fr\u00e5n Afrika i Sverige s\u00e5 det \u00e4r v\u00e4ldigt gl\u00e4djande att CFHILL f\u00f6r andra g\u00e5ngen satsar [&hellip;]<\/p>\n","protected":false},"author":1,"featured_media":0,"comment_status":"open","ping_status":"open","sticky":false,"template":"","format":"standard","meta":{"_acf_changed":false,"_et_pb_use_builder":"","_et_pb_old_content":"","_et_gb_content_width":"","_jetpack_newsletter_access":"","_jetpack_dont_email_post_to_subs":false,"_jetpack_newsletter_tier_id":0,"_jetpack_memberships_contains_paywalled_content":false,"_jetpack_feature_clip_id":0,"_jetpack_memberships_contains_paid_content":false,"footnotes":"","jetpack_post_was_ever_published":false},"categories":[19],"tags":[],"class_list":["post-209941","post","type-post","status-publish","format-standard","hentry","category-museer-utstallningar"],"acf":[],"jetpack_sharing_enabled":true,"jetpack_featured_media_url":"","_links":{"self":[{"href":"https:\/\/kulturista.se\/test\/wp-json\/wp\/v2\/posts\/209941","targetHints":{"allow":["GET"]}}],"collection":[{"href":"https:\/\/kulturista.se\/test\/wp-json\/wp\/v2\/posts"}],"about":[{"href":"https:\/\/kulturista.se\/test\/wp-json\/wp\/v2\/types\/post"}],"author":[{"embeddable":true,"href":"https:\/\/kulturista.se\/test\/wp-json\/wp\/v2\/users\/1"}],"replies":[{"embeddable":true,"href":"https:\/\/kulturista.se\/test\/wp-json\/wp\/v2\/comments?post=209941"}],"version-history":[{"count":15,"href":"https:\/\/kulturista.se\/test\/wp-json\/wp\/v2\/posts\/209941\/revisions"}],"predecessor-version":[{"id":209959,"href":"https:\/\/kulturista.se\/test\/wp-json\/wp\/v2\/posts\/209941\/revisions\/209959"}],"wp:attachment":[{"href":"https:\/\/kulturista.se\/test\/wp-json\/wp\/v2\/media?parent=209941"}],"wp:term":[{"taxonomy":"category","embeddable":true,"href":"https:\/\/kulturista.se\/test\/wp-json\/wp\/v2\/categories?post=209941"},{"taxonomy":"post_tag","embeddable":true,"href":"https:\/\/kulturista.se\/test\/wp-json\/wp\/v2\/tags?post=209941"}],"curies":[{"name":"wp","href":"https:\/\/api.w.org\/{rel}","templated":true}]}}