{"id":209870,"date":"2020-12-25T15:12:26","date_gmt":"2020-12-25T14:12:26","guid":{"rendered":"https:\/\/kulturista.se\/test\/?p=209870"},"modified":"2026-08-22T03:04:55","modified_gmt":"2026-08-22T01:04:55","slug":"sara-kulturhus-i-skelleftea","status":"publish","type":"post","link":"https:\/\/kulturista.se\/test\/sara-kulturhus-i-skelleftea\/","title":{"rendered":"Sara kulturhus i Skellefte\u00e5"},"content":{"rendered":"<p>Kulturista bes\u00f6ker Skellefte\u00e5. D\u00e4r byggs just nu ett nytt kulturhus som v\u00e4ntas bli ett av v\u00e4rldens h\u00f6gsta tr\u00e4hus. F\u00f6rfattaren Sara Lidman som f\u00f6ddes i byn Missentr\u00e4sk i kommunen har givit namn \u00e5t kulturhuset. Det \u00e4r ett imponerande bygge som str\u00e4cker sig h\u00f6gt \u00f6ver stadsk\u00e4rnan.<\/p>\n<p>N\u00e4r Sara Kulturhus \u00f6ppnar i september 2021 ska det f\u00f6rutom hotell, spa, barer och restaurang inrymma Va\u0308sterbottensteatern, Skelleftea\u030a konsthall, Skelleftea\u030a stadsbibliotek och Museum Anna Nordlander. Men \u00e4ven en stor konserthall anpassad fo\u0308r ett brett programutbud med exempelvis musikaler, teater och kongresser.<\/p>\n<p>Jag blir s\u00e5 glad \u00f6ver att staden jag f\u00f6ddes i och som jag flyttade fr\u00e5n delvis p\u00e5 grund av att kulturlivet d\u00e5 var skral och kulturen inte var n\u00e5got som kommunen satsade p\u00e5 d\u00e5 nu ligger i framkant i sin satsning p\u00e5 kulturen och milj\u00f6n. Cudos Skellefte!<\/p>\n<p><img loading=\"lazy\" decoding=\"async\" class=\"aligncenter size-full wp-image-209871\" src=\"https:\/\/kulturista.se\/test\/wp-content\/uploads\/2020\/12\/sara.jpg\" alt=\"\" width=\"1334\" height=\"885\" srcset=\"https:\/\/kulturista.se\/test\/wp-content\/uploads\/2020\/12\/sara.jpg 1334w, https:\/\/kulturista.se\/test\/wp-content\/uploads\/2020\/12\/sara-1280x849.jpg 1280w, https:\/\/kulturista.se\/test\/wp-content\/uploads\/2020\/12\/sara-980x650.jpg 980w, https:\/\/kulturista.se\/test\/wp-content\/uploads\/2020\/12\/sara-480x318.jpg 480w\" sizes=\"(min-width: 0px) and (max-width: 480px) 480px, (min-width: 481px) and (max-width: 980px) 980px, (min-width: 981px) and (max-width: 1280px) 1280px, (min-width: 1281px) 1334px, 100vw\" \/><\/p>\n<p><em>Foto: Inspirationsbild Skellefte\u00e5 Kommun<\/em><\/p>\n<p><strong><em><a href=\"https:\/\/www.sarakulturhus.se\/\" target=\"_blank\" rel=\"noopener noreferrer\">Sara kulturhus<\/a><\/em><\/strong><br \/>\n<a href=\"mailto:kulturhus@skelleftea.se\">kulturhus@skelleftea.se<br \/>\n<\/a>+46 (0)70-844 88 63<\/p>\n<p>&nbsp;<\/p>\n","protected":false},"excerpt":{"rendered":"<p>Kulturista bes\u00f6ker Skellefte\u00e5. D\u00e4r byggs just nu ett nytt kulturhus som v\u00e4ntas bli ett av v\u00e4rldens h\u00f6gsta tr\u00e4hus. F\u00f6rfattaren Sara Lidman som f\u00f6ddes i byn Missentr\u00e4sk i kommunen har givit namn \u00e5t kulturhuset. Det \u00e4r ett imponerande bygge som str\u00e4cker sig h\u00f6gt \u00f6ver stadsk\u00e4rnan. N\u00e4r Sara Kulturhus \u00f6ppnar i september 2021 ska det f\u00f6rutom hotell, [&hellip;]<\/p>\n","protected":false},"author":1,"featured_media":0,"comment_status":"open","ping_status":"open","sticky":false,"template":"","format":"standard","meta":{"_acf_changed":false,"_et_pb_use_builder":"","_et_pb_old_content":"","_et_gb_content_width":"","_jetpack_newsletter_access":"","_jetpack_dont_email_post_to_subs":false,"_jetpack_newsletter_tier_id":0,"_jetpack_memberships_contains_paywalled_content":false,"_jetpack_feature_clip_id":0,"_jetpack_memberships_contains_paid_content":false,"footnotes":"","jetpack_post_was_ever_published":false},"categories":[74],"tags":[],"class_list":["post-209870","post","type-post","status-publish","format-standard","hentry","category-kulturistas-sverige"],"acf":[],"jetpack_sharing_enabled":true,"jetpack_featured_media_url":"","_links":{"self":[{"href":"https:\/\/kulturista.se\/test\/wp-json\/wp\/v2\/posts\/209870","targetHints":{"allow":["GET"]}}],"collection":[{"href":"https:\/\/kulturista.se\/test\/wp-json\/wp\/v2\/posts"}],"about":[{"href":"https:\/\/kulturista.se\/test\/wp-json\/wp\/v2\/types\/post"}],"author":[{"embeddable":true,"href":"https:\/\/kulturista.se\/test\/wp-json\/wp\/v2\/users\/1"}],"replies":[{"embeddable":true,"href":"https:\/\/kulturista.se\/test\/wp-json\/wp\/v2\/comments?post=209870"}],"version-history":[{"count":4,"href":"https:\/\/kulturista.se\/test\/wp-json\/wp\/v2\/posts\/209870\/revisions"}],"predecessor-version":[{"id":213457,"href":"https:\/\/kulturista.se\/test\/wp-json\/wp\/v2\/posts\/209870\/revisions\/213457"}],"wp:attachment":[{"href":"https:\/\/kulturista.se\/test\/wp-json\/wp\/v2\/media?parent=209870"}],"wp:term":[{"taxonomy":"category","embeddable":true,"href":"https:\/\/kulturista.se\/test\/wp-json\/wp\/v2\/categories?post=209870"},{"taxonomy":"post_tag","embeddable":true,"href":"https:\/\/kulturista.se\/test\/wp-json\/wp\/v2\/tags?post=209870"}],"curies":[{"name":"wp","href":"https:\/\/api.w.org\/{rel}","templated":true}]}}