{"id":209655,"date":"2020-11-28T11:30:23","date_gmt":"2020-11-28T10:30:23","guid":{"rendered":"https:\/\/kulturista.se\/test\/?p=209655"},"modified":"2025-12-03T14:22:58","modified_gmt":"2025-12-03T13:22:58","slug":"skansen-recrafted","status":"publish","type":"post","link":"https:\/\/kulturista.se\/test\/skansen-recrafted\/","title":{"rendered":"Skansen Recrafted"},"content":{"rendered":"<p>Tidigare i h\u00f6stas lanserade Skansenbutiken en texil kollektion i samarbete med Skansens Kl\u00e4dkammare.\u00a0 <em>Recrafted<\/em> &#8211; en samtida kollektion av kuddfodral tillverkade av vackra textilier och spillbitar fr\u00e5n Skansens Kl\u00e4dkammares f\u00f6rr\u00e5d. Varje f\u00f6rem\u00e5l \u00e4r unikt och tillverkat p\u00e5 Skansen.<\/p>\n<p><em>Recrafted<\/em>\u00a0 \u00e4r en samtida och samtidigt historierik kollektion med fokus p\u00e5 h\u00e5llbarhet och \u00e5terbruk. M\u00f6nster- och materialkombinationer \u00e4r framtagna ett n\u00e4ra samarbete mellan Skansenbutiken och Skansens Kl\u00e4dkammare. Samtliga material som anv\u00e4nts i <em>Recrafted<\/em> kommer fr\u00e5n Skansens Kl\u00e4dkammares f\u00f6rr\u00e5d och tillverkningen har skett p\u00e5 plats p\u00e5 museet.<\/p>\n<p><img loading=\"lazy\" decoding=\"async\" class=\"aligncenter size-full wp-image-209662\" src=\"https:\/\/kulturista.se\/test\/wp-content\/uploads\/2020\/11\/skansencollage1.jpg\" alt=\"\" width=\"1334\" height=\"885\" srcset=\"https:\/\/kulturista.se\/test\/wp-content\/uploads\/2020\/11\/skansencollage1.jpg 1334w, https:\/\/kulturista.se\/test\/wp-content\/uploads\/2020\/11\/skansencollage1-1280x849.jpg 1280w, https:\/\/kulturista.se\/test\/wp-content\/uploads\/2020\/11\/skansencollage1-980x650.jpg 980w, https:\/\/kulturista.se\/test\/wp-content\/uploads\/2020\/11\/skansencollage1-480x318.jpg 480w\" sizes=\"(min-width: 0px) and (max-width: 480px) 480px, (min-width: 481px) and (max-width: 980px) 980px, (min-width: 981px) and (max-width: 1280px) 1280px, (min-width: 1281px) 1334px, 100vw\" \/><em>Foto: Skansen<\/em><\/p>\n<p>Textilierna i Skansen <em>Recrafted<\/em> kommer fr\u00e5n olika tidsepoker och har av olika sk\u00e4l inte kunnat anv\u00e4ndas i museets verksamhet. Det r\u00f6r sig om v\u00e4ldigt gamla textilier med skador som inte kunnat lagas eller fl\u00e4ckar som inte g\u00e5r att f\u00e5 bort liksom samtida tyger som best\u00e4llts i stora kvantiteter eller inte har ett anv\u00e4ndningsomr\u00e5de i Skansens museala verksamhet. Allt material som anv\u00e4nds i produktionen av <em>Recrafted<\/em> fanns sedan tidigare i friluftsmuseets lokaler p\u00e5 Djurg\u00e5rden. Inte heller detaljer som dragkedjor och knappar har beh\u00f6vt k\u00f6pas nytt.<\/p>\n<p><img loading=\"lazy\" decoding=\"async\" class=\"aligncenter size-full wp-image-209663\" src=\"https:\/\/kulturista.se\/test\/wp-content\/uploads\/2020\/11\/skansencollage2.jpg\" alt=\"\" width=\"1334\" height=\"885\" srcset=\"https:\/\/kulturista.se\/test\/wp-content\/uploads\/2020\/11\/skansencollage2.jpg 1334w, https:\/\/kulturista.se\/test\/wp-content\/uploads\/2020\/11\/skansencollage2-1280x849.jpg 1280w, https:\/\/kulturista.se\/test\/wp-content\/uploads\/2020\/11\/skansencollage2-980x650.jpg 980w, https:\/\/kulturista.se\/test\/wp-content\/uploads\/2020\/11\/skansencollage2-480x318.jpg 480w\" sizes=\"(min-width: 0px) and (max-width: 480px) 480px, (min-width: 481px) and (max-width: 980px) 980px, (min-width: 981px) and (max-width: 1280px) 1280px, (min-width: 1281px) 1334px, 100vw\" \/><em>Foto: Skansen<\/em><\/p>\n<p>&#8211; Det k\u00e4nns bra att vi kan forts\u00e4tta utveckla arbetet med att ta till vara och bevara de resurser som redan finns p\u00e5 Skansen. Vi har m\u00e4rkt en stor efterfr\u00e5gan p\u00e5 v\u00e5rt tidigare \u00e5terbrukssortiment och det k\u00e4nns fint att hitta ytterligare ett format f\u00f6r att r\u00e4dda den h\u00e4r biten av historien och ge den nytt liv i en h\u00e5llbar och exklusiv kollektion, s\u00e4ger Anna Bod\u00e9n, enhetschef Skansens butiker och marknader.<\/p>\n<p>Och visst \u00e4r det fint att de vackra tygerna kommer till anv\u00e4ndning? S\u00e5 r\u00e4tt och bra t\u00e4nkt av Skansen att b\u00f6rja recycla och recrafta. Kollektionen Recrafted s\u00e4ljs endast i Skansenbutiken.<\/p>\n<p>Skansen st\u00e4nger den 27\/11 med anledning av restriktionerna kring pandemin. S\u00e5 \u00e4ven Skansenbutiken, men s\u00e5 mycket roligare n\u00e4r de &#8221;Re:open&#8221; igen.<br \/>\n<a href=\"https:\/\/webshop.skansen.se\/\" target=\"_blank\" rel=\"noopener noreferrer\"><em><strong>Skansenbutikens webshop<\/strong> <\/em><\/a>\u00e4r d\u00e4remot \u00f6ppen.<\/p>\n<p><strong><em><a href=\"https:\/\/www.skansen.se\/sv\/\" target=\"_blank\" rel=\"noopener noreferrer\">Skansen<\/a><\/em><\/strong><br \/>\nDjurg\u00e5rdssl\u00e4tten 49-51\u00a0 115 21 Stockholm<br \/>\nTel +46-8-442 80 00 (vxl)<\/p>\n<p>&nbsp;<\/p>\n<p>&nbsp;<\/p>\n<p>&nbsp;<\/p>\n<p>&nbsp;<\/p>\n","protected":false},"excerpt":{"rendered":"<p>Tidigare i h\u00f6stas lanserade Skansenbutiken en texil kollektion i samarbete med Skansens Kl\u00e4dkammare.\u00a0 Recrafted &#8211; en samtida kollektion av kuddfodral tillverkade av vackra textilier och spillbitar fr\u00e5n Skansens Kl\u00e4dkammares f\u00f6rr\u00e5d. Varje f\u00f6rem\u00e5l \u00e4r unikt och tillverkat p\u00e5 Skansen. Recrafted\u00a0 \u00e4r en samtida och samtidigt historierik kollektion med fokus p\u00e5 h\u00e5llbarhet och \u00e5terbruk. M\u00f6nster- och materialkombinationer [&hellip;]<\/p>\n","protected":false},"author":1,"featured_media":0,"comment_status":"open","ping_status":"open","sticky":false,"template":"","format":"standard","meta":{"_acf_changed":false,"_et_pb_use_builder":"","_et_pb_old_content":"","_et_gb_content_width":"","_jetpack_newsletter_access":"","_jetpack_dont_email_post_to_subs":false,"_jetpack_newsletter_tier_id":0,"_jetpack_memberships_contains_paywalled_content":false,"_jetpack_feature_clip_id":0,"_jetpack_memberships_contains_paid_content":false,"footnotes":"","jetpack_post_was_ever_published":false},"categories":[34],"tags":[],"class_list":["post-209655","post","type-post","status-publish","format-standard","hentry","category-konst-hantverk-design"],"acf":[],"jetpack_sharing_enabled":true,"jetpack_featured_media_url":"","_links":{"self":[{"href":"https:\/\/kulturista.se\/test\/wp-json\/wp\/v2\/posts\/209655","targetHints":{"allow":["GET"]}}],"collection":[{"href":"https:\/\/kulturista.se\/test\/wp-json\/wp\/v2\/posts"}],"about":[{"href":"https:\/\/kulturista.se\/test\/wp-json\/wp\/v2\/types\/post"}],"author":[{"embeddable":true,"href":"https:\/\/kulturista.se\/test\/wp-json\/wp\/v2\/users\/1"}],"replies":[{"embeddable":true,"href":"https:\/\/kulturista.se\/test\/wp-json\/wp\/v2\/comments?post=209655"}],"version-history":[{"count":9,"href":"https:\/\/kulturista.se\/test\/wp-json\/wp\/v2\/posts\/209655\/revisions"}],"predecessor-version":[{"id":209777,"href":"https:\/\/kulturista.se\/test\/wp-json\/wp\/v2\/posts\/209655\/revisions\/209777"}],"wp:attachment":[{"href":"https:\/\/kulturista.se\/test\/wp-json\/wp\/v2\/media?parent=209655"}],"wp:term":[{"taxonomy":"category","embeddable":true,"href":"https:\/\/kulturista.se\/test\/wp-json\/wp\/v2\/categories?post=209655"},{"taxonomy":"post_tag","embeddable":true,"href":"https:\/\/kulturista.se\/test\/wp-json\/wp\/v2\/tags?post=209655"}],"curies":[{"name":"wp","href":"https:\/\/api.w.org\/{rel}","templated":true}]}}