{"id":208930,"date":"2020-09-30T19:07:23","date_gmt":"2020-09-30T17:07:23","guid":{"rendered":"https:\/\/kulturista.se\/test\/?p=208930"},"modified":"2025-12-03T13:20:45","modified_gmt":"2025-12-03T12:20:45","slug":"riddarholmen-i-september","status":"publish","type":"post","link":"https:\/\/kulturista.se\/test\/riddarholmen-i-september\/","title":{"rendered":"Riddarholmen i september"},"content":{"rendered":"<p>September i Stockholm blev ju helt fantastiskt v\u00e4derm\u00e4ssigt i \u00e5r. S\u00e5na dagar gillar jag att sn\u00f6ra p\u00e5 mig mina sk\u00f6naste sneakers och bege mig ut p\u00e5 stan. Den h\u00e4r dagen strosade jag runt p\u00e5 Riddarholmen mitt i stan.<br \/>\nFr\u00e5n Evert Taubes Terrass har man en fantastisk utsikt \u00f6ver Riddarfj\u00e4rden med S\u00f6ders h\u00f6jder p\u00e5 ena sidan och Norr M\u00e4larstrand och Stadshuset p\u00e5 andra sidan.<\/p>\n<p><img loading=\"lazy\" decoding=\"async\" class=\"aligncenter size-full wp-image-208931\" src=\"https:\/\/kulturista.se\/test\/wp-content\/uploads\/2020\/10\/riddarholmencollage1.jpg\" alt=\"\" width=\"1334\" height=\"885\" srcset=\"https:\/\/kulturista.se\/test\/wp-content\/uploads\/2020\/10\/riddarholmencollage1.jpg 1334w, https:\/\/kulturista.se\/test\/wp-content\/uploads\/2020\/10\/riddarholmencollage1-1280x849.jpg 1280w, https:\/\/kulturista.se\/test\/wp-content\/uploads\/2020\/10\/riddarholmencollage1-980x650.jpg 980w, https:\/\/kulturista.se\/test\/wp-content\/uploads\/2020\/10\/riddarholmencollage1-480x318.jpg 480w\" sizes=\"(min-width: 0px) and (max-width: 480px) 480px, (min-width: 481px) and (max-width: 980px) 980px, (min-width: 981px) and (max-width: 1280px) 1280px, (min-width: 1281px) 1334px, 100vw\" \/><\/p>\n<p>Riddarholmen \u00e4r en sk\u00f6n, tyst oas, fyllt med vackra hus och vidunderliga vyer. Jag \u00e5terkommer ganska ofta hit, har faktiskt vid ett tillf\u00e4lle gjort en takvandring h\u00e4r, p\u00e5 gamla Riksdagshusets tak. Jag f\u00e5r nog g\u00f6ra ett s\u00e4rskilt inl\u00e4gg om det.<\/p>\n<p><img loading=\"lazy\" decoding=\"async\" class=\"aligncenter size-full wp-image-208932\" src=\"https:\/\/kulturista.se\/test\/wp-content\/uploads\/2020\/10\/riddarholmencollage2.jpg\" alt=\"\" width=\"1334\" height=\"885\" srcset=\"https:\/\/kulturista.se\/test\/wp-content\/uploads\/2020\/10\/riddarholmencollage2.jpg 1334w, https:\/\/kulturista.se\/test\/wp-content\/uploads\/2020\/10\/riddarholmencollage2-1280x849.jpg 1280w, https:\/\/kulturista.se\/test\/wp-content\/uploads\/2020\/10\/riddarholmencollage2-980x650.jpg 980w, https:\/\/kulturista.se\/test\/wp-content\/uploads\/2020\/10\/riddarholmencollage2-480x318.jpg 480w\" sizes=\"(min-width: 0px) and (max-width: 480px) 480px, (min-width: 481px) and (max-width: 980px) 980px, (min-width: 981px) and (max-width: 1280px) 1280px, (min-width: 1281px) 1334px, 100vw\" \/><\/p>\n<p>Den h\u00e4r dagen, en sen eftermiddag d\u00e5 solen stod l\u00e5gt var det extra vackert med Riddarholmskyrkans spira, den fina stenl\u00e4ggningen p\u00e5 Birger Jarls torg och de l\u00e5nga skuggorna.<\/p>\n","protected":false},"excerpt":{"rendered":"<p>September i Stockholm blev ju helt fantastiskt v\u00e4derm\u00e4ssigt i \u00e5r. S\u00e5na dagar gillar jag att sn\u00f6ra p\u00e5 mig mina sk\u00f6naste sneakers och bege mig ut p\u00e5 stan. Den h\u00e4r dagen strosade jag runt p\u00e5 Riddarholmen mitt i stan. Fr\u00e5n Evert Taubes Terrass har man en fantastisk utsikt \u00f6ver Riddarfj\u00e4rden med S\u00f6ders h\u00f6jder p\u00e5 ena sidan [&hellip;]<\/p>\n","protected":false},"author":1,"featured_media":0,"comment_status":"open","ping_status":"open","sticky":false,"template":"","format":"standard","meta":{"_acf_changed":false,"_et_pb_use_builder":"","_et_pb_old_content":"","_et_gb_content_width":"","_jetpack_newsletter_access":"","_jetpack_dont_email_post_to_subs":false,"_jetpack_newsletter_tier_id":0,"_jetpack_memberships_contains_paywalled_content":false,"_jetpack_feature_clip_id":0,"_jetpack_memberships_contains_paid_content":false,"footnotes":"","jetpack_post_was_ever_published":false},"categories":[5],"tags":[],"class_list":["post-208930","post","type-post","status-publish","format-standard","hentry","category-kulturistas-stockholm"],"acf":[],"jetpack_sharing_enabled":true,"jetpack_featured_media_url":"","_links":{"self":[{"href":"https:\/\/kulturista.se\/test\/wp-json\/wp\/v2\/posts\/208930","targetHints":{"allow":["GET"]}}],"collection":[{"href":"https:\/\/kulturista.se\/test\/wp-json\/wp\/v2\/posts"}],"about":[{"href":"https:\/\/kulturista.se\/test\/wp-json\/wp\/v2\/types\/post"}],"author":[{"embeddable":true,"href":"https:\/\/kulturista.se\/test\/wp-json\/wp\/v2\/users\/1"}],"replies":[{"embeddable":true,"href":"https:\/\/kulturista.se\/test\/wp-json\/wp\/v2\/comments?post=208930"}],"version-history":[{"count":7,"href":"https:\/\/kulturista.se\/test\/wp-json\/wp\/v2\/posts\/208930\/revisions"}],"predecessor-version":[{"id":208994,"href":"https:\/\/kulturista.se\/test\/wp-json\/wp\/v2\/posts\/208930\/revisions\/208994"}],"wp:attachment":[{"href":"https:\/\/kulturista.se\/test\/wp-json\/wp\/v2\/media?parent=208930"}],"wp:term":[{"taxonomy":"category","embeddable":true,"href":"https:\/\/kulturista.se\/test\/wp-json\/wp\/v2\/categories?post=208930"},{"taxonomy":"post_tag","embeddable":true,"href":"https:\/\/kulturista.se\/test\/wp-json\/wp\/v2\/tags?post=208930"}],"curies":[{"name":"wp","href":"https:\/\/api.w.org\/{rel}","templated":true}]}}