{"id":5,"count":3,"description":"Kulturistas Stockholm samlar personliga nedslag i staden. Platser, milj\u00f6er, detaljer och \u00f6gonblick som f\u00e5ngat min blick och som tillsammans ber\u00e4ttar n\u00e5got om Stockholm.","link":"https:\/\/kulturista.se\/test\/category\/artiklar\/kulturistas-stockholm\/","name":"Kulturistas Stockholm","slug":"kulturistas-stockholm","taxonomy":"category","parent":71,"meta":[],"acf":[],"_links":{"self":[{"href":"https:\/\/kulturista.se\/test\/wp-json\/wp\/v2\/categories\/5","targetHints":{"allow":["GET"]}}],"collection":[{"href":"https:\/\/kulturista.se\/test\/wp-json\/wp\/v2\/categories"}],"about":[{"href":"https:\/\/kulturista.se\/test\/wp-json\/wp\/v2\/taxonomies\/category"}],"up":[{"embeddable":true,"href":"https:\/\/kulturista.se\/test\/wp-json\/wp\/v2\/categories\/71"}],"wp:post_type":[{"href":"https:\/\/kulturista.se\/test\/wp-json\/wp\/v2\/posts?categories=5"}],"curies":[{"name":"wp","href":"https:\/\/api.w.org\/{rel}","templated":true}]}}